{"id":26661,"date":"2023-04-13T11:33:44","date_gmt":"2023-04-13T11:33:44","guid":{"rendered":"https:\/\/react2020.eu\/2023\/04\/13\/preparandoci-per-react-quanto-ne-sanno-gli-isolani-in-merito-alla-transizione-energetica\/"},"modified":"2023-05-10T07:28:50","modified_gmt":"2023-05-10T07:28:50","slug":"preparandoci-per-react-quanto-ne-sanno-gli-isolani-in-merito-alla-transizione-energetica","status":"publish","type":"post","link":"https:\/\/react2020.eu\/it\/2023\/04\/13\/preparandoci-per-react-quanto-ne-sanno-gli-isolani-in-merito-alla-transizione-energetica\/","title":{"rendered":"Preparandoci per REACT \u2013 Quanto ne sanno gli isolani in merito alla transizione energetica?"},"content":{"rendered":"\n<p><p style=\"font-weight: 400;\">Are REACT\u2019s Pilot Islands\u2019 residents ready for an electricity network that reacts to changes in usage (known as smart grid) and to change their usage to match the supply of electricity (known as demand response)? This question was asked during the REACT project and the full answer can be <a href=\"https:\/\/react2020.eu\/download\/the-transition-to-clean-energy-are-people-living-in-island-communities-ready-for-smart-grids-and-demand-response\/\">found here<\/a> and, among other results, it was found that people on the Pilot Islands simply weren\u2019t very aware of either! This raised another question within the project team: what is the level of awareness of people living on the REACT Follower Islands of Gotland (Sweden), Lesvos (Greece), La R\u00e9union (France) and Mallorca (Spain)? Do people on these islands have higher levels of energy transition tool awareness than was found on the pilots? Finding the answer to this question is important, even vital, for the successful development of the plans to reproduce the REACT solutions on the follower islands.<\/p>&#13;\n<p style=\"font-weight: 400;\">I residenti delle isole pilota di REACT sono pronti per una rete elettrica che reagisce ai cambiamenti nel momento in cui viene utilizzata (la cosiddetta smart grid)? E per adeguarsi in base alla disponibilit\u00e0 di energia elettrica (nota come demand response)? Questa \u00e8 una delle domande che \u00e8 stata posta durante il progetto REACT. La risposta completa pu\u00f2 essere <a href=\"https:\/\/react2020.eu\/download\/the-transition-to-clean-energy-are-people-living-in-island-communities-ready-for-smart-grids-and-demand-response\/\">trovata qui<\/a>. Tra i vari risultati, si \u00e8 scoperto che le persone che vivono sulle isole pilota semplicemente non ne erano consapevoli. Questo ha sollevato un ulteriore quesito all\u2019interno del team di progetto: qual \u00e8 il livello di consapevolezza delle persone che vivono sulle isole di Gotland (Svezia), Lesvos (Grecia), La R\u00e9union (Francia) e Maiorca (Spagna) in merito a questi concetti? In queste isole c\u2019\u00e8 maggiore consapevolezza in merito agli strumenti di transizione energetica rispetto a quella riscontrata nelle isole pilota? identificare la risposta a queste domande \u00e8 importante per uno sviluppo proficuo dei piani di REACT su queste isole \u201cseguaci\u201d.<\/p><\/p>\n\n<p>Per trovare una risposta a questa domanda, una serie di interviste esplorative \u00e8 stata effettuata sulle isole di Gotland, Lesvos e Maiorca, mentre a La R\u00e9union \u00e8 stata condotta un&#8217;indagine pi\u00f9 approfondita. Le risposte sono state raccolte coinvolgendo i residenti delle isole e misurando non solo la loro consapevolezza e comprensione, ma anche il loro atteggiamento nei confronti dei concetti generali sul tema energetico, sia in merito agli strumenti integrati nelle soluzioni identificate dal progetto REACT come pi\u00f9 idonee per la transizione energetica. I risultati hanno rilevato che i residenti di queste isole \u201cseguaci\u201d sentivano di avere familiarit\u00e0 con concetti come il risparmio energetico e la gestione e lo stoccaggio di energia. Tuttavia, questa familiarit\u00e0 \u00e8 diminuita quando \u00e8 stato chiesto loro quanto ne sapessero di strumenti specifici per la transizione energetica, come ad esempio la demand response e le comunit\u00e0 energetiche rinnovabili (azioni di tipo collettivo promosse da singoli cittadini, autorit\u00e0 locali e piccole imprese per intervenire nella produzione, gestione ed uso dei vettori energetici e generare una serie di benefici per gli utilizzatori, membri della comunit\u00e0). Dalle risposte \u00e8 emerso che meno di un terzo di coloro che hanno preso parte alle interviste e al sondaggio conosceva uno di questi strumenti di transizione. Pur essendo in linea con i risultati delle isole pilota, questo riscontro potrebbe generare un po&#8217; di preoccupazione.<\/p>\n<div class=\"wp-block-image\">\n<figure class=\"aligncenter size-full\"><img fetchpriority=\"high\" decoding=\"async\" width=\"636\" height=\"416\" src=\"https:\/\/react2020.eu\/wp-content\/uploads\/sites\/5\/2023\/03\/image.png\" alt=\"\" class=\"wp-image-26619\" srcset=\"https:\/\/react2020.eu\/wp-content\/uploads\/sites\/5\/2023\/03\/image.png 636w, https:\/\/react2020.eu\/wp-content\/uploads\/sites\/5\/2023\/03\/image-300x196.png 300w\" sizes=\"(max-width: 636px) 100vw, 636px\" \/><figcaption class=\"wp-element-caption\">La figura mostra un confronto tra la consapevolezza in merito al concetto di Risparmio energetico rispetto a quello di Demand Response.<\/figcaption><\/figure><\/div>\n<p>Un\u2019altra domanda \u00e8 stata: se la consapevolezza non fosse stata elevata per questi strumenti, in che modo ci\u00f2 avrebbe influito sull&#8217;atteggiamento delle persone nei loro confronti? Qui i risultati sono stati diversi a seconda dell&#8217;isola. Sull&#8217;isola di Gotland, dove la conoscenza del concetto di comunit\u00e0 energetica rinnovabile \u00e8 piuttosto elevata, la maggior parte delle persone non si \u00e8 dimostrata particolarmente interessata a farne parte in futuro. Sulle altre tre isole invece, dove la consapevolezza iniziale era minore rispetto a quella rilevata a Gotland, \u00e8 stato utile notare che pi\u00f9 della met\u00e0 degli intervistati ha dichiarato che avrebbe preso in considerazione l&#8217;idea di farne parte un giorno. La disponibilit\u00e0 ad utilizzare un sistema di demand response dipende, invece, a seconda dell&#8217;isola, ma su tutte le isole la maggioranza dei partecipanti ha dichiarato che avrebbe considerato l&#8217;utilizzo di una soluzione di demand response, nonostante la maggior parte non ne fosse a conoscenza prima dell&#8217;intervista o del sondaggio di REACT.<\/p>\n<div class=\"wp-block-image\">\n<figure class=\"aligncenter size-full\"><img decoding=\"async\" width=\"780\" height=\"468\" src=\"https:\/\/react2020.eu\/wp-content\/uploads\/sites\/5\/2023\/03\/image-1.png\" alt=\"\" class=\"wp-image-26623\" srcset=\"https:\/\/react2020.eu\/wp-content\/uploads\/sites\/5\/2023\/03\/image-1.png 780w, https:\/\/react2020.eu\/wp-content\/uploads\/sites\/5\/2023\/03\/image-1-300x180.png 300w, https:\/\/react2020.eu\/wp-content\/uploads\/sites\/5\/2023\/03\/image-1-768x461.png 768w\" sizes=\"(max-width: 780px) 100vw, 780px\" \/><figcaption class=\"wp-element-caption\">La figura mostra quante persone (in %) \u2013 sul totale di chi ha partecipato alle interviste e al sondaggio &#8211; sarebbero disponibili ad usare un software di demand response.<\/figcaption><\/figure><\/div>\n<p>Un ulteriore aspetto emerso dalle interviste e dal sondaggio: una domanda ha cercato di valutare come gli isolani prevedono la gestione energetica della loro isola nei prossimi 10 anni. Su questa domanda i partecipanti hanno avuto la possibilit\u00e0 di descrivere come pensavano che sarebbe stata la loro isola, usando le loro stesse parole. Nonostante una serie di opinioni pessimiste, la maggior parte ha dato un riscontro positivo in merito al futuro energetico della loro isola.<\/p>\n<div class=\"wp-block-image\">\n<figure class=\"aligncenter size-full\"><img decoding=\"async\" width=\"722\" height=\"492\" src=\"https:\/\/react2020.eu\/wp-content\/uploads\/sites\/5\/2023\/03\/image-2.png\" alt=\"\" class=\"wp-image-26627\" srcset=\"https:\/\/react2020.eu\/wp-content\/uploads\/sites\/5\/2023\/03\/image-2.png 722w, https:\/\/react2020.eu\/wp-content\/uploads\/sites\/5\/2023\/03\/image-2-300x204.png 300w\" sizes=\"(max-width: 722px) 100vw, 722px\" \/><figcaption class=\"wp-element-caption\">La figura mostra l\u2019opinione degli isolani in merito alla gestione energetica della loro isola in futuro. <\/figcaption><\/figure><\/div>\n<p>Nel complesso, i risultati delle interviste e del sondaggio nelle isole seguaci hanno fornito motivi di preoccupazione ma anche di ottimismo in merito a come le soluzioni REACT potrebbero essere accettate. Come \u00e8 stato riscontrato sulle isole pilota (ndr, isole Aran, La Graciosa e Carloforte \/ isola di San Pietro), la mancanza di una piena consapevolezza di alcune delle caratteristiche chiave delle soluzioni adottabili dovr\u00e0 essere affrontata una volta che i piani per adattarle e replicarli nelle isole follower saranno sviluppati. Il riscontro sembra mostrare anche il valore e il bisogno di una maggiore consapevolezza: una volta che gli isolani hanno capito il concetto di demand response e di comunit\u00e0 energetiche rinnovabili, la maggioranza ha espresso l\u2019intenzione di provarci. Questo indica una chiara necessit\u00e0 di diffondere le informazioni nei piani sviluppati all\u2019interno del progetto REACT.<\/p>\n\n<p>Grazie all\u2019uso di queste informazioni sulle isole seguaci, i piani per adattare e riprodurre le soluzioni di REACT possono far s\u00ec che lo stesso progetto entri a far parte del futuro energetico positivo di queste isole.<\/p>\n\n<p>I risultati completi delle interviste e del sondaggio sulle isole seguaci di REACT saranno pubblicati a breve. Tieniti aggiornato accedendo all\u2019area Pubblicazioni e Risultati di REACT.<\/p>\n","protected":false},"excerpt":{"rendered":"<p>Are REACT\u2019s Pilot Islands\u2019 residents ready for an electricity network that reacts to changes in usage (known as smart grid) and to change their usage to match the supply of electricity (known as demand response)? This question was asked during the REACT project and the full answer can be found here and, among other results, &#8230; <a title=\"Preparandoci per REACT \u2013 Quanto ne sanno gli isolani in merito alla transizione energetica?\" class=\"read-more\" href=\"https:\/\/react2020.eu\/it\/2023\/04\/13\/preparandoci-per-react-quanto-ne-sanno-gli-isolani-in-merito-alla-transizione-energetica\/\" aria-label=\"Per saperne di pi\u00f9 su Preparandoci per REACT \u2013 Quanto ne sanno gli isolani in merito alla transizione energetica?\">Leggi tutto<\/a><\/p>\n","protected":false},"author":4,"featured_media":26625,"comment_status":"closed","ping_status":"closed","sticky":false,"template":"","format":"standard","meta":{"inline_featured_image":false,"footnotes":""},"categories":[167],"tags":[],"class_list":["post-26661","post","type-post","status-publish","format-standard","has-post-thumbnail","hentry","category-non-categorizzato"],"yoast_head":"<!-- This site is optimized with the Yoast SEO plugin v27.4 - https:\/\/yoast.com\/product\/yoast-seo-wordpress\/ -->\n<title>Preparandoci per REACT \u2013 Quanto ne sanno gli isolani in merito alla transizione energetica? - REACT 2020<\/title>\n<meta name=\"robots\" content=\"index, follow, max-snippet:-1, max-image-preview:large, max-video-preview:-1\" \/>\n<link rel=\"canonical\" href=\"https:\/\/react2020.eu\/it\/2023\/04\/13\/preparandoci-per-react-quanto-ne-sanno-gli-isolani-in-merito-alla-transizione-energetica\/\" \/>\n<meta property=\"og:locale\" content=\"it_IT\" \/>\n<meta property=\"og:type\" content=\"article\" \/>\n<meta property=\"og:title\" content=\"Preparandoci per REACT \u2013 Quanto ne sanno gli isolani in merito alla transizione energetica? - REACT 2020\" \/>\n<meta property=\"og:description\" content=\"Are REACT\u2019s Pilot Islands\u2019 residents ready for an electricity network that reacts to changes in usage (known as smart grid) and to change their usage to match the supply of electricity (known as demand response)? This question was asked during the REACT project and the full answer can be found here and, among other results, ... Leggi tutto\" \/>\n<meta property=\"og:url\" content=\"https:\/\/react2020.eu\/it\/2023\/04\/13\/preparandoci-per-react-quanto-ne-sanno-gli-isolani-in-merito-alla-transizione-energetica\/\" \/>\n<meta property=\"og:site_name\" content=\"REACT 2020\" \/>\n<meta property=\"article:published_time\" content=\"2023-04-13T11:33:44+00:00\" \/>\n<meta property=\"article:modified_time\" content=\"2023-05-10T07:28:50+00:00\" \/>\n<meta property=\"og:image\" content=\"https:\/\/react2020.eu\/wp-content\/uploads\/sites\/5\/2023\/03\/image-1.png\" \/>\n\t<meta property=\"og:image:width\" content=\"780\" \/>\n\t<meta property=\"og:image:height\" content=\"468\" \/>\n\t<meta property=\"og:image:type\" content=\"image\/png\" \/>\n<meta name=\"author\" content=\"faustosainz\" \/>\n<meta name=\"twitter:card\" content=\"summary_large_image\" \/>\n<meta name=\"twitter:label1\" content=\"Scritto da\" \/>\n\t<meta name=\"twitter:data1\" content=\"faustosainz\" \/>\n\t<meta name=\"twitter:label2\" content=\"Tempo di lettura stimato\" \/>\n\t<meta name=\"twitter:data2\" content=\"5 minuti\" \/>\n<script type=\"application\/ld+json\" class=\"yoast-schema-graph\">{\"@context\":\"https:\\\/\\\/schema.org\",\"@graph\":[{\"@type\":\"Article\",\"@id\":\"https:\\\/\\\/react2020.eu\\\/it\\\/2023\\\/04\\\/13\\\/preparandoci-per-react-quanto-ne-sanno-gli-isolani-in-merito-alla-transizione-energetica\\\/#article\",\"isPartOf\":{\"@id\":\"https:\\\/\\\/react2020.eu\\\/it\\\/2023\\\/04\\\/13\\\/preparandoci-per-react-quanto-ne-sanno-gli-isolani-in-merito-alla-transizione-energetica\\\/\"},\"author\":{\"name\":\"faustosainz\",\"@id\":\"https:\\\/\\\/react2020.eu\\\/#\\\/schema\\\/person\\\/681223bb11ce95d8e3192772e810e453\"},\"headline\":\"Preparandoci per REACT \u2013 Quanto ne sanno gli isolani in merito alla transizione energetica?\",\"datePublished\":\"2023-04-13T11:33:44+00:00\",\"dateModified\":\"2023-05-10T07:28:50+00:00\",\"mainEntityOfPage\":{\"@id\":\"https:\\\/\\\/react2020.eu\\\/it\\\/2023\\\/04\\\/13\\\/preparandoci-per-react-quanto-ne-sanno-gli-isolani-in-merito-alla-transizione-energetica\\\/\"},\"wordCount\":1040,\"publisher\":{\"@id\":\"https:\\\/\\\/react2020.eu\\\/#organization\"},\"image\":{\"@id\":\"https:\\\/\\\/react2020.eu\\\/it\\\/2023\\\/04\\\/13\\\/preparandoci-per-react-quanto-ne-sanno-gli-isolani-in-merito-alla-transizione-energetica\\\/#primaryimage\"},\"thumbnailUrl\":\"https:\\\/\\\/react2020.eu\\\/wp-content\\\/uploads\\\/sites\\\/5\\\/2023\\\/03\\\/image-1.png\",\"articleSection\":[\"Non categorizzato\"],\"inLanguage\":\"it-IT\"},{\"@type\":\"WebPage\",\"@id\":\"https:\\\/\\\/react2020.eu\\\/it\\\/2023\\\/04\\\/13\\\/preparandoci-per-react-quanto-ne-sanno-gli-isolani-in-merito-alla-transizione-energetica\\\/\",\"url\":\"https:\\\/\\\/react2020.eu\\\/it\\\/2023\\\/04\\\/13\\\/preparandoci-per-react-quanto-ne-sanno-gli-isolani-in-merito-alla-transizione-energetica\\\/\",\"name\":\"Preparandoci per REACT \u2013 Quanto ne sanno gli isolani in merito alla transizione energetica? - REACT 2020\",\"isPartOf\":{\"@id\":\"https:\\\/\\\/react2020.eu\\\/#website\"},\"primaryImageOfPage\":{\"@id\":\"https:\\\/\\\/react2020.eu\\\/it\\\/2023\\\/04\\\/13\\\/preparandoci-per-react-quanto-ne-sanno-gli-isolani-in-merito-alla-transizione-energetica\\\/#primaryimage\"},\"image\":{\"@id\":\"https:\\\/\\\/react2020.eu\\\/it\\\/2023\\\/04\\\/13\\\/preparandoci-per-react-quanto-ne-sanno-gli-isolani-in-merito-alla-transizione-energetica\\\/#primaryimage\"},\"thumbnailUrl\":\"https:\\\/\\\/react2020.eu\\\/wp-content\\\/uploads\\\/sites\\\/5\\\/2023\\\/03\\\/image-1.png\",\"datePublished\":\"2023-04-13T11:33:44+00:00\",\"dateModified\":\"2023-05-10T07:28:50+00:00\",\"breadcrumb\":{\"@id\":\"https:\\\/\\\/react2020.eu\\\/it\\\/2023\\\/04\\\/13\\\/preparandoci-per-react-quanto-ne-sanno-gli-isolani-in-merito-alla-transizione-energetica\\\/#breadcrumb\"},\"inLanguage\":\"it-IT\",\"potentialAction\":[{\"@type\":\"ReadAction\",\"target\":[\"https:\\\/\\\/react2020.eu\\\/it\\\/2023\\\/04\\\/13\\\/preparandoci-per-react-quanto-ne-sanno-gli-isolani-in-merito-alla-transizione-energetica\\\/\"]}]},{\"@type\":\"ImageObject\",\"inLanguage\":\"it-IT\",\"@id\":\"https:\\\/\\\/react2020.eu\\\/it\\\/2023\\\/04\\\/13\\\/preparandoci-per-react-quanto-ne-sanno-gli-isolani-in-merito-alla-transizione-energetica\\\/#primaryimage\",\"url\":\"https:\\\/\\\/react2020.eu\\\/wp-content\\\/uploads\\\/sites\\\/5\\\/2023\\\/03\\\/image-1.png\",\"contentUrl\":\"https:\\\/\\\/react2020.eu\\\/wp-content\\\/uploads\\\/sites\\\/5\\\/2023\\\/03\\\/image-1.png\",\"width\":780,\"height\":468},{\"@type\":\"BreadcrumbList\",\"@id\":\"https:\\\/\\\/react2020.eu\\\/it\\\/2023\\\/04\\\/13\\\/preparandoci-per-react-quanto-ne-sanno-gli-isolani-in-merito-alla-transizione-energetica\\\/#breadcrumb\",\"itemListElement\":[{\"@type\":\"ListItem\",\"position\":1,\"name\":\"Portada\",\"item\":\"https:\\\/\\\/react2020.eu\\\/\"},{\"@type\":\"ListItem\",\"position\":2,\"name\":\"Preparandoci per REACT \u2013 Quanto ne sanno gli isolani in merito alla transizione energetica?\"}]},{\"@type\":\"WebSite\",\"@id\":\"https:\\\/\\\/react2020.eu\\\/#website\",\"url\":\"https:\\\/\\\/react2020.eu\\\/\",\"name\":\"REACT 2020\",\"description\":\"REACT 2020 \u2013 Renewable Energy for Self-Sustainable Island Communties\",\"publisher\":{\"@id\":\"https:\\\/\\\/react2020.eu\\\/#organization\"},\"potentialAction\":[{\"@type\":\"SearchAction\",\"target\":{\"@type\":\"EntryPoint\",\"urlTemplate\":\"https:\\\/\\\/react2020.eu\\\/?s={search_term_string}\"},\"query-input\":{\"@type\":\"PropertyValueSpecification\",\"valueRequired\":true,\"valueName\":\"search_term_string\"}}],\"inLanguage\":\"it-IT\"},{\"@type\":\"Organization\",\"@id\":\"https:\\\/\\\/react2020.eu\\\/#organization\",\"name\":\"REACT 2020\",\"url\":\"https:\\\/\\\/react2020.eu\\\/\",\"logo\":{\"@type\":\"ImageObject\",\"inLanguage\":\"it-IT\",\"@id\":\"https:\\\/\\\/react2020.eu\\\/#\\\/schema\\\/logo\\\/image\\\/\",\"url\":\"https:\\\/\\\/react2020.eu\\\/wp-content\\\/uploads\\\/sites\\\/5\\\/2019\\\/07\\\/1.-REACT_Logo-horizontal_Color_RGB_2.png\",\"contentUrl\":\"https:\\\/\\\/react2020.eu\\\/wp-content\\\/uploads\\\/sites\\\/5\\\/2019\\\/07\\\/1.-REACT_Logo-horizontal_Color_RGB_2.png\",\"width\":1643,\"height\":419,\"caption\":\"REACT 2020\"},\"image\":{\"@id\":\"https:\\\/\\\/react2020.eu\\\/#\\\/schema\\\/logo\\\/image\\\/\"}},{\"@type\":\"Person\",\"@id\":\"https:\\\/\\\/react2020.eu\\\/#\\\/schema\\\/person\\\/681223bb11ce95d8e3192772e810e453\",\"name\":\"faustosainz\",\"image\":{\"@type\":\"ImageObject\",\"inLanguage\":\"it-IT\",\"@id\":\"https:\\\/\\\/secure.gravatar.com\\\/avatar\\\/f228e3d248b75040cfb046462552a8a7f74cabbdb83cd079bcc93fd43607e6c1?s=96&d=mm&r=g\",\"url\":\"https:\\\/\\\/secure.gravatar.com\\\/avatar\\\/f228e3d248b75040cfb046462552a8a7f74cabbdb83cd079bcc93fd43607e6c1?s=96&d=mm&r=g\",\"contentUrl\":\"https:\\\/\\\/secure.gravatar.com\\\/avatar\\\/f228e3d248b75040cfb046462552a8a7f74cabbdb83cd079bcc93fd43607e6c1?s=96&d=mm&r=g\",\"caption\":\"faustosainz\"},\"url\":\"https:\\\/\\\/react2020.eu\\\/it\\\/author\\\/faustosainz\\\/\"}]}<\/script>\n<!-- \/ Yoast SEO plugin. -->","yoast_head_json":{"title":"Preparandoci per REACT \u2013 Quanto ne sanno gli isolani in merito alla transizione energetica? - REACT 2020","robots":{"index":"index","follow":"follow","max-snippet":"max-snippet:-1","max-image-preview":"max-image-preview:large","max-video-preview":"max-video-preview:-1"},"canonical":"https:\/\/react2020.eu\/it\/2023\/04\/13\/preparandoci-per-react-quanto-ne-sanno-gli-isolani-in-merito-alla-transizione-energetica\/","og_locale":"it_IT","og_type":"article","og_title":"Preparandoci per REACT \u2013 Quanto ne sanno gli isolani in merito alla transizione energetica? - REACT 2020","og_description":"Are REACT\u2019s Pilot Islands\u2019 residents ready for an electricity network that reacts to changes in usage (known as smart grid) and to change their usage to match the supply of electricity (known as demand response)? This question was asked during the REACT project and the full answer can be found here and, among other results, ... Leggi tutto","og_url":"https:\/\/react2020.eu\/it\/2023\/04\/13\/preparandoci-per-react-quanto-ne-sanno-gli-isolani-in-merito-alla-transizione-energetica\/","og_site_name":"REACT 2020","article_published_time":"2023-04-13T11:33:44+00:00","article_modified_time":"2023-05-10T07:28:50+00:00","og_image":[{"width":780,"height":468,"url":"https:\/\/react2020.eu\/wp-content\/uploads\/sites\/5\/2023\/03\/image-1.png","type":"image\/png"}],"author":"faustosainz","twitter_card":"summary_large_image","twitter_misc":{"Scritto da":"faustosainz","Tempo di lettura stimato":"5 minuti"},"schema":{"@context":"https:\/\/schema.org","@graph":[{"@type":"Article","@id":"https:\/\/react2020.eu\/it\/2023\/04\/13\/preparandoci-per-react-quanto-ne-sanno-gli-isolani-in-merito-alla-transizione-energetica\/#article","isPartOf":{"@id":"https:\/\/react2020.eu\/it\/2023\/04\/13\/preparandoci-per-react-quanto-ne-sanno-gli-isolani-in-merito-alla-transizione-energetica\/"},"author":{"name":"faustosainz","@id":"https:\/\/react2020.eu\/#\/schema\/person\/681223bb11ce95d8e3192772e810e453"},"headline":"Preparandoci per REACT \u2013 Quanto ne sanno gli isolani in merito alla transizione energetica?","datePublished":"2023-04-13T11:33:44+00:00","dateModified":"2023-05-10T07:28:50+00:00","mainEntityOfPage":{"@id":"https:\/\/react2020.eu\/it\/2023\/04\/13\/preparandoci-per-react-quanto-ne-sanno-gli-isolani-in-merito-alla-transizione-energetica\/"},"wordCount":1040,"publisher":{"@id":"https:\/\/react2020.eu\/#organization"},"image":{"@id":"https:\/\/react2020.eu\/it\/2023\/04\/13\/preparandoci-per-react-quanto-ne-sanno-gli-isolani-in-merito-alla-transizione-energetica\/#primaryimage"},"thumbnailUrl":"https:\/\/react2020.eu\/wp-content\/uploads\/sites\/5\/2023\/03\/image-1.png","articleSection":["Non categorizzato"],"inLanguage":"it-IT"},{"@type":"WebPage","@id":"https:\/\/react2020.eu\/it\/2023\/04\/13\/preparandoci-per-react-quanto-ne-sanno-gli-isolani-in-merito-alla-transizione-energetica\/","url":"https:\/\/react2020.eu\/it\/2023\/04\/13\/preparandoci-per-react-quanto-ne-sanno-gli-isolani-in-merito-alla-transizione-energetica\/","name":"Preparandoci per REACT \u2013 Quanto ne sanno gli isolani in merito alla transizione energetica? - REACT 2020","isPartOf":{"@id":"https:\/\/react2020.eu\/#website"},"primaryImageOfPage":{"@id":"https:\/\/react2020.eu\/it\/2023\/04\/13\/preparandoci-per-react-quanto-ne-sanno-gli-isolani-in-merito-alla-transizione-energetica\/#primaryimage"},"image":{"@id":"https:\/\/react2020.eu\/it\/2023\/04\/13\/preparandoci-per-react-quanto-ne-sanno-gli-isolani-in-merito-alla-transizione-energetica\/#primaryimage"},"thumbnailUrl":"https:\/\/react2020.eu\/wp-content\/uploads\/sites\/5\/2023\/03\/image-1.png","datePublished":"2023-04-13T11:33:44+00:00","dateModified":"2023-05-10T07:28:50+00:00","breadcrumb":{"@id":"https:\/\/react2020.eu\/it\/2023\/04\/13\/preparandoci-per-react-quanto-ne-sanno-gli-isolani-in-merito-alla-transizione-energetica\/#breadcrumb"},"inLanguage":"it-IT","potentialAction":[{"@type":"ReadAction","target":["https:\/\/react2020.eu\/it\/2023\/04\/13\/preparandoci-per-react-quanto-ne-sanno-gli-isolani-in-merito-alla-transizione-energetica\/"]}]},{"@type":"ImageObject","inLanguage":"it-IT","@id":"https:\/\/react2020.eu\/it\/2023\/04\/13\/preparandoci-per-react-quanto-ne-sanno-gli-isolani-in-merito-alla-transizione-energetica\/#primaryimage","url":"https:\/\/react2020.eu\/wp-content\/uploads\/sites\/5\/2023\/03\/image-1.png","contentUrl":"https:\/\/react2020.eu\/wp-content\/uploads\/sites\/5\/2023\/03\/image-1.png","width":780,"height":468},{"@type":"BreadcrumbList","@id":"https:\/\/react2020.eu\/it\/2023\/04\/13\/preparandoci-per-react-quanto-ne-sanno-gli-isolani-in-merito-alla-transizione-energetica\/#breadcrumb","itemListElement":[{"@type":"ListItem","position":1,"name":"Portada","item":"https:\/\/react2020.eu\/"},{"@type":"ListItem","position":2,"name":"Preparandoci per REACT \u2013 Quanto ne sanno gli isolani in merito alla transizione energetica?"}]},{"@type":"WebSite","@id":"https:\/\/react2020.eu\/#website","url":"https:\/\/react2020.eu\/","name":"REACT 2020","description":"REACT 2020 \u2013 Renewable Energy for Self-Sustainable Island Communties","publisher":{"@id":"https:\/\/react2020.eu\/#organization"},"potentialAction":[{"@type":"SearchAction","target":{"@type":"EntryPoint","urlTemplate":"https:\/\/react2020.eu\/?s={search_term_string}"},"query-input":{"@type":"PropertyValueSpecification","valueRequired":true,"valueName":"search_term_string"}}],"inLanguage":"it-IT"},{"@type":"Organization","@id":"https:\/\/react2020.eu\/#organization","name":"REACT 2020","url":"https:\/\/react2020.eu\/","logo":{"@type":"ImageObject","inLanguage":"it-IT","@id":"https:\/\/react2020.eu\/#\/schema\/logo\/image\/","url":"https:\/\/react2020.eu\/wp-content\/uploads\/sites\/5\/2019\/07\/1.-REACT_Logo-horizontal_Color_RGB_2.png","contentUrl":"https:\/\/react2020.eu\/wp-content\/uploads\/sites\/5\/2019\/07\/1.-REACT_Logo-horizontal_Color_RGB_2.png","width":1643,"height":419,"caption":"REACT 2020"},"image":{"@id":"https:\/\/react2020.eu\/#\/schema\/logo\/image\/"}},{"@type":"Person","@id":"https:\/\/react2020.eu\/#\/schema\/person\/681223bb11ce95d8e3192772e810e453","name":"faustosainz","image":{"@type":"ImageObject","inLanguage":"it-IT","@id":"https:\/\/secure.gravatar.com\/avatar\/f228e3d248b75040cfb046462552a8a7f74cabbdb83cd079bcc93fd43607e6c1?s=96&d=mm&r=g","url":"https:\/\/secure.gravatar.com\/avatar\/f228e3d248b75040cfb046462552a8a7f74cabbdb83cd079bcc93fd43607e6c1?s=96&d=mm&r=g","contentUrl":"https:\/\/secure.gravatar.com\/avatar\/f228e3d248b75040cfb046462552a8a7f74cabbdb83cd079bcc93fd43607e6c1?s=96&d=mm&r=g","caption":"faustosainz"},"url":"https:\/\/react2020.eu\/it\/author\/faustosainz\/"}]}},"_links":{"self":[{"href":"https:\/\/react2020.eu\/it\/wp-json\/wp\/v2\/posts\/26661","targetHints":{"allow":["GET"]}}],"collection":[{"href":"https:\/\/react2020.eu\/it\/wp-json\/wp\/v2\/posts"}],"about":[{"href":"https:\/\/react2020.eu\/it\/wp-json\/wp\/v2\/types\/post"}],"author":[{"embeddable":true,"href":"https:\/\/react2020.eu\/it\/wp-json\/wp\/v2\/users\/4"}],"replies":[{"embeddable":true,"href":"https:\/\/react2020.eu\/it\/wp-json\/wp\/v2\/comments?post=26661"}],"version-history":[{"count":0,"href":"https:\/\/react2020.eu\/it\/wp-json\/wp\/v2\/posts\/26661\/revisions"}],"wp:featuredmedia":[{"embeddable":true,"href":"https:\/\/react2020.eu\/it\/wp-json\/wp\/v2\/media\/26625"}],"wp:attachment":[{"href":"https:\/\/react2020.eu\/it\/wp-json\/wp\/v2\/media?parent=26661"}],"wp:term":[{"taxonomy":"category","embeddable":true,"href":"https:\/\/react2020.eu\/it\/wp-json\/wp\/v2\/categories?post=26661"},{"taxonomy":"post_tag","embeddable":true,"href":"https:\/\/react2020.eu\/it\/wp-json\/wp\/v2\/tags?post=26661"}],"curies":[{"name":"wp","href":"https:\/\/api.w.org\/{rel}","templated":true}]}}