{"id":26611,"date":"2023-02-16T21:06:19","date_gmt":"2023-02-16T21:06:19","guid":{"rendered":"https:\/\/react2020.eu\/2023\/02\/16\/react-visita-il-brasile\/"},"modified":"2023-02-16T21:15:33","modified_gmt":"2023-02-16T21:15:33","slug":"react-visita-il-brasile","status":"publish","type":"post","link":"https:\/\/react2020.eu\/it\/2023\/02\/16\/react-visita-il-brasile\/","title":{"rendered":"REACT visita il Brasile"},"content":{"rendered":"\n<p><div>&#013;\n&#013;\n<span lang=\"IT\">Lo scorso anno, il progetto REACT \u00e8 stato promosso in Brasile, grazie ad un workshop tenutosi all<a href=\"https:\/\/www.tuiuti.edu.br\/\">\u2019Universidade Tuiuti<\/a> do Paran\u00e1 (Curitiba) venerd\u00ec 2 Settembre. Una partnership tra il Professor Luiz Correa della Scuola di Computer Science (Universidade Tuiuti) e Dayanne Peretti, una dottoranda presso il dipartimento di Ingegneria dell\u2019<a href=\"https:\/\/www.universityofgalway.ie\/\">Universit\u00e0 di Galway<\/a>, ha permesso di organizzare un workshop dedicato agli studenti del corso di tecnologia informativa, con l\u2019obiettivo di mostrare la ricerca applicata grazie al progetto REACT in relazione ai campi di studio di ingegneria elettrica e tecnologia informatica.<\/span>&#013;\n&#013;\n<\/div><\/p>\n\n<figure class=\"wp-block-gallery has-nested-images columns-default is-cropped wp-block-gallery-1 is-layout-flex wp-block-gallery-is-layout-flex\">\n<figure class=\"wp-block-image size-large\"><img fetchpriority=\"high\" decoding=\"async\" width=\"1024\" height=\"485\" data-id=\"26592\" src=\"https:\/\/react2020.eu\/wp-content\/uploads\/sites\/5\/2023\/02\/PHOTO-2022-09-03-03-02-30-1-1024x485.jpg\" alt=\"\" class=\"wp-image-26592\" srcset=\"https:\/\/react2020.eu\/wp-content\/uploads\/sites\/5\/2023\/02\/PHOTO-2022-09-03-03-02-30-1-1024x485.jpg 1024w, https:\/\/react2020.eu\/wp-content\/uploads\/sites\/5\/2023\/02\/PHOTO-2022-09-03-03-02-30-1-300x142.jpg 300w, https:\/\/react2020.eu\/wp-content\/uploads\/sites\/5\/2023\/02\/PHOTO-2022-09-03-03-02-30-1-768x364.jpg 768w, https:\/\/react2020.eu\/wp-content\/uploads\/sites\/5\/2023\/02\/PHOTO-2022-09-03-03-02-30-1-1536x728.jpg 1536w, https:\/\/react2020.eu\/wp-content\/uploads\/sites\/5\/2023\/02\/PHOTO-2022-09-03-03-02-30-1.jpg 1599w\" sizes=\"(max-width: 1024px) 100vw, 1024px\" \/><\/figure><\/figure>\n\n<p><div>&#013;\n&#013;\n<span lang=\"IT\">Il focus del workshop \u00e8 stato la presentazione delle attivit\u00e0 sul pilota nelle <a href=\"https:\/\/react2020.eu\/it\/isole-pilota\/\">isole Aran<\/a> e la capacit\u00e0 di applicare schemi di demand response (risposta alla domanda) e di flessibilit\u00e0 in ambito elettrico per il settore residenziale. Dal coinvolgimento della comunit\u00e0 ai casi di ottimizzazioni (dei consumi energetici) e di demand response pianificati per edifici residenziali, l\u2019obiettivo \u00e8 stato mostrare agli studenti tutti gli aspetti che possono influenzare un progetto in questo ambito, nonch\u00e9 ci\u00f2 che \u00e8 necessario per le fasi di monitoraggio e verifica di ogni misura di efficienza energetica. <\/span>&#013;\n&#013;\n<\/div><\/p>\n\n<figure class=\"wp-block-gallery has-nested-images columns-default is-cropped wp-block-gallery-2 is-layout-flex wp-block-gallery-is-layout-flex\">\n<figure class=\"wp-block-image size-large\"><img decoding=\"async\" width=\"1024\" height=\"578\" data-id=\"26596\" src=\"https:\/\/react2020.eu\/wp-content\/uploads\/sites\/5\/2023\/02\/Screenshot-2023-02-16-at-10.49.47-1024x578.png\" alt=\"\" class=\"wp-image-26596\" srcset=\"https:\/\/react2020.eu\/wp-content\/uploads\/sites\/5\/2023\/02\/Screenshot-2023-02-16-at-10.49.47-1024x578.png 1024w, https:\/\/react2020.eu\/wp-content\/uploads\/sites\/5\/2023\/02\/Screenshot-2023-02-16-at-10.49.47-300x169.png 300w, https:\/\/react2020.eu\/wp-content\/uploads\/sites\/5\/2023\/02\/Screenshot-2023-02-16-at-10.49.47-768x434.png 768w, https:\/\/react2020.eu\/wp-content\/uploads\/sites\/5\/2023\/02\/Screenshot-2023-02-16-at-10.49.47-1536x868.png 1536w, https:\/\/react2020.eu\/wp-content\/uploads\/sites\/5\/2023\/02\/Screenshot-2023-02-16-at-10.49.47-2048x1157.png 2048w, https:\/\/react2020.eu\/wp-content\/uploads\/sites\/5\/2023\/02\/Screenshot-2023-02-16-at-10.49.47-1600x904.png 1600w\" sizes=\"(max-width: 1024px) 100vw, 1024px\" \/><\/figure><\/figure>\n\n<p>Gli studenti si sono dimostrati interessati in merito a come applicare la loro conoscenza teoretica di ICT in altre discipline, come ad esempio l\u2019ingegneria elettrica. Diverse sono state le domande in merito ai risultati raggiunti finora e a quali fossero state le sfide in questo sito pilota, compresi gli scambi in merito all\u2019applicazione dell\u2019intelligenza artificiale in ambito residenziale, temi di privacy dei dati (GDPR) e cyber sicurezza.<\/p>\n\n<p>Dopo questa bella esperienza di condivisione della conoscenza, il team NUIG, insieme agli altri partner del consorzio, non vede l\u2019ora di avere nuove occasioni di visibilit\u00e0 e disseminazione del progetto REACT nei prossimi mesi.<\/p>\n","protected":false},"excerpt":{"rendered":"<p>&#013; &#013; Lo scorso anno, il progetto REACT \u00e8 stato promosso in Brasile, grazie ad un workshop tenutosi all\u2019Universidade Tuiuti do Paran\u00e1 (Curitiba) venerd\u00ec 2 Settembre. Una partnership tra il Professor Luiz Correa della Scuola di Computer Science (Universidade Tuiuti) e Dayanne Peretti, una dottoranda presso il dipartimento di Ingegneria dell\u2019Universit\u00e0 di Galway, ha permesso &#8230; <a title=\"REACT visita il Brasile\" class=\"read-more\" href=\"https:\/\/react2020.eu\/it\/2023\/02\/16\/react-visita-il-brasile\/\" aria-label=\"Per saperne di pi\u00f9 su REACT visita il Brasile\">Leggi tutto<\/a><\/p>\n","protected":false},"author":4,"featured_media":26602,"comment_status":"closed","ping_status":"closed","sticky":false,"template":"","format":"standard","meta":{"inline_featured_image":false,"footnotes":""},"categories":[167],"tags":[],"class_list":["post-26611","post","type-post","status-publish","format-standard","has-post-thumbnail","hentry","category-non-categorizzato"],"yoast_head":"<!-- This site is optimized with the Yoast SEO plugin v27.4 - https:\/\/yoast.com\/product\/yoast-seo-wordpress\/ -->\n<title>REACT visita il Brasile - REACT 2020<\/title>\n<meta name=\"robots\" content=\"index, follow, max-snippet:-1, max-image-preview:large, max-video-preview:-1\" \/>\n<link rel=\"canonical\" href=\"https:\/\/react2020.eu\/it\/2023\/02\/16\/react-visita-il-brasile\/\" \/>\n<meta property=\"og:locale\" content=\"it_IT\" \/>\n<meta property=\"og:type\" content=\"article\" \/>\n<meta property=\"og:title\" content=\"REACT visita il Brasile - REACT 2020\" \/>\n<meta property=\"og:description\" content=\"&#013; &#013; Lo scorso anno, il progetto REACT \u00e8 stato promosso in Brasile, grazie ad un workshop tenutosi all\u2019Universidade Tuiuti do Paran\u00e1 (Curitiba) venerd\u00ec 2 Settembre. Una partnership tra il Professor Luiz Correa della Scuola di Computer Science (Universidade Tuiuti) e Dayanne Peretti, una dottoranda presso il dipartimento di Ingegneria dell\u2019Universit\u00e0 di Galway, ha permesso ... Leggi tutto\" \/>\n<meta property=\"og:url\" content=\"https:\/\/react2020.eu\/it\/2023\/02\/16\/react-visita-il-brasile\/\" \/>\n<meta property=\"og:site_name\" content=\"REACT 2020\" \/>\n<meta property=\"article:published_time\" content=\"2023-02-16T21:06:19+00:00\" \/>\n<meta property=\"article:modified_time\" content=\"2023-02-16T21:15:33+00:00\" \/>\n<meta property=\"og:image\" content=\"https:\/\/react2020.eu\/wp-content\/uploads\/sites\/5\/2023\/02\/tempImagehgpuhS.jpg\" \/>\n\t<meta property=\"og:image:width\" content=\"1024\" \/>\n\t<meta property=\"og:image:height\" content=\"768\" \/>\n\t<meta property=\"og:image:type\" content=\"image\/jpeg\" \/>\n<meta name=\"author\" content=\"faustosainz\" \/>\n<meta name=\"twitter:card\" content=\"summary_large_image\" \/>\n<meta name=\"twitter:label1\" content=\"Scritto da\" \/>\n\t<meta name=\"twitter:data1\" content=\"faustosainz\" \/>\n\t<meta name=\"twitter:label2\" content=\"Tempo di lettura stimato\" \/>\n\t<meta name=\"twitter:data2\" content=\"1 minuto\" \/>\n<script type=\"application\/ld+json\" class=\"yoast-schema-graph\">{\"@context\":\"https:\\\/\\\/schema.org\",\"@graph\":[{\"@type\":\"Article\",\"@id\":\"https:\\\/\\\/react2020.eu\\\/it\\\/2023\\\/02\\\/16\\\/react-visita-il-brasile\\\/#article\",\"isPartOf\":{\"@id\":\"https:\\\/\\\/react2020.eu\\\/it\\\/2023\\\/02\\\/16\\\/react-visita-il-brasile\\\/\"},\"author\":{\"name\":\"faustosainz\",\"@id\":\"https:\\\/\\\/react2020.eu\\\/#\\\/schema\\\/person\\\/681223bb11ce95d8e3192772e810e453\"},\"headline\":\"REACT visita il Brasile\",\"datePublished\":\"2023-02-16T21:06:19+00:00\",\"dateModified\":\"2023-02-16T21:15:33+00:00\",\"mainEntityOfPage\":{\"@id\":\"https:\\\/\\\/react2020.eu\\\/it\\\/2023\\\/02\\\/16\\\/react-visita-il-brasile\\\/\"},\"wordCount\":287,\"publisher\":{\"@id\":\"https:\\\/\\\/react2020.eu\\\/#organization\"},\"image\":{\"@id\":\"https:\\\/\\\/react2020.eu\\\/it\\\/2023\\\/02\\\/16\\\/react-visita-il-brasile\\\/#primaryimage\"},\"thumbnailUrl\":\"https:\\\/\\\/react2020.eu\\\/wp-content\\\/uploads\\\/sites\\\/5\\\/2023\\\/02\\\/tempImagehgpuhS.jpg\",\"articleSection\":[\"Non categorizzato\"],\"inLanguage\":\"it-IT\"},{\"@type\":\"WebPage\",\"@id\":\"https:\\\/\\\/react2020.eu\\\/it\\\/2023\\\/02\\\/16\\\/react-visita-il-brasile\\\/\",\"url\":\"https:\\\/\\\/react2020.eu\\\/it\\\/2023\\\/02\\\/16\\\/react-visita-il-brasile\\\/\",\"name\":\"REACT visita il Brasile - REACT 2020\",\"isPartOf\":{\"@id\":\"https:\\\/\\\/react2020.eu\\\/#website\"},\"primaryImageOfPage\":{\"@id\":\"https:\\\/\\\/react2020.eu\\\/it\\\/2023\\\/02\\\/16\\\/react-visita-il-brasile\\\/#primaryimage\"},\"image\":{\"@id\":\"https:\\\/\\\/react2020.eu\\\/it\\\/2023\\\/02\\\/16\\\/react-visita-il-brasile\\\/#primaryimage\"},\"thumbnailUrl\":\"https:\\\/\\\/react2020.eu\\\/wp-content\\\/uploads\\\/sites\\\/5\\\/2023\\\/02\\\/tempImagehgpuhS.jpg\",\"datePublished\":\"2023-02-16T21:06:19+00:00\",\"dateModified\":\"2023-02-16T21:15:33+00:00\",\"breadcrumb\":{\"@id\":\"https:\\\/\\\/react2020.eu\\\/it\\\/2023\\\/02\\\/16\\\/react-visita-il-brasile\\\/#breadcrumb\"},\"inLanguage\":\"it-IT\",\"potentialAction\":[{\"@type\":\"ReadAction\",\"target\":[\"https:\\\/\\\/react2020.eu\\\/it\\\/2023\\\/02\\\/16\\\/react-visita-il-brasile\\\/\"]}]},{\"@type\":\"ImageObject\",\"inLanguage\":\"it-IT\",\"@id\":\"https:\\\/\\\/react2020.eu\\\/it\\\/2023\\\/02\\\/16\\\/react-visita-il-brasile\\\/#primaryimage\",\"url\":\"https:\\\/\\\/react2020.eu\\\/wp-content\\\/uploads\\\/sites\\\/5\\\/2023\\\/02\\\/tempImagehgpuhS.jpg\",\"contentUrl\":\"https:\\\/\\\/react2020.eu\\\/wp-content\\\/uploads\\\/sites\\\/5\\\/2023\\\/02\\\/tempImagehgpuhS.jpg\",\"width\":1024,\"height\":768},{\"@type\":\"BreadcrumbList\",\"@id\":\"https:\\\/\\\/react2020.eu\\\/it\\\/2023\\\/02\\\/16\\\/react-visita-il-brasile\\\/#breadcrumb\",\"itemListElement\":[{\"@type\":\"ListItem\",\"position\":1,\"name\":\"Portada\",\"item\":\"https:\\\/\\\/react2020.eu\\\/\"},{\"@type\":\"ListItem\",\"position\":2,\"name\":\"REACT visita il Brasile\"}]},{\"@type\":\"WebSite\",\"@id\":\"https:\\\/\\\/react2020.eu\\\/#website\",\"url\":\"https:\\\/\\\/react2020.eu\\\/\",\"name\":\"REACT 2020\",\"description\":\"REACT 2020 \u2013 Renewable Energy for Self-Sustainable Island Communties\",\"publisher\":{\"@id\":\"https:\\\/\\\/react2020.eu\\\/#organization\"},\"potentialAction\":[{\"@type\":\"SearchAction\",\"target\":{\"@type\":\"EntryPoint\",\"urlTemplate\":\"https:\\\/\\\/react2020.eu\\\/?s={search_term_string}\"},\"query-input\":{\"@type\":\"PropertyValueSpecification\",\"valueRequired\":true,\"valueName\":\"search_term_string\"}}],\"inLanguage\":\"it-IT\"},{\"@type\":\"Organization\",\"@id\":\"https:\\\/\\\/react2020.eu\\\/#organization\",\"name\":\"REACT 2020\",\"url\":\"https:\\\/\\\/react2020.eu\\\/\",\"logo\":{\"@type\":\"ImageObject\",\"inLanguage\":\"it-IT\",\"@id\":\"https:\\\/\\\/react2020.eu\\\/#\\\/schema\\\/logo\\\/image\\\/\",\"url\":\"https:\\\/\\\/react2020.eu\\\/wp-content\\\/uploads\\\/sites\\\/5\\\/2019\\\/07\\\/1.-REACT_Logo-horizontal_Color_RGB_2.png\",\"contentUrl\":\"https:\\\/\\\/react2020.eu\\\/wp-content\\\/uploads\\\/sites\\\/5\\\/2019\\\/07\\\/1.-REACT_Logo-horizontal_Color_RGB_2.png\",\"width\":1643,\"height\":419,\"caption\":\"REACT 2020\"},\"image\":{\"@id\":\"https:\\\/\\\/react2020.eu\\\/#\\\/schema\\\/logo\\\/image\\\/\"}},{\"@type\":\"Person\",\"@id\":\"https:\\\/\\\/react2020.eu\\\/#\\\/schema\\\/person\\\/681223bb11ce95d8e3192772e810e453\",\"name\":\"faustosainz\",\"image\":{\"@type\":\"ImageObject\",\"inLanguage\":\"it-IT\",\"@id\":\"https:\\\/\\\/secure.gravatar.com\\\/avatar\\\/f228e3d248b75040cfb046462552a8a7f74cabbdb83cd079bcc93fd43607e6c1?s=96&d=mm&r=g\",\"url\":\"https:\\\/\\\/secure.gravatar.com\\\/avatar\\\/f228e3d248b75040cfb046462552a8a7f74cabbdb83cd079bcc93fd43607e6c1?s=96&d=mm&r=g\",\"contentUrl\":\"https:\\\/\\\/secure.gravatar.com\\\/avatar\\\/f228e3d248b75040cfb046462552a8a7f74cabbdb83cd079bcc93fd43607e6c1?s=96&d=mm&r=g\",\"caption\":\"faustosainz\"},\"url\":\"https:\\\/\\\/react2020.eu\\\/it\\\/author\\\/faustosainz\\\/\"}]}<\/script>\n<!-- \/ Yoast SEO plugin. -->","yoast_head_json":{"title":"REACT visita il Brasile - REACT 2020","robots":{"index":"index","follow":"follow","max-snippet":"max-snippet:-1","max-image-preview":"max-image-preview:large","max-video-preview":"max-video-preview:-1"},"canonical":"https:\/\/react2020.eu\/it\/2023\/02\/16\/react-visita-il-brasile\/","og_locale":"it_IT","og_type":"article","og_title":"REACT visita il Brasile - REACT 2020","og_description":"&#013; &#013; Lo scorso anno, il progetto REACT \u00e8 stato promosso in Brasile, grazie ad un workshop tenutosi all\u2019Universidade Tuiuti do Paran\u00e1 (Curitiba) venerd\u00ec 2 Settembre. Una partnership tra il Professor Luiz Correa della Scuola di Computer Science (Universidade Tuiuti) e Dayanne Peretti, una dottoranda presso il dipartimento di Ingegneria dell\u2019Universit\u00e0 di Galway, ha permesso ... Leggi tutto","og_url":"https:\/\/react2020.eu\/it\/2023\/02\/16\/react-visita-il-brasile\/","og_site_name":"REACT 2020","article_published_time":"2023-02-16T21:06:19+00:00","article_modified_time":"2023-02-16T21:15:33+00:00","og_image":[{"width":1024,"height":768,"url":"https:\/\/react2020.eu\/wp-content\/uploads\/sites\/5\/2023\/02\/tempImagehgpuhS.jpg","type":"image\/jpeg"}],"author":"faustosainz","twitter_card":"summary_large_image","twitter_misc":{"Scritto da":"faustosainz","Tempo di lettura stimato":"1 minuto"},"schema":{"@context":"https:\/\/schema.org","@graph":[{"@type":"Article","@id":"https:\/\/react2020.eu\/it\/2023\/02\/16\/react-visita-il-brasile\/#article","isPartOf":{"@id":"https:\/\/react2020.eu\/it\/2023\/02\/16\/react-visita-il-brasile\/"},"author":{"name":"faustosainz","@id":"https:\/\/react2020.eu\/#\/schema\/person\/681223bb11ce95d8e3192772e810e453"},"headline":"REACT visita il Brasile","datePublished":"2023-02-16T21:06:19+00:00","dateModified":"2023-02-16T21:15:33+00:00","mainEntityOfPage":{"@id":"https:\/\/react2020.eu\/it\/2023\/02\/16\/react-visita-il-brasile\/"},"wordCount":287,"publisher":{"@id":"https:\/\/react2020.eu\/#organization"},"image":{"@id":"https:\/\/react2020.eu\/it\/2023\/02\/16\/react-visita-il-brasile\/#primaryimage"},"thumbnailUrl":"https:\/\/react2020.eu\/wp-content\/uploads\/sites\/5\/2023\/02\/tempImagehgpuhS.jpg","articleSection":["Non categorizzato"],"inLanguage":"it-IT"},{"@type":"WebPage","@id":"https:\/\/react2020.eu\/it\/2023\/02\/16\/react-visita-il-brasile\/","url":"https:\/\/react2020.eu\/it\/2023\/02\/16\/react-visita-il-brasile\/","name":"REACT visita il Brasile - REACT 2020","isPartOf":{"@id":"https:\/\/react2020.eu\/#website"},"primaryImageOfPage":{"@id":"https:\/\/react2020.eu\/it\/2023\/02\/16\/react-visita-il-brasile\/#primaryimage"},"image":{"@id":"https:\/\/react2020.eu\/it\/2023\/02\/16\/react-visita-il-brasile\/#primaryimage"},"thumbnailUrl":"https:\/\/react2020.eu\/wp-content\/uploads\/sites\/5\/2023\/02\/tempImagehgpuhS.jpg","datePublished":"2023-02-16T21:06:19+00:00","dateModified":"2023-02-16T21:15:33+00:00","breadcrumb":{"@id":"https:\/\/react2020.eu\/it\/2023\/02\/16\/react-visita-il-brasile\/#breadcrumb"},"inLanguage":"it-IT","potentialAction":[{"@type":"ReadAction","target":["https:\/\/react2020.eu\/it\/2023\/02\/16\/react-visita-il-brasile\/"]}]},{"@type":"ImageObject","inLanguage":"it-IT","@id":"https:\/\/react2020.eu\/it\/2023\/02\/16\/react-visita-il-brasile\/#primaryimage","url":"https:\/\/react2020.eu\/wp-content\/uploads\/sites\/5\/2023\/02\/tempImagehgpuhS.jpg","contentUrl":"https:\/\/react2020.eu\/wp-content\/uploads\/sites\/5\/2023\/02\/tempImagehgpuhS.jpg","width":1024,"height":768},{"@type":"BreadcrumbList","@id":"https:\/\/react2020.eu\/it\/2023\/02\/16\/react-visita-il-brasile\/#breadcrumb","itemListElement":[{"@type":"ListItem","position":1,"name":"Portada","item":"https:\/\/react2020.eu\/"},{"@type":"ListItem","position":2,"name":"REACT visita il Brasile"}]},{"@type":"WebSite","@id":"https:\/\/react2020.eu\/#website","url":"https:\/\/react2020.eu\/","name":"REACT 2020","description":"REACT 2020 \u2013 Renewable Energy for Self-Sustainable Island Communties","publisher":{"@id":"https:\/\/react2020.eu\/#organization"},"potentialAction":[{"@type":"SearchAction","target":{"@type":"EntryPoint","urlTemplate":"https:\/\/react2020.eu\/?s={search_term_string}"},"query-input":{"@type":"PropertyValueSpecification","valueRequired":true,"valueName":"search_term_string"}}],"inLanguage":"it-IT"},{"@type":"Organization","@id":"https:\/\/react2020.eu\/#organization","name":"REACT 2020","url":"https:\/\/react2020.eu\/","logo":{"@type":"ImageObject","inLanguage":"it-IT","@id":"https:\/\/react2020.eu\/#\/schema\/logo\/image\/","url":"https:\/\/react2020.eu\/wp-content\/uploads\/sites\/5\/2019\/07\/1.-REACT_Logo-horizontal_Color_RGB_2.png","contentUrl":"https:\/\/react2020.eu\/wp-content\/uploads\/sites\/5\/2019\/07\/1.-REACT_Logo-horizontal_Color_RGB_2.png","width":1643,"height":419,"caption":"REACT 2020"},"image":{"@id":"https:\/\/react2020.eu\/#\/schema\/logo\/image\/"}},{"@type":"Person","@id":"https:\/\/react2020.eu\/#\/schema\/person\/681223bb11ce95d8e3192772e810e453","name":"faustosainz","image":{"@type":"ImageObject","inLanguage":"it-IT","@id":"https:\/\/secure.gravatar.com\/avatar\/f228e3d248b75040cfb046462552a8a7f74cabbdb83cd079bcc93fd43607e6c1?s=96&d=mm&r=g","url":"https:\/\/secure.gravatar.com\/avatar\/f228e3d248b75040cfb046462552a8a7f74cabbdb83cd079bcc93fd43607e6c1?s=96&d=mm&r=g","contentUrl":"https:\/\/secure.gravatar.com\/avatar\/f228e3d248b75040cfb046462552a8a7f74cabbdb83cd079bcc93fd43607e6c1?s=96&d=mm&r=g","caption":"faustosainz"},"url":"https:\/\/react2020.eu\/it\/author\/faustosainz\/"}]}},"_links":{"self":[{"href":"https:\/\/react2020.eu\/it\/wp-json\/wp\/v2\/posts\/26611","targetHints":{"allow":["GET"]}}],"collection":[{"href":"https:\/\/react2020.eu\/it\/wp-json\/wp\/v2\/posts"}],"about":[{"href":"https:\/\/react2020.eu\/it\/wp-json\/wp\/v2\/types\/post"}],"author":[{"embeddable":true,"href":"https:\/\/react2020.eu\/it\/wp-json\/wp\/v2\/users\/4"}],"replies":[{"embeddable":true,"href":"https:\/\/react2020.eu\/it\/wp-json\/wp\/v2\/comments?post=26611"}],"version-history":[{"count":0,"href":"https:\/\/react2020.eu\/it\/wp-json\/wp\/v2\/posts\/26611\/revisions"}],"wp:featuredmedia":[{"embeddable":true,"href":"https:\/\/react2020.eu\/it\/wp-json\/wp\/v2\/media\/26602"}],"wp:attachment":[{"href":"https:\/\/react2020.eu\/it\/wp-json\/wp\/v2\/media?parent=26611"}],"wp:term":[{"taxonomy":"category","embeddable":true,"href":"https:\/\/react2020.eu\/it\/wp-json\/wp\/v2\/categories?post=26611"},{"taxonomy":"post_tag","embeddable":true,"href":"https:\/\/react2020.eu\/it\/wp-json\/wp\/v2\/tags?post=26611"}],"curies":[{"name":"wp","href":"https:\/\/api.w.org\/{rel}","templated":true}]}}