{"id":26318,"date":"2022-08-17T07:31:56","date_gmt":"2022-08-17T07:31:56","guid":{"rendered":"https:\/\/react2020.eu\/2022\/08\/17\/evento-a-carloforte\/"},"modified":"2022-08-17T07:31:57","modified_gmt":"2022-08-17T07:31:57","slug":"evento-a-carloforte","status":"publish","type":"post","link":"https:\/\/react2020.eu\/it\/2022\/08\/17\/evento-a-carloforte\/","title":{"rendered":"Evento a Carloforte"},"content":{"rendered":"\n<p>Lo scorso 5 agosto 2022, R2M Energy e il Comune di Carloforte hanno incontrato i partecipanti del progetto pilota dell&#8217;isola di San Pietro per presentare i primi buoni risultati ottenuti grazie all&#8217;impiego delle tecnologie innovative previste dal progetto: le batterie di accumulo MIDAC, le pompe di calore ad alta efficienza Mitsubishi Electric e i contatori intelligenti EnergyHUB di NesosNet.<\/p>\n\n<p>I partecipanti sono stati molto entusiasti di vedere i risultati gi\u00e0 ottenuti in questi primi mesi dalle installazioni, dove si \u00e8 assistito ad una notevole riduzione delle bollette energetiche, soprattutto in questo ultimo periodo in cui l&#8217;aumento dei prezzi dell&#8217;energia preoccupa molti.<\/p>\n\n<p>R2M Energy ha anche anticipato i prossimi passi sul controllo \u2018\u2019demand response\u2019\u2019 grazie alla nuova applicazione REACT per cellulare sviluppata appositamente per loro. L\u2019occasione \u00e8 stata perfetta per guidare i partecipanti attraverso le diverse piattaforme di monitoraggio energetico a loro disposizione, aiutare a comprendere meglio il funzionamento di una comunit\u00e0 energetica, dell&#8217;autoconsumo fotovoltaico, concetti come il demand response ed altri in merito alla gestione dell&#8217;energia, nonch\u00e8 rispondere faccia a faccia a dubbi e domande.<\/p>\n\n<figure class=\"wp-block-gallery has-nested-images columns-default is-cropped wp-block-gallery-1 is-layout-flex wp-block-gallery-is-layout-flex\">\n<figure class=\"wp-block-image size-large\"><img fetchpriority=\"high\" decoding=\"async\" width=\"1024\" height=\"768\" data-id=\"26276\" src=\"https:\/\/react2020.eu\/wp-content\/uploads\/sites\/5\/2022\/08\/EventoCER05-08-22_1Rombi-1024x768.jpg\" alt=\"\" class=\"wp-image-26276\" srcset=\"https:\/\/react2020.eu\/wp-content\/uploads\/sites\/5\/2022\/08\/EventoCER05-08-22_1Rombi-1024x768.jpg 1024w, https:\/\/react2020.eu\/wp-content\/uploads\/sites\/5\/2022\/08\/EventoCER05-08-22_1Rombi-300x225.jpg 300w, https:\/\/react2020.eu\/wp-content\/uploads\/sites\/5\/2022\/08\/EventoCER05-08-22_1Rombi-768x576.jpg 768w, https:\/\/react2020.eu\/wp-content\/uploads\/sites\/5\/2022\/08\/EventoCER05-08-22_1Rombi-1536x1152.jpg 1536w, https:\/\/react2020.eu\/wp-content\/uploads\/sites\/5\/2022\/08\/EventoCER05-08-22_1Rombi-2048x1536.jpg 2048w, https:\/\/react2020.eu\/wp-content\/uploads\/sites\/5\/2022\/08\/EventoCER05-08-22_1Rombi-1600x1200.jpg 1600w\" sizes=\"(max-width: 1024px) 100vw, 1024px\" \/><\/figure>\n\n\n<figure class=\"wp-block-image size-large\"><img decoding=\"async\" width=\"1024\" height=\"768\" data-id=\"26272\" src=\"https:\/\/react2020.eu\/wp-content\/uploads\/sites\/5\/2022\/08\/EventoCER05-08-22_2Omar-1024x768.jpg\" alt=\"\" class=\"wp-image-26272\" srcset=\"https:\/\/react2020.eu\/wp-content\/uploads\/sites\/5\/2022\/08\/EventoCER05-08-22_2Omar-1024x768.jpg 1024w, https:\/\/react2020.eu\/wp-content\/uploads\/sites\/5\/2022\/08\/EventoCER05-08-22_2Omar-300x225.jpg 300w, https:\/\/react2020.eu\/wp-content\/uploads\/sites\/5\/2022\/08\/EventoCER05-08-22_2Omar-768x576.jpg 768w, https:\/\/react2020.eu\/wp-content\/uploads\/sites\/5\/2022\/08\/EventoCER05-08-22_2Omar-1536x1152.jpg 1536w, https:\/\/react2020.eu\/wp-content\/uploads\/sites\/5\/2022\/08\/EventoCER05-08-22_2Omar-2048x1536.jpg 2048w, https:\/\/react2020.eu\/wp-content\/uploads\/sites\/5\/2022\/08\/EventoCER05-08-22_2Omar-1600x1200.jpg 1600w\" sizes=\"(max-width: 1024px) 100vw, 1024px\" \/><\/figure><\/figure>\n\n<p>L&#8217;incontro \u00e8 stato seguito da un evento pubblico aperto a tutti gli abitanti dell&#8217;isola. Il sindaco di Carloforte, insieme a diversi rappresentanti del comune coinvolti nella promozione della CER e con il sostegno tecnico di R2M Energy, ha illustrato i piani per la diffusione di REACT a tutti gli abitanti dell&#8217;isola.<\/p>\n\n<p>Questo secondo evento aveva lo scopo di aumentare la consapevolezza delle persone sui benefici della decarbonizzazione e di reclutare nuovi membri per la creazione della prima Comunit\u00e0 Energetica Rinnovabile di San Pietro.<\/p>\n\n<figure class=\"wp-block-gallery has-nested-images columns-default is-cropped wp-block-gallery-2 is-layout-flex wp-block-gallery-is-layout-flex\">\n<figure class=\"wp-block-image size-large\"><img decoding=\"async\" width=\"1024\" height=\"768\" data-id=\"26284\" src=\"https:\/\/react2020.eu\/wp-content\/uploads\/sites\/5\/2022\/08\/REACT_Workshop_05-08-22_2-1024x768.jpg\" alt=\"\" class=\"wp-image-26284\" srcset=\"https:\/\/react2020.eu\/wp-content\/uploads\/sites\/5\/2022\/08\/REACT_Workshop_05-08-22_2-1024x768.jpg 1024w, https:\/\/react2020.eu\/wp-content\/uploads\/sites\/5\/2022\/08\/REACT_Workshop_05-08-22_2-300x225.jpg 300w, https:\/\/react2020.eu\/wp-content\/uploads\/sites\/5\/2022\/08\/REACT_Workshop_05-08-22_2-768x576.jpg 768w, https:\/\/react2020.eu\/wp-content\/uploads\/sites\/5\/2022\/08\/REACT_Workshop_05-08-22_2-1536x1152.jpg 1536w, https:\/\/react2020.eu\/wp-content\/uploads\/sites\/5\/2022\/08\/REACT_Workshop_05-08-22_2.jpg 1600w\" sizes=\"(max-width: 1024px) 100vw, 1024px\" \/><\/figure>\n\n\n<figure class=\"wp-block-image size-large\"><img loading=\"lazy\" decoding=\"async\" width=\"1024\" height=\"768\" data-id=\"26280\" src=\"https:\/\/react2020.eu\/wp-content\/uploads\/sites\/5\/2022\/08\/REACT_Workshop_05-08-22_1-1024x768.jpg\" alt=\"\" class=\"wp-image-26280\" srcset=\"https:\/\/react2020.eu\/wp-content\/uploads\/sites\/5\/2022\/08\/REACT_Workshop_05-08-22_1-1024x768.jpg 1024w, https:\/\/react2020.eu\/wp-content\/uploads\/sites\/5\/2022\/08\/REACT_Workshop_05-08-22_1-300x225.jpg 300w, https:\/\/react2020.eu\/wp-content\/uploads\/sites\/5\/2022\/08\/REACT_Workshop_05-08-22_1-768x576.jpg 768w, https:\/\/react2020.eu\/wp-content\/uploads\/sites\/5\/2022\/08\/REACT_Workshop_05-08-22_1-1536x1152.jpg 1536w, https:\/\/react2020.eu\/wp-content\/uploads\/sites\/5\/2022\/08\/REACT_Workshop_05-08-22_1.jpg 1600w\" sizes=\"(max-width: 1024px) 100vw, 1024px\" \/><\/figure><\/figure>\n\n<p>Entrambi gli eventi sono stati un successo, confermato dalla partecipazione di oltre 200 persone<\/p>\n\n<p>Nell\u2019intervista rilasciata all\u2019Unione Sarda, il sindaco di Carloforte ha espresso il seguente messaggio: &#8221;Siamo soddisfatti della partecipazione a questo primo incontro pubblico. Con il supporto dei nostri tecnici, abbiamo illustrato le caratteristiche della comunit\u00e0 energetica, le possibilit\u00e0 di adesione e parlato anche degli incentivi legati alle comunit\u00e0 energetiche. \u00c8 un tema fondamentale, a maggior ragione con gli attuali scenari del settore energetico&#8221;.<\/p>\n\n<p>Nel corso di entrambi gli eventi, il pubblico ha manifestato grande interesse tramite domande ed interventi su diversi temi (dall&#8217;installazione del fotovoltaico nel centro cittadino, all&#8217;aumento dei prezzi dell&#8217;energia), dimostrando attenzione e la volont\u00e0 di puntare su un&#8217;isola energeticamente autonoma e sostenibile.<\/p>\n\n<figure class=\"wp-block-gallery has-nested-images columns-default is-cropped wp-block-gallery-3 is-layout-flex wp-block-gallery-is-layout-flex\"><\/figure>\n<div class=\"wp-block-columns is-layout-flex wp-container-core-columns-is-layout-9d6595d7 wp-block-columns-is-layout-flex\">\n<div class=\"wp-block-column is-layout-flow wp-block-column-is-layout-flow\" style=\"flex-basis:25%\">\n<figure class=\"wp-block-image size-large\"><img loading=\"lazy\" decoding=\"async\" width=\"768\" height=\"1024\" src=\"https:\/\/react2020.eu\/wp-content\/uploads\/sites\/5\/2022\/08\/EventoCER05-08-22_3-2-768x1024.jpg\" alt=\"\" class=\"wp-image-26305\" srcset=\"https:\/\/react2020.eu\/wp-content\/uploads\/sites\/5\/2022\/08\/EventoCER05-08-22_3-2-768x1024.jpg 768w, https:\/\/react2020.eu\/wp-content\/uploads\/sites\/5\/2022\/08\/EventoCER05-08-22_3-2-225x300.jpg 225w, https:\/\/react2020.eu\/wp-content\/uploads\/sites\/5\/2022\/08\/EventoCER05-08-22_3-2-1152x1536.jpg 1152w, https:\/\/react2020.eu\/wp-content\/uploads\/sites\/5\/2022\/08\/EventoCER05-08-22_3-2-1536x2048.jpg 1536w, https:\/\/react2020.eu\/wp-content\/uploads\/sites\/5\/2022\/08\/EventoCER05-08-22_3-2-1600x2133.jpg 1600w, https:\/\/react2020.eu\/wp-content\/uploads\/sites\/5\/2022\/08\/EventoCER05-08-22_3-2-scaled.jpg 1920w\" sizes=\"(max-width: 768px) 100vw, 768px\" \/><\/figure><\/div>\n\n\n\n<div class=\"wp-block-column is-layout-flow wp-block-column-is-layout-flow\" style=\"flex-basis:50%\">\n<figure class=\"wp-block-image size-large\"><img loading=\"lazy\" decoding=\"async\" width=\"1024\" height=\"642\" src=\"https:\/\/react2020.eu\/wp-content\/uploads\/sites\/5\/2022\/08\/ArticoloPost-1-1024x642.jpg\" alt=\"\" class=\"wp-image-26309\" srcset=\"https:\/\/react2020.eu\/wp-content\/uploads\/sites\/5\/2022\/08\/ArticoloPost-1-1024x642.jpg 1024w, https:\/\/react2020.eu\/wp-content\/uploads\/sites\/5\/2022\/08\/ArticoloPost-1-300x188.jpg 300w, https:\/\/react2020.eu\/wp-content\/uploads\/sites\/5\/2022\/08\/ArticoloPost-1-768x481.jpg 768w, https:\/\/react2020.eu\/wp-content\/uploads\/sites\/5\/2022\/08\/ArticoloPost-1.jpg 1267w\" sizes=\"(max-width: 1024px) 100vw, 1024px\" \/><\/figure><\/div>\n\n\n\n<div class=\"wp-block-column is-layout-flow wp-block-column-is-layout-flow\" style=\"flex-basis:25%\">\n<figure class=\"wp-block-image size-large\"><img loading=\"lazy\" decoding=\"async\" width=\"1024\" height=\"768\" src=\"https:\/\/react2020.eu\/wp-content\/uploads\/sites\/5\/2022\/08\/EventoCER05-08-22_4-1-1024x768.jpg\" alt=\"\" class=\"wp-image-26313\" srcset=\"https:\/\/react2020.eu\/wp-content\/uploads\/sites\/5\/2022\/08\/EventoCER05-08-22_4-1-1024x768.jpg 1024w, https:\/\/react2020.eu\/wp-content\/uploads\/sites\/5\/2022\/08\/EventoCER05-08-22_4-1-300x225.jpg 300w, https:\/\/react2020.eu\/wp-content\/uploads\/sites\/5\/2022\/08\/EventoCER05-08-22_4-1-768x576.jpg 768w, https:\/\/react2020.eu\/wp-content\/uploads\/sites\/5\/2022\/08\/EventoCER05-08-22_4-1-1536x1152.jpg 1536w, https:\/\/react2020.eu\/wp-content\/uploads\/sites\/5\/2022\/08\/EventoCER05-08-22_4-1-2048x1536.jpg 2048w, https:\/\/react2020.eu\/wp-content\/uploads\/sites\/5\/2022\/08\/EventoCER05-08-22_4-1-1600x1200.jpg 1600w\" sizes=\"(max-width: 1024px) 100vw, 1024px\" \/><\/figure><\/div>\n<\/div>\n\n<p><p style=\"font-weight: 400\">Se siete di Carloforte e non avete potuto partecipare all&#8217;evento ma siete interessati a fare parte della Comunit\u00e0 Energetica Rinnovabile di San Pietro, o semplicemente vorreste siete saperne di pi\u00f9 su quanto \u00e8 stato fatto in REACT a San Pietro, su cosa sia una Comunit\u00e0 Energetica Rinnovabile e quali saranno i passi per attivarla a Carloforte, non perdetevi la registrazione dell&#8217;evento pubblico al seguente link: <a href=\"https:\/\/fb.watch\/eSdqNvZntx\/\">https:\/\/fb.watch\/eSdqNvZntx\/<\/a><\/p><\/p>\n","protected":false},"excerpt":{"rendered":"<p>Lo scorso 5 agosto 2022, R2M Energy e il Comune di Carloforte hanno incontrato i partecipanti del progetto pilota dell&#8217;isola di San Pietro per presentare i primi buoni risultati ottenuti grazie all&#8217;impiego delle tecnologie innovative previste dal progetto: le batterie di accumulo MIDAC, le pompe di calore ad alta efficienza Mitsubishi Electric e i contatori &#8230; <a title=\"Evento a Carloforte\" class=\"read-more\" href=\"https:\/\/react2020.eu\/it\/2022\/08\/17\/evento-a-carloforte\/\" aria-label=\"Per saperne di pi\u00f9 su Evento a Carloforte\">Leggi tutto<\/a><\/p>\n","protected":false},"author":4,"featured_media":26250,"comment_status":"closed","ping_status":"closed","sticky":false,"template":"","format":"standard","meta":{"inline_featured_image":false,"footnotes":""},"categories":[167],"tags":[],"class_list":["post-26318","post","type-post","status-publish","format-standard","has-post-thumbnail","hentry","category-non-categorizzato"],"yoast_head":"<!-- This site is optimized with the Yoast SEO plugin v27.4 - https:\/\/yoast.com\/product\/yoast-seo-wordpress\/ -->\n<title>Evento a Carloforte - REACT 2020<\/title>\n<meta name=\"robots\" content=\"index, follow, max-snippet:-1, max-image-preview:large, max-video-preview:-1\" \/>\n<link rel=\"canonical\" href=\"https:\/\/react2020.eu\/it\/2022\/08\/17\/evento-a-carloforte\/\" \/>\n<meta property=\"og:locale\" content=\"it_IT\" \/>\n<meta property=\"og:type\" content=\"article\" \/>\n<meta property=\"og:title\" content=\"Evento a Carloforte - REACT 2020\" \/>\n<meta property=\"og:description\" content=\"Lo scorso 5 agosto 2022, R2M Energy e il Comune di Carloforte hanno incontrato i partecipanti del progetto pilota dell&#8217;isola di San Pietro per presentare i primi buoni risultati ottenuti grazie all&#8217;impiego delle tecnologie innovative previste dal progetto: le batterie di accumulo MIDAC, le pompe di calore ad alta efficienza Mitsubishi Electric e i contatori ... Leggi tutto\" \/>\n<meta property=\"og:url\" content=\"https:\/\/react2020.eu\/it\/2022\/08\/17\/evento-a-carloforte\/\" \/>\n<meta property=\"og:site_name\" content=\"REACT 2020\" \/>\n<meta property=\"article:published_time\" content=\"2022-08-17T07:31:56+00:00\" \/>\n<meta property=\"article:modified_time\" content=\"2022-08-17T07:31:57+00:00\" \/>\n<meta property=\"og:image\" content=\"https:\/\/react2020.eu\/wp-content\/uploads\/sites\/5\/2022\/08\/image-2.jpeg\" \/>\n\t<meta property=\"og:image:width\" content=\"390\" \/>\n\t<meta property=\"og:image:height\" content=\"246\" \/>\n\t<meta property=\"og:image:type\" content=\"image\/jpeg\" \/>\n<meta name=\"author\" content=\"faustosainz\" \/>\n<meta name=\"twitter:card\" content=\"summary_large_image\" \/>\n<meta name=\"twitter:label1\" content=\"Scritto da\" \/>\n\t<meta name=\"twitter:data1\" content=\"faustosainz\" \/>\n\t<meta name=\"twitter:label2\" content=\"Tempo di lettura stimato\" \/>\n\t<meta name=\"twitter:data2\" content=\"2 minuti\" \/>\n<script type=\"application\/ld+json\" class=\"yoast-schema-graph\">{\"@context\":\"https:\\\/\\\/schema.org\",\"@graph\":[{\"@type\":\"Article\",\"@id\":\"https:\\\/\\\/react2020.eu\\\/it\\\/2022\\\/08\\\/17\\\/evento-a-carloforte\\\/#article\",\"isPartOf\":{\"@id\":\"https:\\\/\\\/react2020.eu\\\/it\\\/2022\\\/08\\\/17\\\/evento-a-carloforte\\\/\"},\"author\":{\"name\":\"faustosainz\",\"@id\":\"https:\\\/\\\/react2020.eu\\\/#\\\/schema\\\/person\\\/681223bb11ce95d8e3192772e810e453\"},\"headline\":\"Evento a Carloforte\",\"datePublished\":\"2022-08-17T07:31:56+00:00\",\"dateModified\":\"2022-08-17T07:31:57+00:00\",\"mainEntityOfPage\":{\"@id\":\"https:\\\/\\\/react2020.eu\\\/it\\\/2022\\\/08\\\/17\\\/evento-a-carloforte\\\/\"},\"wordCount\":461,\"publisher\":{\"@id\":\"https:\\\/\\\/react2020.eu\\\/#organization\"},\"image\":{\"@id\":\"https:\\\/\\\/react2020.eu\\\/it\\\/2022\\\/08\\\/17\\\/evento-a-carloforte\\\/#primaryimage\"},\"thumbnailUrl\":\"https:\\\/\\\/react2020.eu\\\/wp-content\\\/uploads\\\/sites\\\/5\\\/2022\\\/08\\\/image-2.jpeg\",\"articleSection\":[\"Non categorizzato\"],\"inLanguage\":\"it-IT\"},{\"@type\":\"WebPage\",\"@id\":\"https:\\\/\\\/react2020.eu\\\/it\\\/2022\\\/08\\\/17\\\/evento-a-carloforte\\\/\",\"url\":\"https:\\\/\\\/react2020.eu\\\/it\\\/2022\\\/08\\\/17\\\/evento-a-carloforte\\\/\",\"name\":\"Evento a Carloforte - REACT 2020\",\"isPartOf\":{\"@id\":\"https:\\\/\\\/react2020.eu\\\/#website\"},\"primaryImageOfPage\":{\"@id\":\"https:\\\/\\\/react2020.eu\\\/it\\\/2022\\\/08\\\/17\\\/evento-a-carloforte\\\/#primaryimage\"},\"image\":{\"@id\":\"https:\\\/\\\/react2020.eu\\\/it\\\/2022\\\/08\\\/17\\\/evento-a-carloforte\\\/#primaryimage\"},\"thumbnailUrl\":\"https:\\\/\\\/react2020.eu\\\/wp-content\\\/uploads\\\/sites\\\/5\\\/2022\\\/08\\\/image-2.jpeg\",\"datePublished\":\"2022-08-17T07:31:56+00:00\",\"dateModified\":\"2022-08-17T07:31:57+00:00\",\"breadcrumb\":{\"@id\":\"https:\\\/\\\/react2020.eu\\\/it\\\/2022\\\/08\\\/17\\\/evento-a-carloforte\\\/#breadcrumb\"},\"inLanguage\":\"it-IT\",\"potentialAction\":[{\"@type\":\"ReadAction\",\"target\":[\"https:\\\/\\\/react2020.eu\\\/it\\\/2022\\\/08\\\/17\\\/evento-a-carloforte\\\/\"]}]},{\"@type\":\"ImageObject\",\"inLanguage\":\"it-IT\",\"@id\":\"https:\\\/\\\/react2020.eu\\\/it\\\/2022\\\/08\\\/17\\\/evento-a-carloforte\\\/#primaryimage\",\"url\":\"https:\\\/\\\/react2020.eu\\\/wp-content\\\/uploads\\\/sites\\\/5\\\/2022\\\/08\\\/image-2.jpeg\",\"contentUrl\":\"https:\\\/\\\/react2020.eu\\\/wp-content\\\/uploads\\\/sites\\\/5\\\/2022\\\/08\\\/image-2.jpeg\",\"width\":390,\"height\":246},{\"@type\":\"BreadcrumbList\",\"@id\":\"https:\\\/\\\/react2020.eu\\\/it\\\/2022\\\/08\\\/17\\\/evento-a-carloforte\\\/#breadcrumb\",\"itemListElement\":[{\"@type\":\"ListItem\",\"position\":1,\"name\":\"Portada\",\"item\":\"https:\\\/\\\/react2020.eu\\\/\"},{\"@type\":\"ListItem\",\"position\":2,\"name\":\"Evento a Carloforte\"}]},{\"@type\":\"WebSite\",\"@id\":\"https:\\\/\\\/react2020.eu\\\/#website\",\"url\":\"https:\\\/\\\/react2020.eu\\\/\",\"name\":\"REACT 2020\",\"description\":\"REACT 2020 \u2013 Renewable Energy for Self-Sustainable Island Communties\",\"publisher\":{\"@id\":\"https:\\\/\\\/react2020.eu\\\/#organization\"},\"potentialAction\":[{\"@type\":\"SearchAction\",\"target\":{\"@type\":\"EntryPoint\",\"urlTemplate\":\"https:\\\/\\\/react2020.eu\\\/?s={search_term_string}\"},\"query-input\":{\"@type\":\"PropertyValueSpecification\",\"valueRequired\":true,\"valueName\":\"search_term_string\"}}],\"inLanguage\":\"it-IT\"},{\"@type\":\"Organization\",\"@id\":\"https:\\\/\\\/react2020.eu\\\/#organization\",\"name\":\"REACT 2020\",\"url\":\"https:\\\/\\\/react2020.eu\\\/\",\"logo\":{\"@type\":\"ImageObject\",\"inLanguage\":\"it-IT\",\"@id\":\"https:\\\/\\\/react2020.eu\\\/#\\\/schema\\\/logo\\\/image\\\/\",\"url\":\"https:\\\/\\\/react2020.eu\\\/wp-content\\\/uploads\\\/sites\\\/5\\\/2019\\\/07\\\/1.-REACT_Logo-horizontal_Color_RGB_2.png\",\"contentUrl\":\"https:\\\/\\\/react2020.eu\\\/wp-content\\\/uploads\\\/sites\\\/5\\\/2019\\\/07\\\/1.-REACT_Logo-horizontal_Color_RGB_2.png\",\"width\":1643,\"height\":419,\"caption\":\"REACT 2020\"},\"image\":{\"@id\":\"https:\\\/\\\/react2020.eu\\\/#\\\/schema\\\/logo\\\/image\\\/\"}},{\"@type\":\"Person\",\"@id\":\"https:\\\/\\\/react2020.eu\\\/#\\\/schema\\\/person\\\/681223bb11ce95d8e3192772e810e453\",\"name\":\"faustosainz\",\"image\":{\"@type\":\"ImageObject\",\"inLanguage\":\"it-IT\",\"@id\":\"https:\\\/\\\/secure.gravatar.com\\\/avatar\\\/f228e3d248b75040cfb046462552a8a7f74cabbdb83cd079bcc93fd43607e6c1?s=96&d=mm&r=g\",\"url\":\"https:\\\/\\\/secure.gravatar.com\\\/avatar\\\/f228e3d248b75040cfb046462552a8a7f74cabbdb83cd079bcc93fd43607e6c1?s=96&d=mm&r=g\",\"contentUrl\":\"https:\\\/\\\/secure.gravatar.com\\\/avatar\\\/f228e3d248b75040cfb046462552a8a7f74cabbdb83cd079bcc93fd43607e6c1?s=96&d=mm&r=g\",\"caption\":\"faustosainz\"},\"url\":\"https:\\\/\\\/react2020.eu\\\/it\\\/author\\\/faustosainz\\\/\"}]}<\/script>\n<!-- \/ Yoast SEO plugin. -->","yoast_head_json":{"title":"Evento a Carloforte - REACT 2020","robots":{"index":"index","follow":"follow","max-snippet":"max-snippet:-1","max-image-preview":"max-image-preview:large","max-video-preview":"max-video-preview:-1"},"canonical":"https:\/\/react2020.eu\/it\/2022\/08\/17\/evento-a-carloforte\/","og_locale":"it_IT","og_type":"article","og_title":"Evento a Carloforte - REACT 2020","og_description":"Lo scorso 5 agosto 2022, R2M Energy e il Comune di Carloforte hanno incontrato i partecipanti del progetto pilota dell&#8217;isola di San Pietro per presentare i primi buoni risultati ottenuti grazie all&#8217;impiego delle tecnologie innovative previste dal progetto: le batterie di accumulo MIDAC, le pompe di calore ad alta efficienza Mitsubishi Electric e i contatori ... Leggi tutto","og_url":"https:\/\/react2020.eu\/it\/2022\/08\/17\/evento-a-carloforte\/","og_site_name":"REACT 2020","article_published_time":"2022-08-17T07:31:56+00:00","article_modified_time":"2022-08-17T07:31:57+00:00","og_image":[{"width":390,"height":246,"url":"https:\/\/react2020.eu\/wp-content\/uploads\/sites\/5\/2022\/08\/image-2.jpeg","type":"image\/jpeg"}],"author":"faustosainz","twitter_card":"summary_large_image","twitter_misc":{"Scritto da":"faustosainz","Tempo di lettura stimato":"2 minuti"},"schema":{"@context":"https:\/\/schema.org","@graph":[{"@type":"Article","@id":"https:\/\/react2020.eu\/it\/2022\/08\/17\/evento-a-carloforte\/#article","isPartOf":{"@id":"https:\/\/react2020.eu\/it\/2022\/08\/17\/evento-a-carloforte\/"},"author":{"name":"faustosainz","@id":"https:\/\/react2020.eu\/#\/schema\/person\/681223bb11ce95d8e3192772e810e453"},"headline":"Evento a Carloforte","datePublished":"2022-08-17T07:31:56+00:00","dateModified":"2022-08-17T07:31:57+00:00","mainEntityOfPage":{"@id":"https:\/\/react2020.eu\/it\/2022\/08\/17\/evento-a-carloforte\/"},"wordCount":461,"publisher":{"@id":"https:\/\/react2020.eu\/#organization"},"image":{"@id":"https:\/\/react2020.eu\/it\/2022\/08\/17\/evento-a-carloforte\/#primaryimage"},"thumbnailUrl":"https:\/\/react2020.eu\/wp-content\/uploads\/sites\/5\/2022\/08\/image-2.jpeg","articleSection":["Non categorizzato"],"inLanguage":"it-IT"},{"@type":"WebPage","@id":"https:\/\/react2020.eu\/it\/2022\/08\/17\/evento-a-carloforte\/","url":"https:\/\/react2020.eu\/it\/2022\/08\/17\/evento-a-carloforte\/","name":"Evento a Carloforte - REACT 2020","isPartOf":{"@id":"https:\/\/react2020.eu\/#website"},"primaryImageOfPage":{"@id":"https:\/\/react2020.eu\/it\/2022\/08\/17\/evento-a-carloforte\/#primaryimage"},"image":{"@id":"https:\/\/react2020.eu\/it\/2022\/08\/17\/evento-a-carloforte\/#primaryimage"},"thumbnailUrl":"https:\/\/react2020.eu\/wp-content\/uploads\/sites\/5\/2022\/08\/image-2.jpeg","datePublished":"2022-08-17T07:31:56+00:00","dateModified":"2022-08-17T07:31:57+00:00","breadcrumb":{"@id":"https:\/\/react2020.eu\/it\/2022\/08\/17\/evento-a-carloforte\/#breadcrumb"},"inLanguage":"it-IT","potentialAction":[{"@type":"ReadAction","target":["https:\/\/react2020.eu\/it\/2022\/08\/17\/evento-a-carloforte\/"]}]},{"@type":"ImageObject","inLanguage":"it-IT","@id":"https:\/\/react2020.eu\/it\/2022\/08\/17\/evento-a-carloforte\/#primaryimage","url":"https:\/\/react2020.eu\/wp-content\/uploads\/sites\/5\/2022\/08\/image-2.jpeg","contentUrl":"https:\/\/react2020.eu\/wp-content\/uploads\/sites\/5\/2022\/08\/image-2.jpeg","width":390,"height":246},{"@type":"BreadcrumbList","@id":"https:\/\/react2020.eu\/it\/2022\/08\/17\/evento-a-carloforte\/#breadcrumb","itemListElement":[{"@type":"ListItem","position":1,"name":"Portada","item":"https:\/\/react2020.eu\/"},{"@type":"ListItem","position":2,"name":"Evento a Carloforte"}]},{"@type":"WebSite","@id":"https:\/\/react2020.eu\/#website","url":"https:\/\/react2020.eu\/","name":"REACT 2020","description":"REACT 2020 \u2013 Renewable Energy for Self-Sustainable Island Communties","publisher":{"@id":"https:\/\/react2020.eu\/#organization"},"potentialAction":[{"@type":"SearchAction","target":{"@type":"EntryPoint","urlTemplate":"https:\/\/react2020.eu\/?s={search_term_string}"},"query-input":{"@type":"PropertyValueSpecification","valueRequired":true,"valueName":"search_term_string"}}],"inLanguage":"it-IT"},{"@type":"Organization","@id":"https:\/\/react2020.eu\/#organization","name":"REACT 2020","url":"https:\/\/react2020.eu\/","logo":{"@type":"ImageObject","inLanguage":"it-IT","@id":"https:\/\/react2020.eu\/#\/schema\/logo\/image\/","url":"https:\/\/react2020.eu\/wp-content\/uploads\/sites\/5\/2019\/07\/1.-REACT_Logo-horizontal_Color_RGB_2.png","contentUrl":"https:\/\/react2020.eu\/wp-content\/uploads\/sites\/5\/2019\/07\/1.-REACT_Logo-horizontal_Color_RGB_2.png","width":1643,"height":419,"caption":"REACT 2020"},"image":{"@id":"https:\/\/react2020.eu\/#\/schema\/logo\/image\/"}},{"@type":"Person","@id":"https:\/\/react2020.eu\/#\/schema\/person\/681223bb11ce95d8e3192772e810e453","name":"faustosainz","image":{"@type":"ImageObject","inLanguage":"it-IT","@id":"https:\/\/secure.gravatar.com\/avatar\/f228e3d248b75040cfb046462552a8a7f74cabbdb83cd079bcc93fd43607e6c1?s=96&d=mm&r=g","url":"https:\/\/secure.gravatar.com\/avatar\/f228e3d248b75040cfb046462552a8a7f74cabbdb83cd079bcc93fd43607e6c1?s=96&d=mm&r=g","contentUrl":"https:\/\/secure.gravatar.com\/avatar\/f228e3d248b75040cfb046462552a8a7f74cabbdb83cd079bcc93fd43607e6c1?s=96&d=mm&r=g","caption":"faustosainz"},"url":"https:\/\/react2020.eu\/it\/author\/faustosainz\/"}]}},"_links":{"self":[{"href":"https:\/\/react2020.eu\/it\/wp-json\/wp\/v2\/posts\/26318","targetHints":{"allow":["GET"]}}],"collection":[{"href":"https:\/\/react2020.eu\/it\/wp-json\/wp\/v2\/posts"}],"about":[{"href":"https:\/\/react2020.eu\/it\/wp-json\/wp\/v2\/types\/post"}],"author":[{"embeddable":true,"href":"https:\/\/react2020.eu\/it\/wp-json\/wp\/v2\/users\/4"}],"replies":[{"embeddable":true,"href":"https:\/\/react2020.eu\/it\/wp-json\/wp\/v2\/comments?post=26318"}],"version-history":[{"count":0,"href":"https:\/\/react2020.eu\/it\/wp-json\/wp\/v2\/posts\/26318\/revisions"}],"wp:featuredmedia":[{"embeddable":true,"href":"https:\/\/react2020.eu\/it\/wp-json\/wp\/v2\/media\/26250"}],"wp:attachment":[{"href":"https:\/\/react2020.eu\/it\/wp-json\/wp\/v2\/media?parent=26318"}],"wp:term":[{"taxonomy":"category","embeddable":true,"href":"https:\/\/react2020.eu\/it\/wp-json\/wp\/v2\/categories?post=26318"},{"taxonomy":"post_tag","embeddable":true,"href":"https:\/\/react2020.eu\/it\/wp-json\/wp\/v2\/tags?post=26318"}],"curies":[{"name":"wp","href":"https:\/\/api.w.org\/{rel}","templated":true}]}}