{"id":25599,"date":"2021-12-30T13:34:55","date_gmt":"2021-12-30T13:34:55","guid":{"rendered":"https:\/\/react2020.eu\/2021\/12\/30\/react-entra-a-far-parte-del-gruppo-di-progetti-horizon-2020-in-una-serie-di-webinar-promossi-da-rina-sulla-transizione-energetica-nelle-isole\/"},"modified":"2021-12-30T13:34:55","modified_gmt":"2021-12-30T13:34:55","slug":"react-entra-a-far-parte-del-gruppo-di-progetti-horizon-2020-in-una-serie-di-webinar-promossi-da-rina-sulla-transizione-energetica-nelle-isole","status":"publish","type":"post","link":"https:\/\/react2020.eu\/it\/2021\/12\/30\/react-entra-a-far-parte-del-gruppo-di-progetti-horizon-2020-in-una-serie-di-webinar-promossi-da-rina-sulla-transizione-energetica-nelle-isole\/","title":{"rendered":"REACT entra a far parte del gruppo di progetti Horizon 2020 in una serie di webinar promossi da RINA sulla Transizione Energetica nelle Isole"},"content":{"rendered":"\n<p>Nel corso di settembre 2021, RINA ha organizzato una serie di webinar focalizzati sulla transizione energetica pulita e sostenibile delle isole raggruppando insieme una serie di progetti (finanziati dal programma europeo di ricerca ed innovazione Horizon 2020) in 4 eventi separati. Lo scopo \u00e8 stato di presentare il punto di vista dei progetti Horizon 2020, consolidando i singoli approcci collaborativi ed anticipando nuove prospettive per la creazione di sinergie.  <\/p>\n\n<p>Il terzo webinar, intitolato <em>\u201cLa transizione energetica delle isole: l\u2019esperienza nei progetti Horizon 2020 \u2013 Capitolo 2: rinnovabili e tecnologie di accumulo energetico\u201d<\/em> ha avuto luogo venerd\u00ec, 17 Settembre 2021. In questo evento, il progetto REACT \u00e8 stato rappresentato da Veolia Serveis Catalunya (VEO), azienda sussidiaria di Veolia Group nonch\u00e9 coordinatore del progetto REACT, e da Fraunhofer-Institut f\u00fcr Solare Energiesysteme ISE (FHG), uno dei partner ed il principale istituto di ricerca sull\u2019energia solare in Europa.<\/p>\n\n<p>Questo webinar ha riunito diversi progetti importanti intorno al tema comune di decarbonizzare i sistemi energetici delle isole, con un focus speciale sulle fonti di energia rinnovabile (FER) e le tecnologie per l\u2019accumulo energetico. Ciascuno di questi progetti ha potuto mostrare i propri obiettivi, valorizzando le singole proposte di tecnologie innovative per sviluppare un modello energetico pi\u00f9 sostenibile.<\/p>\n\n<p>In merito al progetto REACT, sia VEO sia FHG hanno sottolineato l\u2019importanza di un impiego su larga scala degli impianti ad energia rinnovabile RES e delle tecnologie di stoccaggio energetico sulle isole geografiche tra i principali fattori abilitanti per portare benefici economici, contribuire a decarbonizzare i sistemi energetici locali e ridurre le emissioni di gas serra (GHG). Oltre a massimizzare lo sfruttamento del potenziale delle energie rinnovabili ed integrare le tecnologie di stoccaggio energetico pi\u00f9 innovative, il progetto fornir\u00e0 una piattaforma digitale su cloud, scalabile ed adattabile, per pianificare e gestire l\u2019infrastruttura abilitata alle energie rinnovabili e stoccaggio energetico, per realizzare una strategia di gestione energetica cooperativa di tipo olistico, a livello comunitario. Tutto questo verrebbe testato su siti dimostrativi in ciascuna delle tre isole pilota: La Graciosa nelle isole Canarie (Spagna), San Pietro in Sardegna (Italia) ed Inis Mor nelle isole Aran (Irlanda).<\/p>\n\n<p>Durante il webinar, i relatori del progetto REACT hanno sottolineato l\u2019importanza di lavorare in direzione di sistemi energetici nazionali ben calibrati, risolvendo ci\u00f2 che il World Energy Council (WEC) chiama il \u201ctrilemma energetico\u201d: sicurezza energetica, equit\u00e0 energetica e sostenibilit\u00e0 ambientale. Per affrontare queste tre dimensioni e le diverse barriere della tradizionale rete elettrica, REACT utilizzer\u00e0 nuovi e dirompenti sistemi di accumulo energetico per monitorare il progresso verso una serie di obiettivi scientifici e tecnici:<\/p>\n\n<ul class=\"wp-block-list\"><li>Aumentare la capacit\u00e0 di supportare le fonti d&#8217;energia rinnovabile (FER), abbinata alla capacit\u00e0 di stoccaggio dell\u2019energia su larga scala<\/li><li>Liberare il potenziale di demand response (DR) ed ottimizzare la flessibilit\u00e0 della rete di distribuzione<\/li><li>Eseguire la valutazione del ciclo di vita e il piano a lungo termine dell&#8217;infrastruttura abilitata per le FER e l\u2019accumulo<\/li><li>Coinvolgere i consumatori finali affinch\u00e9 assumano in modo cooperativo un ruolo attivo nel \u201ccircuito\u201d del controllo<\/li><li>Utilizzare gli scenari dimostrativi come casi di studio e primi utilizzatori della strategia REACT<\/li><li>Sviluppare modelli di business efficaci, pronti ad essere replicati su larga scala<\/li><\/ul>\n<p><div><span lang=\"IT\">Maggiori informazioni su questa serie di webinar sono disponibili a <\/span><a href=\"https:\/\/euislands.eu\/node\/998\"><span lang=\"IT\">questo link.<\/span><\/a><\/div><\/p>\n","protected":false},"excerpt":{"rendered":"<p>Nel corso di settembre 2021, RINA ha organizzato una serie di webinar focalizzati sulla transizione energetica pulita e sostenibile delle isole raggruppando insieme una serie di progetti (finanziati dal programma europeo di ricerca ed innovazione Horizon 2020) in 4 eventi separati. Lo scopo \u00e8 stato di presentare il punto di vista dei progetti Horizon 2020, &#8230; <a title=\"REACT entra a far parte del gruppo di progetti Horizon 2020 in una serie di webinar promossi da RINA sulla Transizione Energetica nelle Isole\" class=\"read-more\" href=\"https:\/\/react2020.eu\/it\/2021\/12\/30\/react-entra-a-far-parte-del-gruppo-di-progetti-horizon-2020-in-una-serie-di-webinar-promossi-da-rina-sulla-transizione-energetica-nelle-isole\/\" aria-label=\"Per saperne di pi\u00f9 su REACT entra a far parte del gruppo di progetti Horizon 2020 in una serie di webinar promossi da RINA sulla Transizione Energetica nelle Isole\">Leggi tutto<\/a><\/p>\n","protected":false},"author":4,"featured_media":25589,"comment_status":"closed","ping_status":"closed","sticky":false,"template":"","format":"standard","meta":{"inline_featured_image":false,"footnotes":""},"categories":[167],"tags":[],"class_list":["post-25599","post","type-post","status-publish","format-standard","has-post-thumbnail","hentry","category-non-categorizzato"],"yoast_head":"<!-- This site is optimized with the Yoast SEO plugin v27.4 - https:\/\/yoast.com\/product\/yoast-seo-wordpress\/ -->\n<title>REACT entra a far parte del gruppo di progetti Horizon 2020 in una serie di webinar promossi da RINA sulla Transizione Energetica nelle Isole - REACT 2020<\/title>\n<meta name=\"robots\" content=\"index, follow, max-snippet:-1, max-image-preview:large, max-video-preview:-1\" \/>\n<link rel=\"canonical\" href=\"https:\/\/react2020.eu\/it\/2021\/12\/30\/react-entra-a-far-parte-del-gruppo-di-progetti-horizon-2020-in-una-serie-di-webinar-promossi-da-rina-sulla-transizione-energetica-nelle-isole\/\" \/>\n<meta property=\"og:locale\" content=\"it_IT\" \/>\n<meta property=\"og:type\" content=\"article\" \/>\n<meta property=\"og:title\" content=\"REACT entra a far parte del gruppo di progetti Horizon 2020 in una serie di webinar promossi da RINA sulla Transizione Energetica nelle Isole - REACT 2020\" \/>\n<meta property=\"og:description\" content=\"Nel corso di settembre 2021, RINA ha organizzato una serie di webinar focalizzati sulla transizione energetica pulita e sostenibile delle isole raggruppando insieme una serie di progetti (finanziati dal programma europeo di ricerca ed innovazione Horizon 2020) in 4 eventi separati. Lo scopo \u00e8 stato di presentare il punto di vista dei progetti Horizon 2020, ... Leggi tutto\" \/>\n<meta property=\"og:url\" content=\"https:\/\/react2020.eu\/it\/2021\/12\/30\/react-entra-a-far-parte-del-gruppo-di-progetti-horizon-2020-in-una-serie-di-webinar-promossi-da-rina-sulla-transizione-energetica-nelle-isole\/\" \/>\n<meta property=\"og:site_name\" content=\"REACT 2020\" \/>\n<meta property=\"article:published_time\" content=\"2021-12-30T13:34:55+00:00\" \/>\n<meta property=\"og:image\" content=\"https:\/\/react2020.eu\/wp-content\/uploads\/sites\/5\/2021\/12\/clean-energy-.png\" \/>\n\t<meta property=\"og:image:width\" content=\"1024\" \/>\n\t<meta property=\"og:image:height\" content=\"640\" \/>\n\t<meta property=\"og:image:type\" content=\"image\/png\" \/>\n<meta name=\"author\" content=\"faustosainz\" \/>\n<meta name=\"twitter:card\" content=\"summary_large_image\" \/>\n<meta name=\"twitter:label1\" content=\"Scritto da\" \/>\n\t<meta name=\"twitter:data1\" content=\"faustosainz\" \/>\n\t<meta name=\"twitter:label2\" content=\"Tempo di lettura stimato\" \/>\n\t<meta name=\"twitter:data2\" content=\"3 minuti\" \/>\n<script type=\"application\/ld+json\" class=\"yoast-schema-graph\">{\"@context\":\"https:\\\/\\\/schema.org\",\"@graph\":[{\"@type\":\"Article\",\"@id\":\"https:\\\/\\\/react2020.eu\\\/it\\\/2021\\\/12\\\/30\\\/react-entra-a-far-parte-del-gruppo-di-progetti-horizon-2020-in-una-serie-di-webinar-promossi-da-rina-sulla-transizione-energetica-nelle-isole\\\/#article\",\"isPartOf\":{\"@id\":\"https:\\\/\\\/react2020.eu\\\/it\\\/2021\\\/12\\\/30\\\/react-entra-a-far-parte-del-gruppo-di-progetti-horizon-2020-in-una-serie-di-webinar-promossi-da-rina-sulla-transizione-energetica-nelle-isole\\\/\"},\"author\":{\"name\":\"faustosainz\",\"@id\":\"https:\\\/\\\/react2020.eu\\\/#\\\/schema\\\/person\\\/681223bb11ce95d8e3192772e810e453\"},\"headline\":\"REACT entra a far parte del gruppo di progetti Horizon 2020 in una serie di webinar promossi da RINA sulla Transizione Energetica nelle Isole\",\"datePublished\":\"2021-12-30T13:34:55+00:00\",\"mainEntityOfPage\":{\"@id\":\"https:\\\/\\\/react2020.eu\\\/it\\\/2021\\\/12\\\/30\\\/react-entra-a-far-parte-del-gruppo-di-progetti-horizon-2020-in-una-serie-di-webinar-promossi-da-rina-sulla-transizione-energetica-nelle-isole\\\/\"},\"wordCount\":551,\"publisher\":{\"@id\":\"https:\\\/\\\/react2020.eu\\\/#organization\"},\"image\":{\"@id\":\"https:\\\/\\\/react2020.eu\\\/it\\\/2021\\\/12\\\/30\\\/react-entra-a-far-parte-del-gruppo-di-progetti-horizon-2020-in-una-serie-di-webinar-promossi-da-rina-sulla-transizione-energetica-nelle-isole\\\/#primaryimage\"},\"thumbnailUrl\":\"https:\\\/\\\/react2020.eu\\\/wp-content\\\/uploads\\\/sites\\\/5\\\/2021\\\/12\\\/clean-energy-.png\",\"articleSection\":[\"Non categorizzato\"],\"inLanguage\":\"it-IT\"},{\"@type\":\"WebPage\",\"@id\":\"https:\\\/\\\/react2020.eu\\\/it\\\/2021\\\/12\\\/30\\\/react-entra-a-far-parte-del-gruppo-di-progetti-horizon-2020-in-una-serie-di-webinar-promossi-da-rina-sulla-transizione-energetica-nelle-isole\\\/\",\"url\":\"https:\\\/\\\/react2020.eu\\\/it\\\/2021\\\/12\\\/30\\\/react-entra-a-far-parte-del-gruppo-di-progetti-horizon-2020-in-una-serie-di-webinar-promossi-da-rina-sulla-transizione-energetica-nelle-isole\\\/\",\"name\":\"REACT entra a far parte del gruppo di progetti Horizon 2020 in una serie di webinar promossi da RINA sulla Transizione Energetica nelle Isole - REACT 2020\",\"isPartOf\":{\"@id\":\"https:\\\/\\\/react2020.eu\\\/#website\"},\"primaryImageOfPage\":{\"@id\":\"https:\\\/\\\/react2020.eu\\\/it\\\/2021\\\/12\\\/30\\\/react-entra-a-far-parte-del-gruppo-di-progetti-horizon-2020-in-una-serie-di-webinar-promossi-da-rina-sulla-transizione-energetica-nelle-isole\\\/#primaryimage\"},\"image\":{\"@id\":\"https:\\\/\\\/react2020.eu\\\/it\\\/2021\\\/12\\\/30\\\/react-entra-a-far-parte-del-gruppo-di-progetti-horizon-2020-in-una-serie-di-webinar-promossi-da-rina-sulla-transizione-energetica-nelle-isole\\\/#primaryimage\"},\"thumbnailUrl\":\"https:\\\/\\\/react2020.eu\\\/wp-content\\\/uploads\\\/sites\\\/5\\\/2021\\\/12\\\/clean-energy-.png\",\"datePublished\":\"2021-12-30T13:34:55+00:00\",\"breadcrumb\":{\"@id\":\"https:\\\/\\\/react2020.eu\\\/it\\\/2021\\\/12\\\/30\\\/react-entra-a-far-parte-del-gruppo-di-progetti-horizon-2020-in-una-serie-di-webinar-promossi-da-rina-sulla-transizione-energetica-nelle-isole\\\/#breadcrumb\"},\"inLanguage\":\"it-IT\",\"potentialAction\":[{\"@type\":\"ReadAction\",\"target\":[\"https:\\\/\\\/react2020.eu\\\/it\\\/2021\\\/12\\\/30\\\/react-entra-a-far-parte-del-gruppo-di-progetti-horizon-2020-in-una-serie-di-webinar-promossi-da-rina-sulla-transizione-energetica-nelle-isole\\\/\"]}]},{\"@type\":\"ImageObject\",\"inLanguage\":\"it-IT\",\"@id\":\"https:\\\/\\\/react2020.eu\\\/it\\\/2021\\\/12\\\/30\\\/react-entra-a-far-parte-del-gruppo-di-progetti-horizon-2020-in-una-serie-di-webinar-promossi-da-rina-sulla-transizione-energetica-nelle-isole\\\/#primaryimage\",\"url\":\"https:\\\/\\\/react2020.eu\\\/wp-content\\\/uploads\\\/sites\\\/5\\\/2021\\\/12\\\/clean-energy-.png\",\"contentUrl\":\"https:\\\/\\\/react2020.eu\\\/wp-content\\\/uploads\\\/sites\\\/5\\\/2021\\\/12\\\/clean-energy-.png\",\"width\":1024,\"height\":640},{\"@type\":\"BreadcrumbList\",\"@id\":\"https:\\\/\\\/react2020.eu\\\/it\\\/2021\\\/12\\\/30\\\/react-entra-a-far-parte-del-gruppo-di-progetti-horizon-2020-in-una-serie-di-webinar-promossi-da-rina-sulla-transizione-energetica-nelle-isole\\\/#breadcrumb\",\"itemListElement\":[{\"@type\":\"ListItem\",\"position\":1,\"name\":\"Portada\",\"item\":\"https:\\\/\\\/react2020.eu\\\/\"},{\"@type\":\"ListItem\",\"position\":2,\"name\":\"REACT entra a far parte del gruppo di progetti Horizon 2020 in una serie di webinar promossi da RINA sulla Transizione Energetica nelle Isole\"}]},{\"@type\":\"WebSite\",\"@id\":\"https:\\\/\\\/react2020.eu\\\/#website\",\"url\":\"https:\\\/\\\/react2020.eu\\\/\",\"name\":\"REACT 2020\",\"description\":\"REACT 2020 \u2013 Renewable Energy for Self-Sustainable Island Communties\",\"publisher\":{\"@id\":\"https:\\\/\\\/react2020.eu\\\/#organization\"},\"potentialAction\":[{\"@type\":\"SearchAction\",\"target\":{\"@type\":\"EntryPoint\",\"urlTemplate\":\"https:\\\/\\\/react2020.eu\\\/?s={search_term_string}\"},\"query-input\":{\"@type\":\"PropertyValueSpecification\",\"valueRequired\":true,\"valueName\":\"search_term_string\"}}],\"inLanguage\":\"it-IT\"},{\"@type\":\"Organization\",\"@id\":\"https:\\\/\\\/react2020.eu\\\/#organization\",\"name\":\"REACT 2020\",\"url\":\"https:\\\/\\\/react2020.eu\\\/\",\"logo\":{\"@type\":\"ImageObject\",\"inLanguage\":\"it-IT\",\"@id\":\"https:\\\/\\\/react2020.eu\\\/#\\\/schema\\\/logo\\\/image\\\/\",\"url\":\"https:\\\/\\\/react2020.eu\\\/wp-content\\\/uploads\\\/sites\\\/5\\\/2019\\\/07\\\/1.-REACT_Logo-horizontal_Color_RGB_2.png\",\"contentUrl\":\"https:\\\/\\\/react2020.eu\\\/wp-content\\\/uploads\\\/sites\\\/5\\\/2019\\\/07\\\/1.-REACT_Logo-horizontal_Color_RGB_2.png\",\"width\":1643,\"height\":419,\"caption\":\"REACT 2020\"},\"image\":{\"@id\":\"https:\\\/\\\/react2020.eu\\\/#\\\/schema\\\/logo\\\/image\\\/\"}},{\"@type\":\"Person\",\"@id\":\"https:\\\/\\\/react2020.eu\\\/#\\\/schema\\\/person\\\/681223bb11ce95d8e3192772e810e453\",\"name\":\"faustosainz\",\"image\":{\"@type\":\"ImageObject\",\"inLanguage\":\"it-IT\",\"@id\":\"https:\\\/\\\/secure.gravatar.com\\\/avatar\\\/f228e3d248b75040cfb046462552a8a7f74cabbdb83cd079bcc93fd43607e6c1?s=96&d=mm&r=g\",\"url\":\"https:\\\/\\\/secure.gravatar.com\\\/avatar\\\/f228e3d248b75040cfb046462552a8a7f74cabbdb83cd079bcc93fd43607e6c1?s=96&d=mm&r=g\",\"contentUrl\":\"https:\\\/\\\/secure.gravatar.com\\\/avatar\\\/f228e3d248b75040cfb046462552a8a7f74cabbdb83cd079bcc93fd43607e6c1?s=96&d=mm&r=g\",\"caption\":\"faustosainz\"},\"url\":\"https:\\\/\\\/react2020.eu\\\/it\\\/author\\\/faustosainz\\\/\"}]}<\/script>\n<!-- \/ Yoast SEO plugin. -->","yoast_head_json":{"title":"REACT entra a far parte del gruppo di progetti Horizon 2020 in una serie di webinar promossi da RINA sulla Transizione Energetica nelle Isole - REACT 2020","robots":{"index":"index","follow":"follow","max-snippet":"max-snippet:-1","max-image-preview":"max-image-preview:large","max-video-preview":"max-video-preview:-1"},"canonical":"https:\/\/react2020.eu\/it\/2021\/12\/30\/react-entra-a-far-parte-del-gruppo-di-progetti-horizon-2020-in-una-serie-di-webinar-promossi-da-rina-sulla-transizione-energetica-nelle-isole\/","og_locale":"it_IT","og_type":"article","og_title":"REACT entra a far parte del gruppo di progetti Horizon 2020 in una serie di webinar promossi da RINA sulla Transizione Energetica nelle Isole - REACT 2020","og_description":"Nel corso di settembre 2021, RINA ha organizzato una serie di webinar focalizzati sulla transizione energetica pulita e sostenibile delle isole raggruppando insieme una serie di progetti (finanziati dal programma europeo di ricerca ed innovazione Horizon 2020) in 4 eventi separati. Lo scopo \u00e8 stato di presentare il punto di vista dei progetti Horizon 2020, ... Leggi tutto","og_url":"https:\/\/react2020.eu\/it\/2021\/12\/30\/react-entra-a-far-parte-del-gruppo-di-progetti-horizon-2020-in-una-serie-di-webinar-promossi-da-rina-sulla-transizione-energetica-nelle-isole\/","og_site_name":"REACT 2020","article_published_time":"2021-12-30T13:34:55+00:00","og_image":[{"width":1024,"height":640,"url":"https:\/\/react2020.eu\/wp-content\/uploads\/sites\/5\/2021\/12\/clean-energy-.png","type":"image\/png"}],"author":"faustosainz","twitter_card":"summary_large_image","twitter_misc":{"Scritto da":"faustosainz","Tempo di lettura stimato":"3 minuti"},"schema":{"@context":"https:\/\/schema.org","@graph":[{"@type":"Article","@id":"https:\/\/react2020.eu\/it\/2021\/12\/30\/react-entra-a-far-parte-del-gruppo-di-progetti-horizon-2020-in-una-serie-di-webinar-promossi-da-rina-sulla-transizione-energetica-nelle-isole\/#article","isPartOf":{"@id":"https:\/\/react2020.eu\/it\/2021\/12\/30\/react-entra-a-far-parte-del-gruppo-di-progetti-horizon-2020-in-una-serie-di-webinar-promossi-da-rina-sulla-transizione-energetica-nelle-isole\/"},"author":{"name":"faustosainz","@id":"https:\/\/react2020.eu\/#\/schema\/person\/681223bb11ce95d8e3192772e810e453"},"headline":"REACT entra a far parte del gruppo di progetti Horizon 2020 in una serie di webinar promossi da RINA sulla Transizione Energetica nelle Isole","datePublished":"2021-12-30T13:34:55+00:00","mainEntityOfPage":{"@id":"https:\/\/react2020.eu\/it\/2021\/12\/30\/react-entra-a-far-parte-del-gruppo-di-progetti-horizon-2020-in-una-serie-di-webinar-promossi-da-rina-sulla-transizione-energetica-nelle-isole\/"},"wordCount":551,"publisher":{"@id":"https:\/\/react2020.eu\/#organization"},"image":{"@id":"https:\/\/react2020.eu\/it\/2021\/12\/30\/react-entra-a-far-parte-del-gruppo-di-progetti-horizon-2020-in-una-serie-di-webinar-promossi-da-rina-sulla-transizione-energetica-nelle-isole\/#primaryimage"},"thumbnailUrl":"https:\/\/react2020.eu\/wp-content\/uploads\/sites\/5\/2021\/12\/clean-energy-.png","articleSection":["Non categorizzato"],"inLanguage":"it-IT"},{"@type":"WebPage","@id":"https:\/\/react2020.eu\/it\/2021\/12\/30\/react-entra-a-far-parte-del-gruppo-di-progetti-horizon-2020-in-una-serie-di-webinar-promossi-da-rina-sulla-transizione-energetica-nelle-isole\/","url":"https:\/\/react2020.eu\/it\/2021\/12\/30\/react-entra-a-far-parte-del-gruppo-di-progetti-horizon-2020-in-una-serie-di-webinar-promossi-da-rina-sulla-transizione-energetica-nelle-isole\/","name":"REACT entra a far parte del gruppo di progetti Horizon 2020 in una serie di webinar promossi da RINA sulla Transizione Energetica nelle Isole - REACT 2020","isPartOf":{"@id":"https:\/\/react2020.eu\/#website"},"primaryImageOfPage":{"@id":"https:\/\/react2020.eu\/it\/2021\/12\/30\/react-entra-a-far-parte-del-gruppo-di-progetti-horizon-2020-in-una-serie-di-webinar-promossi-da-rina-sulla-transizione-energetica-nelle-isole\/#primaryimage"},"image":{"@id":"https:\/\/react2020.eu\/it\/2021\/12\/30\/react-entra-a-far-parte-del-gruppo-di-progetti-horizon-2020-in-una-serie-di-webinar-promossi-da-rina-sulla-transizione-energetica-nelle-isole\/#primaryimage"},"thumbnailUrl":"https:\/\/react2020.eu\/wp-content\/uploads\/sites\/5\/2021\/12\/clean-energy-.png","datePublished":"2021-12-30T13:34:55+00:00","breadcrumb":{"@id":"https:\/\/react2020.eu\/it\/2021\/12\/30\/react-entra-a-far-parte-del-gruppo-di-progetti-horizon-2020-in-una-serie-di-webinar-promossi-da-rina-sulla-transizione-energetica-nelle-isole\/#breadcrumb"},"inLanguage":"it-IT","potentialAction":[{"@type":"ReadAction","target":["https:\/\/react2020.eu\/it\/2021\/12\/30\/react-entra-a-far-parte-del-gruppo-di-progetti-horizon-2020-in-una-serie-di-webinar-promossi-da-rina-sulla-transizione-energetica-nelle-isole\/"]}]},{"@type":"ImageObject","inLanguage":"it-IT","@id":"https:\/\/react2020.eu\/it\/2021\/12\/30\/react-entra-a-far-parte-del-gruppo-di-progetti-horizon-2020-in-una-serie-di-webinar-promossi-da-rina-sulla-transizione-energetica-nelle-isole\/#primaryimage","url":"https:\/\/react2020.eu\/wp-content\/uploads\/sites\/5\/2021\/12\/clean-energy-.png","contentUrl":"https:\/\/react2020.eu\/wp-content\/uploads\/sites\/5\/2021\/12\/clean-energy-.png","width":1024,"height":640},{"@type":"BreadcrumbList","@id":"https:\/\/react2020.eu\/it\/2021\/12\/30\/react-entra-a-far-parte-del-gruppo-di-progetti-horizon-2020-in-una-serie-di-webinar-promossi-da-rina-sulla-transizione-energetica-nelle-isole\/#breadcrumb","itemListElement":[{"@type":"ListItem","position":1,"name":"Portada","item":"https:\/\/react2020.eu\/"},{"@type":"ListItem","position":2,"name":"REACT entra a far parte del gruppo di progetti Horizon 2020 in una serie di webinar promossi da RINA sulla Transizione Energetica nelle Isole"}]},{"@type":"WebSite","@id":"https:\/\/react2020.eu\/#website","url":"https:\/\/react2020.eu\/","name":"REACT 2020","description":"REACT 2020 \u2013 Renewable Energy for Self-Sustainable Island Communties","publisher":{"@id":"https:\/\/react2020.eu\/#organization"},"potentialAction":[{"@type":"SearchAction","target":{"@type":"EntryPoint","urlTemplate":"https:\/\/react2020.eu\/?s={search_term_string}"},"query-input":{"@type":"PropertyValueSpecification","valueRequired":true,"valueName":"search_term_string"}}],"inLanguage":"it-IT"},{"@type":"Organization","@id":"https:\/\/react2020.eu\/#organization","name":"REACT 2020","url":"https:\/\/react2020.eu\/","logo":{"@type":"ImageObject","inLanguage":"it-IT","@id":"https:\/\/react2020.eu\/#\/schema\/logo\/image\/","url":"https:\/\/react2020.eu\/wp-content\/uploads\/sites\/5\/2019\/07\/1.-REACT_Logo-horizontal_Color_RGB_2.png","contentUrl":"https:\/\/react2020.eu\/wp-content\/uploads\/sites\/5\/2019\/07\/1.-REACT_Logo-horizontal_Color_RGB_2.png","width":1643,"height":419,"caption":"REACT 2020"},"image":{"@id":"https:\/\/react2020.eu\/#\/schema\/logo\/image\/"}},{"@type":"Person","@id":"https:\/\/react2020.eu\/#\/schema\/person\/681223bb11ce95d8e3192772e810e453","name":"faustosainz","image":{"@type":"ImageObject","inLanguage":"it-IT","@id":"https:\/\/secure.gravatar.com\/avatar\/f228e3d248b75040cfb046462552a8a7f74cabbdb83cd079bcc93fd43607e6c1?s=96&d=mm&r=g","url":"https:\/\/secure.gravatar.com\/avatar\/f228e3d248b75040cfb046462552a8a7f74cabbdb83cd079bcc93fd43607e6c1?s=96&d=mm&r=g","contentUrl":"https:\/\/secure.gravatar.com\/avatar\/f228e3d248b75040cfb046462552a8a7f74cabbdb83cd079bcc93fd43607e6c1?s=96&d=mm&r=g","caption":"faustosainz"},"url":"https:\/\/react2020.eu\/it\/author\/faustosainz\/"}]}},"_links":{"self":[{"href":"https:\/\/react2020.eu\/it\/wp-json\/wp\/v2\/posts\/25599","targetHints":{"allow":["GET"]}}],"collection":[{"href":"https:\/\/react2020.eu\/it\/wp-json\/wp\/v2\/posts"}],"about":[{"href":"https:\/\/react2020.eu\/it\/wp-json\/wp\/v2\/types\/post"}],"author":[{"embeddable":true,"href":"https:\/\/react2020.eu\/it\/wp-json\/wp\/v2\/users\/4"}],"replies":[{"embeddable":true,"href":"https:\/\/react2020.eu\/it\/wp-json\/wp\/v2\/comments?post=25599"}],"version-history":[{"count":0,"href":"https:\/\/react2020.eu\/it\/wp-json\/wp\/v2\/posts\/25599\/revisions"}],"wp:featuredmedia":[{"embeddable":true,"href":"https:\/\/react2020.eu\/it\/wp-json\/wp\/v2\/media\/25589"}],"wp:attachment":[{"href":"https:\/\/react2020.eu\/it\/wp-json\/wp\/v2\/media?parent=25599"}],"wp:term":[{"taxonomy":"category","embeddable":true,"href":"https:\/\/react2020.eu\/it\/wp-json\/wp\/v2\/categories?post=25599"},{"taxonomy":"post_tag","embeddable":true,"href":"https:\/\/react2020.eu\/it\/wp-json\/wp\/v2\/tags?post=25599"}],"curies":[{"name":"wp","href":"https:\/\/api.w.org\/{rel}","templated":true}]}}