{"id":23699,"date":"2020-11-25T09:17:00","date_gmt":"2020-11-25T09:17:00","guid":{"rendered":"https:\/\/react2020.publishing.comet.technology\/2021\/01\/14\/il-team-di-react-si-e-riunito-virtualmente-oggi-per-la-sua-quarta-assemblea-generale\/"},"modified":"2021-01-15T10:44:49","modified_gmt":"2021-01-15T10:44:49","slug":"il-team-di-react-si-e-riunito-virtualmente-oggi-per-la-sua-quarta-assemblea-generale","status":"publish","type":"post","link":"https:\/\/react2020.eu\/it\/2020\/11\/25\/il-team-di-react-si-e-riunito-virtualmente-oggi-per-la-sua-quarta-assemblea-generale\/","title":{"rendered":"Il Team di REACT si \u00e8 Riunito Virtualmente Oggi per la sua Quarta Assemblea Generale"},"content":{"rendered":"\n<p>I partner di REACT si sono riuniti oggi, 24 novembre, per la quarta Assemblea Generale al fine di esaminare e presentare i progressi compiuti per raggiungere gli obiettivi stabiliti dal progetto REACT.<\/p>\n\n\n\n<p>La mezza giornata di riunione \u00e8 stata molto proficua. Insieme agli aggiornamenti dei diversi work packages si sono discussi diversi argomenti come ad esempio il contesto degli utenti e la strategia demand response. \u00c8 stato anche evidenziato che \u00e8 stato fatto un grande sforzo da parte dei partner locali e dei loro cluster pilota relativi al reclutamento e alle attivit\u00e0 di coinvolgimento degli utenti REACT. Queste attivit\u00e0 includono indagini tra la comunit\u00e0 locale per capire come possiamo comunicare meglio i nostri contenuti e la creazione di diversi materiali scritti e visivi per presentare i nostri obiettivi, come ad esempio i video animati sviluppati per ogni isola pilota nella loro lingua locale: La Graciosa in spagnolo, San Pietro in italiano e Inis M\u00f3r in irlandese. Tutto il materiale di comunicazione del progetto \u00e8 attualmente in fase di traduzione in queste tre lingue per facilitare la comprensione del nostro progetto e sostenere i partner che implementano le tecnologie delle energie rinnovabili nelle abitazioni dei partecipanti di ogni isola pilota.<\/p>\n\n\n\n<p>L&#8217;incontro si \u00e8 concluso con la revisione e l&#8217;accordo sui prossimi passi per garantire la fattibilit\u00e0 di REACT e con l&#8217;impegno di fare dell&#8217;indipendenza energetica dell&#8217;isola la nostra motivazione principale.<\/p>\n\n\n\n<div class=\"wp-block-image\"><figure class=\"aligncenter size-large\"><img fetchpriority=\"high\" decoding=\"async\" width=\"865\" height=\"414\" src=\"https:\/\/react2020.eu\/wp-content\/uploads\/sites\/5\/2020\/11\/a2-1.png\" alt=\"\" class=\"wp-image-22708\" srcset=\"https:\/\/react2020.eu\/wp-content\/uploads\/sites\/5\/2020\/11\/a2-1.png 865w, https:\/\/react2020.eu\/wp-content\/uploads\/sites\/5\/2020\/11\/a2-1-300x144.png 300w, https:\/\/react2020.eu\/wp-content\/uploads\/sites\/5\/2020\/11\/a2-1-768x368.png 768w\" sizes=\"(max-width: 865px) 100vw, 865px\" \/><\/figure><\/div>\n","protected":false},"excerpt":{"rendered":"<p>I partner di REACT si sono riuniti oggi, 24 novembre, per la quarta Assemblea Generale al fine di esaminare e presentare i progressi compiuti per raggiungere gli obiettivi stabiliti dal progetto REACT. La mezza giornata di riunione \u00e8 stata molto proficua. Insieme agli aggiornamenti dei diversi work packages si sono discussi diversi argomenti come ad &#8230; <a title=\"Il Team di REACT si \u00e8 Riunito Virtualmente Oggi per la sua Quarta Assemblea Generale\" class=\"read-more\" href=\"https:\/\/react2020.eu\/it\/2020\/11\/25\/il-team-di-react-si-e-riunito-virtualmente-oggi-per-la-sua-quarta-assemblea-generale\/\" aria-label=\"Per saperne di pi\u00f9 su Il Team di REACT si \u00e8 Riunito Virtualmente Oggi per la sua Quarta Assemblea Generale\">Leggi tutto<\/a><\/p>\n","protected":false},"author":1,"featured_media":22714,"comment_status":"closed","ping_status":"open","sticky":false,"template":"","format":"standard","meta":{"inline_featured_image":false,"footnotes":""},"categories":[186],"tags":[253,376,254,202,223,379,189,207,394],"class_list":["post-23699","post","type-post","status-publish","format-standard","has-post-thumbnail","hentry","category-general-assembly-it","tag-climate-change-it","tag-climate-crisis-it","tag-climate-deal-it","tag-energy-awareness-it","tag-energy-communities-it","tag-energy-efficiency-it","tag-renewable-energy-it","tag-solar-energy-it","tag-sustainability-it"],"yoast_head":"<!-- This site is optimized with the Yoast SEO plugin v27.4 - https:\/\/yoast.com\/product\/yoast-seo-wordpress\/ -->\n<title>Il Team di REACT si \u00e8 Riunito Virtualmente Oggi per la sua Quarta Assemblea Generale - REACT 2020<\/title>\n<meta name=\"robots\" content=\"index, follow, max-snippet:-1, max-image-preview:large, max-video-preview:-1\" \/>\n<link rel=\"canonical\" href=\"https:\/\/react2020.eu\/it\/2020\/11\/25\/il-team-di-react-si-e-riunito-virtualmente-oggi-per-la-sua-quarta-assemblea-generale\/\" \/>\n<meta property=\"og:locale\" content=\"it_IT\" \/>\n<meta property=\"og:type\" content=\"article\" \/>\n<meta property=\"og:title\" content=\"Il Team di REACT si \u00e8 Riunito Virtualmente Oggi per la sua Quarta Assemblea Generale - REACT 2020\" \/>\n<meta property=\"og:description\" content=\"I partner di REACT si sono riuniti oggi, 24 novembre, per la quarta Assemblea Generale al fine di esaminare e presentare i progressi compiuti per raggiungere gli obiettivi stabiliti dal progetto REACT. La mezza giornata di riunione \u00e8 stata molto proficua. Insieme agli aggiornamenti dei diversi work packages si sono discussi diversi argomenti come ad ... Leggi tutto\" \/>\n<meta property=\"og:url\" content=\"https:\/\/react2020.eu\/it\/2020\/11\/25\/il-team-di-react-si-e-riunito-virtualmente-oggi-per-la-sua-quarta-assemblea-generale\/\" \/>\n<meta property=\"og:site_name\" content=\"REACT 2020\" \/>\n<meta property=\"article:published_time\" content=\"2020-11-25T09:17:00+00:00\" \/>\n<meta property=\"article:modified_time\" content=\"2021-01-15T10:44:49+00:00\" \/>\n<meta property=\"og:image\" content=\"https:\/\/react2020.eu\/wp-content\/uploads\/sites\/5\/2020\/11\/a1.png\" \/>\n\t<meta property=\"og:image:width\" content=\"1200\" \/>\n\t<meta property=\"og:image:height\" content=\"667\" \/>\n\t<meta property=\"og:image:type\" content=\"image\/png\" \/>\n<meta name=\"author\" content=\"AdminCometPublishing\" \/>\n<meta name=\"twitter:card\" content=\"summary_large_image\" \/>\n<meta name=\"twitter:label1\" content=\"Scritto da\" \/>\n\t<meta name=\"twitter:data1\" content=\"AdminCometPublishing\" \/>\n\t<meta name=\"twitter:label2\" content=\"Tempo di lettura stimato\" \/>\n\t<meta name=\"twitter:data2\" content=\"2 minuti\" \/>\n<script type=\"application\/ld+json\" class=\"yoast-schema-graph\">{\"@context\":\"https:\\\/\\\/schema.org\",\"@graph\":[{\"@type\":\"Article\",\"@id\":\"https:\\\/\\\/react2020.eu\\\/it\\\/2020\\\/11\\\/25\\\/il-team-di-react-si-e-riunito-virtualmente-oggi-per-la-sua-quarta-assemblea-generale\\\/#article\",\"isPartOf\":{\"@id\":\"https:\\\/\\\/react2020.eu\\\/it\\\/2020\\\/11\\\/25\\\/il-team-di-react-si-e-riunito-virtualmente-oggi-per-la-sua-quarta-assemblea-generale\\\/\"},\"author\":{\"name\":\"AdminCometPublishing\",\"@id\":\"https:\\\/\\\/react2020.eu\\\/#\\\/schema\\\/person\\\/e7d9c78a25d3d519f2588384a3fbea90\"},\"headline\":\"Il Team di REACT si \u00e8 Riunito Virtualmente Oggi per la sua Quarta Assemblea Generale\",\"datePublished\":\"2020-11-25T09:17:00+00:00\",\"dateModified\":\"2021-01-15T10:44:49+00:00\",\"mainEntityOfPage\":{\"@id\":\"https:\\\/\\\/react2020.eu\\\/it\\\/2020\\\/11\\\/25\\\/il-team-di-react-si-e-riunito-virtualmente-oggi-per-la-sua-quarta-assemblea-generale\\\/\"},\"wordCount\":243,\"publisher\":{\"@id\":\"https:\\\/\\\/react2020.eu\\\/#organization\"},\"image\":{\"@id\":\"https:\\\/\\\/react2020.eu\\\/it\\\/2020\\\/11\\\/25\\\/il-team-di-react-si-e-riunito-virtualmente-oggi-per-la-sua-quarta-assemblea-generale\\\/#primaryimage\"},\"thumbnailUrl\":\"https:\\\/\\\/react2020.eu\\\/wp-content\\\/uploads\\\/sites\\\/5\\\/2020\\\/11\\\/a1.png\",\"keywords\":[\"climate change\",\"climate crisis\",\"climate deal\",\"energy awareness\",\"energy communities\",\"Energy efficiency\",\"Renewable Energy\",\"Solar energy\",\"sustainability\"],\"articleSection\":[\"General Assembly\"],\"inLanguage\":\"it-IT\"},{\"@type\":\"WebPage\",\"@id\":\"https:\\\/\\\/react2020.eu\\\/it\\\/2020\\\/11\\\/25\\\/il-team-di-react-si-e-riunito-virtualmente-oggi-per-la-sua-quarta-assemblea-generale\\\/\",\"url\":\"https:\\\/\\\/react2020.eu\\\/it\\\/2020\\\/11\\\/25\\\/il-team-di-react-si-e-riunito-virtualmente-oggi-per-la-sua-quarta-assemblea-generale\\\/\",\"name\":\"Il Team di REACT si \u00e8 Riunito Virtualmente Oggi per la sua Quarta Assemblea Generale - REACT 2020\",\"isPartOf\":{\"@id\":\"https:\\\/\\\/react2020.eu\\\/#website\"},\"primaryImageOfPage\":{\"@id\":\"https:\\\/\\\/react2020.eu\\\/it\\\/2020\\\/11\\\/25\\\/il-team-di-react-si-e-riunito-virtualmente-oggi-per-la-sua-quarta-assemblea-generale\\\/#primaryimage\"},\"image\":{\"@id\":\"https:\\\/\\\/react2020.eu\\\/it\\\/2020\\\/11\\\/25\\\/il-team-di-react-si-e-riunito-virtualmente-oggi-per-la-sua-quarta-assemblea-generale\\\/#primaryimage\"},\"thumbnailUrl\":\"https:\\\/\\\/react2020.eu\\\/wp-content\\\/uploads\\\/sites\\\/5\\\/2020\\\/11\\\/a1.png\",\"datePublished\":\"2020-11-25T09:17:00+00:00\",\"dateModified\":\"2021-01-15T10:44:49+00:00\",\"breadcrumb\":{\"@id\":\"https:\\\/\\\/react2020.eu\\\/it\\\/2020\\\/11\\\/25\\\/il-team-di-react-si-e-riunito-virtualmente-oggi-per-la-sua-quarta-assemblea-generale\\\/#breadcrumb\"},\"inLanguage\":\"it-IT\",\"potentialAction\":[{\"@type\":\"ReadAction\",\"target\":[\"https:\\\/\\\/react2020.eu\\\/it\\\/2020\\\/11\\\/25\\\/il-team-di-react-si-e-riunito-virtualmente-oggi-per-la-sua-quarta-assemblea-generale\\\/\"]}]},{\"@type\":\"ImageObject\",\"inLanguage\":\"it-IT\",\"@id\":\"https:\\\/\\\/react2020.eu\\\/it\\\/2020\\\/11\\\/25\\\/il-team-di-react-si-e-riunito-virtualmente-oggi-per-la-sua-quarta-assemblea-generale\\\/#primaryimage\",\"url\":\"https:\\\/\\\/react2020.eu\\\/wp-content\\\/uploads\\\/sites\\\/5\\\/2020\\\/11\\\/a1.png\",\"contentUrl\":\"https:\\\/\\\/react2020.eu\\\/wp-content\\\/uploads\\\/sites\\\/5\\\/2020\\\/11\\\/a1.png\",\"width\":1200,\"height\":667},{\"@type\":\"BreadcrumbList\",\"@id\":\"https:\\\/\\\/react2020.eu\\\/it\\\/2020\\\/11\\\/25\\\/il-team-di-react-si-e-riunito-virtualmente-oggi-per-la-sua-quarta-assemblea-generale\\\/#breadcrumb\",\"itemListElement\":[{\"@type\":\"ListItem\",\"position\":1,\"name\":\"Portada\",\"item\":\"https:\\\/\\\/react2020.eu\\\/\"},{\"@type\":\"ListItem\",\"position\":2,\"name\":\"Il Team di REACT si \u00e8 Riunito Virtualmente Oggi per la sua Quarta Assemblea Generale\"}]},{\"@type\":\"WebSite\",\"@id\":\"https:\\\/\\\/react2020.eu\\\/#website\",\"url\":\"https:\\\/\\\/react2020.eu\\\/\",\"name\":\"REACT 2020\",\"description\":\"REACT 2020 \u2013 Renewable Energy for Self-Sustainable Island Communties\",\"publisher\":{\"@id\":\"https:\\\/\\\/react2020.eu\\\/#organization\"},\"potentialAction\":[{\"@type\":\"SearchAction\",\"target\":{\"@type\":\"EntryPoint\",\"urlTemplate\":\"https:\\\/\\\/react2020.eu\\\/?s={search_term_string}\"},\"query-input\":{\"@type\":\"PropertyValueSpecification\",\"valueRequired\":true,\"valueName\":\"search_term_string\"}}],\"inLanguage\":\"it-IT\"},{\"@type\":\"Organization\",\"@id\":\"https:\\\/\\\/react2020.eu\\\/#organization\",\"name\":\"REACT 2020\",\"url\":\"https:\\\/\\\/react2020.eu\\\/\",\"logo\":{\"@type\":\"ImageObject\",\"inLanguage\":\"it-IT\",\"@id\":\"https:\\\/\\\/react2020.eu\\\/#\\\/schema\\\/logo\\\/image\\\/\",\"url\":\"https:\\\/\\\/react2020.eu\\\/wp-content\\\/uploads\\\/sites\\\/5\\\/2019\\\/07\\\/1.-REACT_Logo-horizontal_Color_RGB_2.png\",\"contentUrl\":\"https:\\\/\\\/react2020.eu\\\/wp-content\\\/uploads\\\/sites\\\/5\\\/2019\\\/07\\\/1.-REACT_Logo-horizontal_Color_RGB_2.png\",\"width\":1643,\"height\":419,\"caption\":\"REACT 2020\"},\"image\":{\"@id\":\"https:\\\/\\\/react2020.eu\\\/#\\\/schema\\\/logo\\\/image\\\/\"}},{\"@type\":\"Person\",\"@id\":\"https:\\\/\\\/react2020.eu\\\/#\\\/schema\\\/person\\\/e7d9c78a25d3d519f2588384a3fbea90\",\"name\":\"AdminCometPublishing\",\"image\":{\"@type\":\"ImageObject\",\"inLanguage\":\"it-IT\",\"@id\":\"https:\\\/\\\/secure.gravatar.com\\\/avatar\\\/6ce858727fb26acaa2181992800c32363ecd1b00a21522a41880ad1b33a8ef96?s=96&d=mm&r=g\",\"url\":\"https:\\\/\\\/secure.gravatar.com\\\/avatar\\\/6ce858727fb26acaa2181992800c32363ecd1b00a21522a41880ad1b33a8ef96?s=96&d=mm&r=g\",\"contentUrl\":\"https:\\\/\\\/secure.gravatar.com\\\/avatar\\\/6ce858727fb26acaa2181992800c32363ecd1b00a21522a41880ad1b33a8ef96?s=96&d=mm&r=g\",\"caption\":\"AdminCometPublishing\"},\"sameAs\":[\"https:\\\/\\\/publishing.comet.technology\"],\"url\":\"https:\\\/\\\/react2020.eu\\\/it\\\/author\\\/admincometpublishing\\\/\"}]}<\/script>\n<!-- \/ Yoast SEO plugin. -->","yoast_head_json":{"title":"Il Team di REACT si \u00e8 Riunito Virtualmente Oggi per la sua Quarta Assemblea Generale - REACT 2020","robots":{"index":"index","follow":"follow","max-snippet":"max-snippet:-1","max-image-preview":"max-image-preview:large","max-video-preview":"max-video-preview:-1"},"canonical":"https:\/\/react2020.eu\/it\/2020\/11\/25\/il-team-di-react-si-e-riunito-virtualmente-oggi-per-la-sua-quarta-assemblea-generale\/","og_locale":"it_IT","og_type":"article","og_title":"Il Team di REACT si \u00e8 Riunito Virtualmente Oggi per la sua Quarta Assemblea Generale - REACT 2020","og_description":"I partner di REACT si sono riuniti oggi, 24 novembre, per la quarta Assemblea Generale al fine di esaminare e presentare i progressi compiuti per raggiungere gli obiettivi stabiliti dal progetto REACT. La mezza giornata di riunione \u00e8 stata molto proficua. Insieme agli aggiornamenti dei diversi work packages si sono discussi diversi argomenti come ad ... Leggi tutto","og_url":"https:\/\/react2020.eu\/it\/2020\/11\/25\/il-team-di-react-si-e-riunito-virtualmente-oggi-per-la-sua-quarta-assemblea-generale\/","og_site_name":"REACT 2020","article_published_time":"2020-11-25T09:17:00+00:00","article_modified_time":"2021-01-15T10:44:49+00:00","og_image":[{"width":1200,"height":667,"url":"https:\/\/react2020.eu\/wp-content\/uploads\/sites\/5\/2020\/11\/a1.png","type":"image\/png"}],"author":"AdminCometPublishing","twitter_card":"summary_large_image","twitter_misc":{"Scritto da":"AdminCometPublishing","Tempo di lettura stimato":"2 minuti"},"schema":{"@context":"https:\/\/schema.org","@graph":[{"@type":"Article","@id":"https:\/\/react2020.eu\/it\/2020\/11\/25\/il-team-di-react-si-e-riunito-virtualmente-oggi-per-la-sua-quarta-assemblea-generale\/#article","isPartOf":{"@id":"https:\/\/react2020.eu\/it\/2020\/11\/25\/il-team-di-react-si-e-riunito-virtualmente-oggi-per-la-sua-quarta-assemblea-generale\/"},"author":{"name":"AdminCometPublishing","@id":"https:\/\/react2020.eu\/#\/schema\/person\/e7d9c78a25d3d519f2588384a3fbea90"},"headline":"Il Team di REACT si \u00e8 Riunito Virtualmente Oggi per la sua Quarta Assemblea Generale","datePublished":"2020-11-25T09:17:00+00:00","dateModified":"2021-01-15T10:44:49+00:00","mainEntityOfPage":{"@id":"https:\/\/react2020.eu\/it\/2020\/11\/25\/il-team-di-react-si-e-riunito-virtualmente-oggi-per-la-sua-quarta-assemblea-generale\/"},"wordCount":243,"publisher":{"@id":"https:\/\/react2020.eu\/#organization"},"image":{"@id":"https:\/\/react2020.eu\/it\/2020\/11\/25\/il-team-di-react-si-e-riunito-virtualmente-oggi-per-la-sua-quarta-assemblea-generale\/#primaryimage"},"thumbnailUrl":"https:\/\/react2020.eu\/wp-content\/uploads\/sites\/5\/2020\/11\/a1.png","keywords":["climate change","climate crisis","climate deal","energy awareness","energy communities","Energy efficiency","Renewable Energy","Solar energy","sustainability"],"articleSection":["General Assembly"],"inLanguage":"it-IT"},{"@type":"WebPage","@id":"https:\/\/react2020.eu\/it\/2020\/11\/25\/il-team-di-react-si-e-riunito-virtualmente-oggi-per-la-sua-quarta-assemblea-generale\/","url":"https:\/\/react2020.eu\/it\/2020\/11\/25\/il-team-di-react-si-e-riunito-virtualmente-oggi-per-la-sua-quarta-assemblea-generale\/","name":"Il Team di REACT si \u00e8 Riunito Virtualmente Oggi per la sua Quarta Assemblea Generale - REACT 2020","isPartOf":{"@id":"https:\/\/react2020.eu\/#website"},"primaryImageOfPage":{"@id":"https:\/\/react2020.eu\/it\/2020\/11\/25\/il-team-di-react-si-e-riunito-virtualmente-oggi-per-la-sua-quarta-assemblea-generale\/#primaryimage"},"image":{"@id":"https:\/\/react2020.eu\/it\/2020\/11\/25\/il-team-di-react-si-e-riunito-virtualmente-oggi-per-la-sua-quarta-assemblea-generale\/#primaryimage"},"thumbnailUrl":"https:\/\/react2020.eu\/wp-content\/uploads\/sites\/5\/2020\/11\/a1.png","datePublished":"2020-11-25T09:17:00+00:00","dateModified":"2021-01-15T10:44:49+00:00","breadcrumb":{"@id":"https:\/\/react2020.eu\/it\/2020\/11\/25\/il-team-di-react-si-e-riunito-virtualmente-oggi-per-la-sua-quarta-assemblea-generale\/#breadcrumb"},"inLanguage":"it-IT","potentialAction":[{"@type":"ReadAction","target":["https:\/\/react2020.eu\/it\/2020\/11\/25\/il-team-di-react-si-e-riunito-virtualmente-oggi-per-la-sua-quarta-assemblea-generale\/"]}]},{"@type":"ImageObject","inLanguage":"it-IT","@id":"https:\/\/react2020.eu\/it\/2020\/11\/25\/il-team-di-react-si-e-riunito-virtualmente-oggi-per-la-sua-quarta-assemblea-generale\/#primaryimage","url":"https:\/\/react2020.eu\/wp-content\/uploads\/sites\/5\/2020\/11\/a1.png","contentUrl":"https:\/\/react2020.eu\/wp-content\/uploads\/sites\/5\/2020\/11\/a1.png","width":1200,"height":667},{"@type":"BreadcrumbList","@id":"https:\/\/react2020.eu\/it\/2020\/11\/25\/il-team-di-react-si-e-riunito-virtualmente-oggi-per-la-sua-quarta-assemblea-generale\/#breadcrumb","itemListElement":[{"@type":"ListItem","position":1,"name":"Portada","item":"https:\/\/react2020.eu\/"},{"@type":"ListItem","position":2,"name":"Il Team di REACT si \u00e8 Riunito Virtualmente Oggi per la sua Quarta Assemblea Generale"}]},{"@type":"WebSite","@id":"https:\/\/react2020.eu\/#website","url":"https:\/\/react2020.eu\/","name":"REACT 2020","description":"REACT 2020 \u2013 Renewable Energy for Self-Sustainable Island Communties","publisher":{"@id":"https:\/\/react2020.eu\/#organization"},"potentialAction":[{"@type":"SearchAction","target":{"@type":"EntryPoint","urlTemplate":"https:\/\/react2020.eu\/?s={search_term_string}"},"query-input":{"@type":"PropertyValueSpecification","valueRequired":true,"valueName":"search_term_string"}}],"inLanguage":"it-IT"},{"@type":"Organization","@id":"https:\/\/react2020.eu\/#organization","name":"REACT 2020","url":"https:\/\/react2020.eu\/","logo":{"@type":"ImageObject","inLanguage":"it-IT","@id":"https:\/\/react2020.eu\/#\/schema\/logo\/image\/","url":"https:\/\/react2020.eu\/wp-content\/uploads\/sites\/5\/2019\/07\/1.-REACT_Logo-horizontal_Color_RGB_2.png","contentUrl":"https:\/\/react2020.eu\/wp-content\/uploads\/sites\/5\/2019\/07\/1.-REACT_Logo-horizontal_Color_RGB_2.png","width":1643,"height":419,"caption":"REACT 2020"},"image":{"@id":"https:\/\/react2020.eu\/#\/schema\/logo\/image\/"}},{"@type":"Person","@id":"https:\/\/react2020.eu\/#\/schema\/person\/e7d9c78a25d3d519f2588384a3fbea90","name":"AdminCometPublishing","image":{"@type":"ImageObject","inLanguage":"it-IT","@id":"https:\/\/secure.gravatar.com\/avatar\/6ce858727fb26acaa2181992800c32363ecd1b00a21522a41880ad1b33a8ef96?s=96&d=mm&r=g","url":"https:\/\/secure.gravatar.com\/avatar\/6ce858727fb26acaa2181992800c32363ecd1b00a21522a41880ad1b33a8ef96?s=96&d=mm&r=g","contentUrl":"https:\/\/secure.gravatar.com\/avatar\/6ce858727fb26acaa2181992800c32363ecd1b00a21522a41880ad1b33a8ef96?s=96&d=mm&r=g","caption":"AdminCometPublishing"},"sameAs":["https:\/\/publishing.comet.technology"],"url":"https:\/\/react2020.eu\/it\/author\/admincometpublishing\/"}]}},"_links":{"self":[{"href":"https:\/\/react2020.eu\/it\/wp-json\/wp\/v2\/posts\/23699","targetHints":{"allow":["GET"]}}],"collection":[{"href":"https:\/\/react2020.eu\/it\/wp-json\/wp\/v2\/posts"}],"about":[{"href":"https:\/\/react2020.eu\/it\/wp-json\/wp\/v2\/types\/post"}],"author":[{"embeddable":true,"href":"https:\/\/react2020.eu\/it\/wp-json\/wp\/v2\/users\/1"}],"replies":[{"embeddable":true,"href":"https:\/\/react2020.eu\/it\/wp-json\/wp\/v2\/comments?post=23699"}],"version-history":[{"count":0,"href":"https:\/\/react2020.eu\/it\/wp-json\/wp\/v2\/posts\/23699\/revisions"}],"wp:featuredmedia":[{"embeddable":true,"href":"https:\/\/react2020.eu\/it\/wp-json\/wp\/v2\/media\/22714"}],"wp:attachment":[{"href":"https:\/\/react2020.eu\/it\/wp-json\/wp\/v2\/media?parent=23699"}],"wp:term":[{"taxonomy":"category","embeddable":true,"href":"https:\/\/react2020.eu\/it\/wp-json\/wp\/v2\/categories?post=23699"},{"taxonomy":"post_tag","embeddable":true,"href":"https:\/\/react2020.eu\/it\/wp-json\/wp\/v2\/tags?post=23699"}],"curies":[{"name":"wp","href":"https:\/\/api.w.org\/{rel}","templated":true}]}}