{"id":26931,"date":"2023-06-19T15:48:01","date_gmt":"2023-06-19T15:48:01","guid":{"rendered":"https:\/\/react2020.eu\/2023\/06\/19\/9u-comhthionol-ginearalta-i-lesvos\/"},"modified":"2023-06-19T15:48:02","modified_gmt":"2023-06-19T15:48:02","slug":"9u-comhthionol-ginearalta-i-lesvos","status":"publish","type":"post","link":"https:\/\/react2020.eu\/ga\/2023\/06\/19\/9u-comhthionol-ginearalta-i-lesvos\/","title":{"rendered":"9\u00fa ComhThion\u00f3l Ginear\u00e1lta i Lesvos"},"content":{"rendered":"\n<p><p style=\"font-weight: 400\">Bh\u00ed an comhthion\u00f3l ginear\u00e1lta deiridh le haghaidh cuibhreannas REACT ar si\u00fal idir an 6\u00fa agus an 8\u00fa Meitheamh in Lesvos. Ba \u00e9 Ollscoil na Aeig\u00e9ach, a bhfuil a gcampas i mbaile \u00e1lainn Mytilene, a bh\u00ed ina n-\u00f3staigh an uair seo, agus rinne Stergios Vakalis jab iontach chun an cruinni\u00fa agus na gn\u00edomha\u00edochta\u00ed gaolmhara eile a eagr\u00fa.<\/p><\/p>\n\n<p>Le linn an chomhthion\u00f3il, rinneadh cur i l\u00e1thair i dtaobh gn\u00edomha\u00edochta\u00ed ar Inis M\u00f3r, Carloforte, agus La Graciosa, a leag b\u00e9im ar an staid reatha agus ar na c\u00e9imeanna a bheidh le glacadh amach anseo i ngach \u00e1it. Bhain an pl\u00e9 freisin le st\u00e1das imlonnaithe sheirbh\u00eds\u00ed ard\u00e1n REACT, baili\u00fa sonra\u00ed, agus c\u00faraim\u00ed oibr\u00edocht\u00fala agus cothabh\u00e1la iarthionscadail. D\u00edr\u00edodh an pl\u00e9 ar an obair a rinneadh le linn na tr\u00e9imhse (dul chun cinn forioml\u00e1n), ar na tortha\u00ed agus ar na gn\u00edomha\u00edochta\u00ed ba shuntasa\u00ed a cuireadh chun feidhme, agus ar ghn\u00edomhartha diallta agus ceartaitheacha a cuireadh chun feidhme nuair ba gh\u00e1 sin. Caitheadh s\u00fail siar freisin ar na c\u00faiseanna a bh\u00ed le teipeanna i dtaca le cusp\u00f3ir\u00ed critici\u00fala a bhaint amach agus\/n\u00f3 gan a bheith ar an sceideal. Ceann de na h\u00e1bhair ba th\u00e1bhachta\u00ed a bhain leis an imeacht n\u00e1 na cainteanna maidir leis an bplean bail\u00edochtaithe agus macasamhlaithe. Is deis \u00e9 na f\u00e9idearthachta\u00ed at\u00e1 ann do na hoile\u00e1in n\u00edos m\u00f3 samhail REACT a ghlacadh chun tortha\u00ed an tionscadail a fhorbairt a thuilleadh agus \u00e9 a mh\u00e9ad\u00fa.<\/p>\n\n<figure class=\"wp-block-gallery has-nested-images columns-default is-cropped wp-block-gallery-1 is-layout-flex wp-block-gallery-is-layout-flex\">\n<figure class=\"wp-block-image size-large\"><img fetchpriority=\"high\" decoding=\"async\" width=\"1024\" height=\"768\" data-id=\"26888\" src=\"https:\/\/react2020.eu\/wp-content\/uploads\/sites\/5\/2023\/06\/posterConsortium-1024x768.jpg\" alt=\"\" class=\"wp-image-26888\" srcset=\"https:\/\/react2020.eu\/wp-content\/uploads\/sites\/5\/2023\/06\/posterConsortium-1024x768.jpg 1024w, https:\/\/react2020.eu\/wp-content\/uploads\/sites\/5\/2023\/06\/posterConsortium-300x225.jpg 300w, https:\/\/react2020.eu\/wp-content\/uploads\/sites\/5\/2023\/06\/posterConsortium-768x576.jpg 768w, https:\/\/react2020.eu\/wp-content\/uploads\/sites\/5\/2023\/06\/posterConsortium-1536x1152.jpg 1536w, https:\/\/react2020.eu\/wp-content\/uploads\/sites\/5\/2023\/06\/posterConsortium-2048x1536.jpg 2048w, https:\/\/react2020.eu\/wp-content\/uploads\/sites\/5\/2023\/06\/posterConsortium-1600x1200.jpg 1600w\" sizes=\"(max-width: 1024px) 100vw, 1024px\" \/><\/figure>\n\n\n<figure class=\"wp-block-image size-large\"><img decoding=\"async\" width=\"1024\" height=\"768\" data-id=\"26896\" src=\"https:\/\/react2020.eu\/wp-content\/uploads\/sites\/5\/2023\/06\/IMG_20230606_144113339-1024x768.jpg\" alt=\"\" class=\"wp-image-26896\" srcset=\"https:\/\/react2020.eu\/wp-content\/uploads\/sites\/5\/2023\/06\/IMG_20230606_144113339-1024x768.jpg 1024w, https:\/\/react2020.eu\/wp-content\/uploads\/sites\/5\/2023\/06\/IMG_20230606_144113339-300x225.jpg 300w, https:\/\/react2020.eu\/wp-content\/uploads\/sites\/5\/2023\/06\/IMG_20230606_144113339-768x576.jpg 768w, https:\/\/react2020.eu\/wp-content\/uploads\/sites\/5\/2023\/06\/IMG_20230606_144113339-1536x1152.jpg 1536w, https:\/\/react2020.eu\/wp-content\/uploads\/sites\/5\/2023\/06\/IMG_20230606_144113339-2048x1536.jpg 2048w, https:\/\/react2020.eu\/wp-content\/uploads\/sites\/5\/2023\/06\/IMG_20230606_144113339-1600x1200.jpg 1600w\" sizes=\"(max-width: 1024px) 100vw, 1024px\" \/><\/figure><\/figure>\n\n<p>Bh\u00ed pl\u00e9 oscailte ag na comhph\u00e1irtithe chun tuairim\u00ed a ch\u00e9ile a fh\u00e1il maidir le bail\u00edocht\u00fa ch\u00e1sanna \u00fas\u00e1ide thionscadal REACT, ach freisin maidir leis an meas\u00fan\u00fa ar thortha\u00ed thionscadal REACT i nd\u00e1il le STOS agus KIs agus maidir le pleananna forbartha. T\u00e1 s\u00e9 t\u00e1bhachtach go mbeidh na hiarrachta\u00ed go l\u00e9ir a rinneadh le linn na gceithre bliana go leith sin beo sa tsocha\u00ed ar bhealach \u00e9igin. Ar an gc\u00fais sin labhair a raibh sa chruinni\u00fa faoi fhorbairt samhlacha gn\u00f3, insc\u00e1laitheacht agus pleananna inmhacasamhlaitheachta.<\/p>\n\n<p><p style=\"font-weight: 400\">Thug an tion\u00f3l deis do chomhph\u00e1irtithe an tionscadail meas\u00fan\u00fa a dh\u00e9anamh ar ch\u00e1sanna \u00fas\u00e1ide an tionscadail, na tortha\u00ed a baineadh amach a mheas, agus beala\u00ed insc\u00e1laitheachta agus inmhacasamhlaitheachta a fhiosr\u00fa. Pl\u00e9adh freisin samhlacha gn\u00f3 agus strait\u00e9is\u00ed chun tortha\u00ed an tionscadail a chur in i\u00fal agus a scaipeadh, agus \u00e9 mar aidhm acu tionchar an tionscadail a uasmh\u00e9ad\u00fa. T\u00e1 s\u00e9 an-t\u00e1bhachtach anois cumars\u00e1id agus scaipeadh thortha\u00ed thionscadal bail\u00edochtaithe REACT a chomhdhl\u00fath\u00fa, sa mh\u00e9id is go bhfanfaidh an su\u00edomh gr\u00e9as\u00e1in seo (<a href=\"http:\/\/www.react2020.eu\/\">www.react2020.eu<\/a> ) ar oscailt ar feadh 5 bliana eile agus beidh gach t\u00e1irge insol\u00e1thartha poibl\u00ed agus gach p\u00e1ip\u00e9ar eola\u00edoch ar f\u00e1il sa rann\u00e1n Foilseach\u00e1in &amp; Tortha\u00ed agus in <a href=\"https:\/\/zenodo.org\/communities\/react\/?page=1&amp;size=20\">Zenodo<\/a> freisin.<\/p><\/p>\n\n<figure class=\"wp-block-gallery has-nested-images columns-default is-cropped wp-block-gallery-2 is-layout-flex wp-block-gallery-is-layout-flex\">\n<figure class=\"wp-block-image size-large\"><img decoding=\"async\" width=\"1024\" height=\"769\" data-id=\"26900\" src=\"https:\/\/react2020.eu\/wp-content\/uploads\/sites\/5\/2023\/06\/menin-labs-1024x769.jpg\" alt=\"\" class=\"wp-image-26900\" srcset=\"https:\/\/react2020.eu\/wp-content\/uploads\/sites\/5\/2023\/06\/menin-labs-1024x769.jpg 1024w, https:\/\/react2020.eu\/wp-content\/uploads\/sites\/5\/2023\/06\/menin-labs-300x225.jpg 300w, https:\/\/react2020.eu\/wp-content\/uploads\/sites\/5\/2023\/06\/menin-labs-768x576.jpg 768w, https:\/\/react2020.eu\/wp-content\/uploads\/sites\/5\/2023\/06\/menin-labs-1536x1153.jpg 1536w, https:\/\/react2020.eu\/wp-content\/uploads\/sites\/5\/2023\/06\/menin-labs.jpg 1600w\" sizes=\"(max-width: 1024px) 100vw, 1024px\" \/><\/figure>\n\n\n<figure class=\"wp-block-image size-large\"><img loading=\"lazy\" decoding=\"async\" width=\"1024\" height=\"769\" data-id=\"26908\" src=\"https:\/\/react2020.eu\/wp-content\/uploads\/sites\/5\/2023\/06\/minimachine-1024x769.jpg\" alt=\"\" class=\"wp-image-26908\" srcset=\"https:\/\/react2020.eu\/wp-content\/uploads\/sites\/5\/2023\/06\/minimachine-1024x769.jpg 1024w, https:\/\/react2020.eu\/wp-content\/uploads\/sites\/5\/2023\/06\/minimachine-300x225.jpg 300w, https:\/\/react2020.eu\/wp-content\/uploads\/sites\/5\/2023\/06\/minimachine-768x576.jpg 768w, https:\/\/react2020.eu\/wp-content\/uploads\/sites\/5\/2023\/06\/minimachine-1536x1153.jpg 1536w, https:\/\/react2020.eu\/wp-content\/uploads\/sites\/5\/2023\/06\/minimachine.jpg 1600w\" sizes=\"(max-width: 1024px) 100vw, 1024px\" \/><\/figure>\n\n\n<figure class=\"wp-block-image size-large\"><img loading=\"lazy\" decoding=\"async\" width=\"1024\" height=\"769\" data-id=\"26904\" src=\"https:\/\/react2020.eu\/wp-content\/uploads\/sites\/5\/2023\/06\/biomass-1024x769.jpg\" alt=\"\" class=\"wp-image-26904\" srcset=\"https:\/\/react2020.eu\/wp-content\/uploads\/sites\/5\/2023\/06\/biomass-1024x769.jpg 1024w, https:\/\/react2020.eu\/wp-content\/uploads\/sites\/5\/2023\/06\/biomass-300x225.jpg 300w, https:\/\/react2020.eu\/wp-content\/uploads\/sites\/5\/2023\/06\/biomass-768x576.jpg 768w, https:\/\/react2020.eu\/wp-content\/uploads\/sites\/5\/2023\/06\/biomass-1536x1153.jpg 1536w, https:\/\/react2020.eu\/wp-content\/uploads\/sites\/5\/2023\/06\/biomass.jpg 1600w\" sizes=\"(max-width: 1024px) 100vw, 1024px\" \/><\/figure>\n\n\n<figure class=\"wp-block-image size-large\"><img loading=\"lazy\" decoding=\"async\" width=\"1024\" height=\"769\" data-id=\"26912\" src=\"https:\/\/react2020.eu\/wp-content\/uploads\/sites\/5\/2023\/06\/greek-1024x769.jpg\" alt=\"\" class=\"wp-image-26912\" srcset=\"https:\/\/react2020.eu\/wp-content\/uploads\/sites\/5\/2023\/06\/greek-1024x769.jpg 1024w, https:\/\/react2020.eu\/wp-content\/uploads\/sites\/5\/2023\/06\/greek-300x225.jpg 300w, https:\/\/react2020.eu\/wp-content\/uploads\/sites\/5\/2023\/06\/greek-768x576.jpg 768w, https:\/\/react2020.eu\/wp-content\/uploads\/sites\/5\/2023\/06\/greek-1536x1153.jpg 1536w, https:\/\/react2020.eu\/wp-content\/uploads\/sites\/5\/2023\/06\/greek.jpg 1600w\" sizes=\"(max-width: 1024px) 100vw, 1024px\" \/><\/figure><\/figure>\n\n<p>Thug an tOllamh Dias Haralampopoulos turas m\u00edni\u00fach\u00e1in iontach ar shaotharlann na hollscoile mar a l\u00e9ir\u00edodh na teicneola\u00edochta\u00ed go l\u00e9ir a \u00fas\u00e1idtear sa roinn do na gn\u00edomha\u00edochta\u00ed taighde ar fhuinneamh agus inbhuanaitheacht.<\/p>\n\n<figure class=\"wp-block-gallery has-nested-images columns-default is-cropped wp-block-gallery-3 is-layout-flex wp-block-gallery-is-layout-flex\">\n<figure class=\"wp-block-image size-large\"><img loading=\"lazy\" decoding=\"async\" width=\"1024\" height=\"769\" data-id=\"26916\" src=\"https:\/\/react2020.eu\/wp-content\/uploads\/sites\/5\/2023\/06\/outside-1024x769.jpg\" alt=\"\" class=\"wp-image-26916\" srcset=\"https:\/\/react2020.eu\/wp-content\/uploads\/sites\/5\/2023\/06\/outside-1024x769.jpg 1024w, https:\/\/react2020.eu\/wp-content\/uploads\/sites\/5\/2023\/06\/outside-300x225.jpg 300w, https:\/\/react2020.eu\/wp-content\/uploads\/sites\/5\/2023\/06\/outside-768x576.jpg 768w, https:\/\/react2020.eu\/wp-content\/uploads\/sites\/5\/2023\/06\/outside-1536x1153.jpg 1536w, https:\/\/react2020.eu\/wp-content\/uploads\/sites\/5\/2023\/06\/outside.jpg 1600w\" sizes=\"(max-width: 1024px) 100vw, 1024px\" \/><\/figure>\n\n\n<figure class=\"wp-block-image size-large\"><img loading=\"lazy\" decoding=\"async\" width=\"768\" height=\"1024\" data-id=\"26920\" src=\"https:\/\/react2020.eu\/wp-content\/uploads\/sites\/5\/2023\/06\/roof-768x1024.jpg\" alt=\"\" class=\"wp-image-26920\" srcset=\"https:\/\/react2020.eu\/wp-content\/uploads\/sites\/5\/2023\/06\/roof-768x1024.jpg 768w, https:\/\/react2020.eu\/wp-content\/uploads\/sites\/5\/2023\/06\/roof-225x300.jpg 225w, https:\/\/react2020.eu\/wp-content\/uploads\/sites\/5\/2023\/06\/roof-1152x1536.jpg 1152w, https:\/\/react2020.eu\/wp-content\/uploads\/sites\/5\/2023\/06\/roof.jpg 1536w\" sizes=\"(max-width: 768px) 100vw, 768px\" \/><\/figure>\n\n\n<figure class=\"wp-block-image size-large\"><img loading=\"lazy\" decoding=\"async\" width=\"1024\" height=\"769\" data-id=\"26924\" src=\"https:\/\/react2020.eu\/wp-content\/uploads\/sites\/5\/2023\/06\/rooof2-1024x769.jpg\" alt=\"\" class=\"wp-image-26924\" srcset=\"https:\/\/react2020.eu\/wp-content\/uploads\/sites\/5\/2023\/06\/rooof2-1024x769.jpg 1024w, https:\/\/react2020.eu\/wp-content\/uploads\/sites\/5\/2023\/06\/rooof2-300x225.jpg 300w, https:\/\/react2020.eu\/wp-content\/uploads\/sites\/5\/2023\/06\/rooof2-768x576.jpg 768w, https:\/\/react2020.eu\/wp-content\/uploads\/sites\/5\/2023\/06\/rooof2-1536x1153.jpg 1536w, https:\/\/react2020.eu\/wp-content\/uploads\/sites\/5\/2023\/06\/rooof2.jpg 1600w\" sizes=\"(max-width: 1024px) 100vw, 1024px\" \/><\/figure><\/figure>\n\n<p>Ag an 9\u00fa Comhthion\u00f3l Ginear\u00e1lta, l\u00e9ir\u00edodh tiomantas agus iarrachta\u00ed comhoibr\u00edocha an chuibhreannais maidir le c\u00f3rais fuinnimh a dh\u00edcharb\u00f3n\u00fa ar oile\u00e1in gheografacha. Agus b\u00e9im l\u00e1idir \u00e1 leagan ar chleachtais inbhuanaithe agus ar chomhth\u00e1th\u00fa an fhuinnimh in-athnuaite, leanann tionscadal REACT den bhealach a r\u00e9iteach do thodhcha\u00ed n\u00edos glaise agus n\u00edos athl\u00e9imn\u00ed. T\u00e1imid muin\u00edneach go gcuideoidh tortha\u00ed an togra le dul chun cinn breise a dh\u00e9anamh maidir le neamhthuilleama\u00edocht fuinnimh ghlais na n-oile\u00e1n. Ba bh\u00f3thar casta \u00e9 de dheasca na paind\u00e9ime a bh\u00ed i l\u00e1r an togra ach t\u00e1 go leor foghlamtha againn go l\u00e9ir agus breis curtha lena st\u00f3r eolais agus t\u00e1 feabhas curtha againn ar \u00e1r dtuiscint ar na riachtanais at\u00e1 ag c\u00f3naitheoir\u00ed oile\u00e1nacha.<\/p>\n\n<p>Is c\u00fais bhr\u00f3in d\u00fainn go bhfuil deireadh ag teacht leis an tionscadal ach fanfaidh eisp\u00e9ireas iontach a shaibhrigh sinn go l\u00e9ir, go teicni\u00fail agus go daonna, in\u00e1r gcuimhn\u00ed.<\/p>\n","protected":false},"excerpt":{"rendered":"<p>Bh\u00ed an comhthion\u00f3l ginear\u00e1lta deiridh le haghaidh cuibhreannas REACT ar si\u00fal idir an 6\u00fa agus an 8\u00fa Meitheamh in Lesvos. Ba \u00e9 Ollscoil na Aeig\u00e9ach, a bhfuil a gcampas i mbaile \u00e1lainn Mytilene, a bh\u00ed ina n-\u00f3staigh an uair seo, agus rinne Stergios Vakalis jab iontach chun an cruinni\u00fa agus na gn\u00edomha\u00edochta\u00ed gaolmhara eile a &#8230; <a title=\"9\u00fa ComhThion\u00f3l Ginear\u00e1lta i Lesvos\" class=\"read-more\" href=\"https:\/\/react2020.eu\/ga\/2023\/06\/19\/9u-comhthionol-ginearalta-i-lesvos\/\" aria-label=\"Read more about 9\u00fa ComhThion\u00f3l Ginear\u00e1lta i Lesvos\">Read more<\/a><\/p>\n","protected":false},"author":4,"featured_media":26889,"comment_status":"closed","ping_status":"closed","sticky":true,"template":"","format":"standard","meta":{"inline_featured_image":false,"footnotes":""},"categories":[166],"tags":[],"class_list":["post-26931","post","type-post","status-publish","format-standard","has-post-thumbnail","hentry","category-uncategorized-ga"],"yoast_head":"<!-- This site is optimized with the Yoast SEO plugin v27.4 - https:\/\/yoast.com\/product\/yoast-seo-wordpress\/ -->\n<title>9\u00fa ComhThion\u00f3l Ginear\u00e1lta i Lesvos - REACT 2020<\/title>\n<meta name=\"robots\" content=\"index, follow, max-snippet:-1, max-image-preview:large, max-video-preview:-1\" \/>\n<link rel=\"canonical\" href=\"https:\/\/react2020.eu\/ga\/2023\/06\/19\/9u-comhthionol-ginearalta-i-lesvos\/\" \/>\n<meta property=\"og:locale\" content=\"ga_IE\" \/>\n<meta property=\"og:type\" content=\"article\" \/>\n<meta property=\"og:title\" content=\"9\u00fa ComhThion\u00f3l Ginear\u00e1lta i Lesvos - REACT 2020\" \/>\n<meta property=\"og:description\" content=\"Bh\u00ed an comhthion\u00f3l ginear\u00e1lta deiridh le haghaidh cuibhreannas REACT ar si\u00fal idir an 6\u00fa agus an 8\u00fa Meitheamh in Lesvos. Ba \u00e9 Ollscoil na Aeig\u00e9ach, a bhfuil a gcampas i mbaile \u00e1lainn Mytilene, a bh\u00ed ina n-\u00f3staigh an uair seo, agus rinne Stergios Vakalis jab iontach chun an cruinni\u00fa agus na gn\u00edomha\u00edochta\u00ed gaolmhara eile a ... Read more\" \/>\n<meta property=\"og:url\" content=\"https:\/\/react2020.eu\/ga\/2023\/06\/19\/9u-comhthionol-ginearalta-i-lesvos\/\" \/>\n<meta property=\"og:site_name\" content=\"REACT 2020\" \/>\n<meta property=\"article:published_time\" content=\"2023-06-19T15:48:01+00:00\" \/>\n<meta property=\"article:modified_time\" content=\"2023-06-19T15:48:02+00:00\" \/>\n<meta property=\"og:image\" content=\"https:\/\/react2020.eu\/wp-content\/uploads\/sites\/5\/2023\/06\/posterConsortium-scaled.jpg\" \/>\n\t<meta property=\"og:image:width\" content=\"2560\" \/>\n\t<meta property=\"og:image:height\" content=\"1920\" \/>\n\t<meta property=\"og:image:type\" content=\"image\/jpeg\" \/>\n<meta name=\"author\" content=\"faustosainz\" \/>\n<meta name=\"twitter:card\" content=\"summary_large_image\" \/>\n<meta name=\"twitter:label1\" content=\"Written by\" \/>\n\t<meta name=\"twitter:data1\" content=\"faustosainz\" \/>\n\t<meta name=\"twitter:label2\" content=\"Est. reading time\" \/>\n\t<meta name=\"twitter:data2\" content=\"4 minutes\" \/>\n<script type=\"application\/ld+json\" class=\"yoast-schema-graph\">{\"@context\":\"https:\\\/\\\/schema.org\",\"@graph\":[{\"@type\":\"Article\",\"@id\":\"https:\\\/\\\/react2020.eu\\\/ga\\\/2023\\\/06\\\/19\\\/9u-comhthionol-ginearalta-i-lesvos\\\/#article\",\"isPartOf\":{\"@id\":\"https:\\\/\\\/react2020.eu\\\/ga\\\/2023\\\/06\\\/19\\\/9u-comhthionol-ginearalta-i-lesvos\\\/\"},\"author\":{\"name\":\"faustosainz\",\"@id\":\"https:\\\/\\\/react2020.eu\\\/#\\\/schema\\\/person\\\/681223bb11ce95d8e3192772e810e453\"},\"headline\":\"9\u00fa ComhThion\u00f3l Ginear\u00e1lta i Lesvos\",\"datePublished\":\"2023-06-19T15:48:01+00:00\",\"dateModified\":\"2023-06-19T15:48:02+00:00\",\"mainEntityOfPage\":{\"@id\":\"https:\\\/\\\/react2020.eu\\\/ga\\\/2023\\\/06\\\/19\\\/9u-comhthionol-ginearalta-i-lesvos\\\/\"},\"wordCount\":714,\"publisher\":{\"@id\":\"https:\\\/\\\/react2020.eu\\\/#organization\"},\"image\":{\"@id\":\"https:\\\/\\\/react2020.eu\\\/ga\\\/2023\\\/06\\\/19\\\/9u-comhthionol-ginearalta-i-lesvos\\\/#primaryimage\"},\"thumbnailUrl\":\"https:\\\/\\\/react2020.eu\\\/wp-content\\\/uploads\\\/sites\\\/5\\\/2023\\\/06\\\/posterConsortium-scaled.jpg\",\"articleSection\":[\"Uncategorized @ga\"],\"inLanguage\":\"ga-IE\"},{\"@type\":\"WebPage\",\"@id\":\"https:\\\/\\\/react2020.eu\\\/ga\\\/2023\\\/06\\\/19\\\/9u-comhthionol-ginearalta-i-lesvos\\\/\",\"url\":\"https:\\\/\\\/react2020.eu\\\/ga\\\/2023\\\/06\\\/19\\\/9u-comhthionol-ginearalta-i-lesvos\\\/\",\"name\":\"9\u00fa ComhThion\u00f3l Ginear\u00e1lta i Lesvos - REACT 2020\",\"isPartOf\":{\"@id\":\"https:\\\/\\\/react2020.eu\\\/#website\"},\"primaryImageOfPage\":{\"@id\":\"https:\\\/\\\/react2020.eu\\\/ga\\\/2023\\\/06\\\/19\\\/9u-comhthionol-ginearalta-i-lesvos\\\/#primaryimage\"},\"image\":{\"@id\":\"https:\\\/\\\/react2020.eu\\\/ga\\\/2023\\\/06\\\/19\\\/9u-comhthionol-ginearalta-i-lesvos\\\/#primaryimage\"},\"thumbnailUrl\":\"https:\\\/\\\/react2020.eu\\\/wp-content\\\/uploads\\\/sites\\\/5\\\/2023\\\/06\\\/posterConsortium-scaled.jpg\",\"datePublished\":\"2023-06-19T15:48:01+00:00\",\"dateModified\":\"2023-06-19T15:48:02+00:00\",\"breadcrumb\":{\"@id\":\"https:\\\/\\\/react2020.eu\\\/ga\\\/2023\\\/06\\\/19\\\/9u-comhthionol-ginearalta-i-lesvos\\\/#breadcrumb\"},\"inLanguage\":\"ga-IE\",\"potentialAction\":[{\"@type\":\"ReadAction\",\"target\":[\"https:\\\/\\\/react2020.eu\\\/ga\\\/2023\\\/06\\\/19\\\/9u-comhthionol-ginearalta-i-lesvos\\\/\"]}]},{\"@type\":\"ImageObject\",\"inLanguage\":\"ga-IE\",\"@id\":\"https:\\\/\\\/react2020.eu\\\/ga\\\/2023\\\/06\\\/19\\\/9u-comhthionol-ginearalta-i-lesvos\\\/#primaryimage\",\"url\":\"https:\\\/\\\/react2020.eu\\\/wp-content\\\/uploads\\\/sites\\\/5\\\/2023\\\/06\\\/posterConsortium-scaled.jpg\",\"contentUrl\":\"https:\\\/\\\/react2020.eu\\\/wp-content\\\/uploads\\\/sites\\\/5\\\/2023\\\/06\\\/posterConsortium-scaled.jpg\",\"width\":2560,\"height\":1920},{\"@type\":\"BreadcrumbList\",\"@id\":\"https:\\\/\\\/react2020.eu\\\/ga\\\/2023\\\/06\\\/19\\\/9u-comhthionol-ginearalta-i-lesvos\\\/#breadcrumb\",\"itemListElement\":[{\"@type\":\"ListItem\",\"position\":1,\"name\":\"Portada\",\"item\":\"https:\\\/\\\/react2020.eu\\\/\"},{\"@type\":\"ListItem\",\"position\":2,\"name\":\"9\u00fa ComhThion\u00f3l Ginear\u00e1lta i Lesvos\"}]},{\"@type\":\"WebSite\",\"@id\":\"https:\\\/\\\/react2020.eu\\\/#website\",\"url\":\"https:\\\/\\\/react2020.eu\\\/\",\"name\":\"REACT 2020\",\"description\":\"REACT 2020 \u2013 Renewable Energy for Self-Sustainable Island Communties\",\"publisher\":{\"@id\":\"https:\\\/\\\/react2020.eu\\\/#organization\"},\"potentialAction\":[{\"@type\":\"SearchAction\",\"target\":{\"@type\":\"EntryPoint\",\"urlTemplate\":\"https:\\\/\\\/react2020.eu\\\/?s={search_term_string}\"},\"query-input\":{\"@type\":\"PropertyValueSpecification\",\"valueRequired\":true,\"valueName\":\"search_term_string\"}}],\"inLanguage\":\"ga-IE\"},{\"@type\":\"Organization\",\"@id\":\"https:\\\/\\\/react2020.eu\\\/#organization\",\"name\":\"REACT 2020\",\"url\":\"https:\\\/\\\/react2020.eu\\\/\",\"logo\":{\"@type\":\"ImageObject\",\"inLanguage\":\"ga-IE\",\"@id\":\"https:\\\/\\\/react2020.eu\\\/#\\\/schema\\\/logo\\\/image\\\/\",\"url\":\"https:\\\/\\\/react2020.eu\\\/wp-content\\\/uploads\\\/sites\\\/5\\\/2019\\\/07\\\/1.-REACT_Logo-horizontal_Color_RGB_2.png\",\"contentUrl\":\"https:\\\/\\\/react2020.eu\\\/wp-content\\\/uploads\\\/sites\\\/5\\\/2019\\\/07\\\/1.-REACT_Logo-horizontal_Color_RGB_2.png\",\"width\":1643,\"height\":419,\"caption\":\"REACT 2020\"},\"image\":{\"@id\":\"https:\\\/\\\/react2020.eu\\\/#\\\/schema\\\/logo\\\/image\\\/\"}},{\"@type\":\"Person\",\"@id\":\"https:\\\/\\\/react2020.eu\\\/#\\\/schema\\\/person\\\/681223bb11ce95d8e3192772e810e453\",\"name\":\"faustosainz\",\"image\":{\"@type\":\"ImageObject\",\"inLanguage\":\"ga-IE\",\"@id\":\"https:\\\/\\\/secure.gravatar.com\\\/avatar\\\/f228e3d248b75040cfb046462552a8a7f74cabbdb83cd079bcc93fd43607e6c1?s=96&d=mm&r=g\",\"url\":\"https:\\\/\\\/secure.gravatar.com\\\/avatar\\\/f228e3d248b75040cfb046462552a8a7f74cabbdb83cd079bcc93fd43607e6c1?s=96&d=mm&r=g\",\"contentUrl\":\"https:\\\/\\\/secure.gravatar.com\\\/avatar\\\/f228e3d248b75040cfb046462552a8a7f74cabbdb83cd079bcc93fd43607e6c1?s=96&d=mm&r=g\",\"caption\":\"faustosainz\"},\"url\":\"https:\\\/\\\/react2020.eu\\\/ga\\\/author\\\/faustosainz\\\/\"}]}<\/script>\n<!-- \/ Yoast SEO plugin. -->","yoast_head_json":{"title":"9\u00fa ComhThion\u00f3l Ginear\u00e1lta i Lesvos - REACT 2020","robots":{"index":"index","follow":"follow","max-snippet":"max-snippet:-1","max-image-preview":"max-image-preview:large","max-video-preview":"max-video-preview:-1"},"canonical":"https:\/\/react2020.eu\/ga\/2023\/06\/19\/9u-comhthionol-ginearalta-i-lesvos\/","og_locale":"ga_IE","og_type":"article","og_title":"9\u00fa ComhThion\u00f3l Ginear\u00e1lta i Lesvos - REACT 2020","og_description":"Bh\u00ed an comhthion\u00f3l ginear\u00e1lta deiridh le haghaidh cuibhreannas REACT ar si\u00fal idir an 6\u00fa agus an 8\u00fa Meitheamh in Lesvos. Ba \u00e9 Ollscoil na Aeig\u00e9ach, a bhfuil a gcampas i mbaile \u00e1lainn Mytilene, a bh\u00ed ina n-\u00f3staigh an uair seo, agus rinne Stergios Vakalis jab iontach chun an cruinni\u00fa agus na gn\u00edomha\u00edochta\u00ed gaolmhara eile a ... Read more","og_url":"https:\/\/react2020.eu\/ga\/2023\/06\/19\/9u-comhthionol-ginearalta-i-lesvos\/","og_site_name":"REACT 2020","article_published_time":"2023-06-19T15:48:01+00:00","article_modified_time":"2023-06-19T15:48:02+00:00","og_image":[{"width":2560,"height":1920,"url":"https:\/\/react2020.eu\/wp-content\/uploads\/sites\/5\/2023\/06\/posterConsortium-scaled.jpg","type":"image\/jpeg"}],"author":"faustosainz","twitter_card":"summary_large_image","twitter_misc":{"Written by":"faustosainz","Est. reading time":"4 minutes"},"schema":{"@context":"https:\/\/schema.org","@graph":[{"@type":"Article","@id":"https:\/\/react2020.eu\/ga\/2023\/06\/19\/9u-comhthionol-ginearalta-i-lesvos\/#article","isPartOf":{"@id":"https:\/\/react2020.eu\/ga\/2023\/06\/19\/9u-comhthionol-ginearalta-i-lesvos\/"},"author":{"name":"faustosainz","@id":"https:\/\/react2020.eu\/#\/schema\/person\/681223bb11ce95d8e3192772e810e453"},"headline":"9\u00fa ComhThion\u00f3l Ginear\u00e1lta i Lesvos","datePublished":"2023-06-19T15:48:01+00:00","dateModified":"2023-06-19T15:48:02+00:00","mainEntityOfPage":{"@id":"https:\/\/react2020.eu\/ga\/2023\/06\/19\/9u-comhthionol-ginearalta-i-lesvos\/"},"wordCount":714,"publisher":{"@id":"https:\/\/react2020.eu\/#organization"},"image":{"@id":"https:\/\/react2020.eu\/ga\/2023\/06\/19\/9u-comhthionol-ginearalta-i-lesvos\/#primaryimage"},"thumbnailUrl":"https:\/\/react2020.eu\/wp-content\/uploads\/sites\/5\/2023\/06\/posterConsortium-scaled.jpg","articleSection":["Uncategorized @ga"],"inLanguage":"ga-IE"},{"@type":"WebPage","@id":"https:\/\/react2020.eu\/ga\/2023\/06\/19\/9u-comhthionol-ginearalta-i-lesvos\/","url":"https:\/\/react2020.eu\/ga\/2023\/06\/19\/9u-comhthionol-ginearalta-i-lesvos\/","name":"9\u00fa ComhThion\u00f3l Ginear\u00e1lta i Lesvos - REACT 2020","isPartOf":{"@id":"https:\/\/react2020.eu\/#website"},"primaryImageOfPage":{"@id":"https:\/\/react2020.eu\/ga\/2023\/06\/19\/9u-comhthionol-ginearalta-i-lesvos\/#primaryimage"},"image":{"@id":"https:\/\/react2020.eu\/ga\/2023\/06\/19\/9u-comhthionol-ginearalta-i-lesvos\/#primaryimage"},"thumbnailUrl":"https:\/\/react2020.eu\/wp-content\/uploads\/sites\/5\/2023\/06\/posterConsortium-scaled.jpg","datePublished":"2023-06-19T15:48:01+00:00","dateModified":"2023-06-19T15:48:02+00:00","breadcrumb":{"@id":"https:\/\/react2020.eu\/ga\/2023\/06\/19\/9u-comhthionol-ginearalta-i-lesvos\/#breadcrumb"},"inLanguage":"ga-IE","potentialAction":[{"@type":"ReadAction","target":["https:\/\/react2020.eu\/ga\/2023\/06\/19\/9u-comhthionol-ginearalta-i-lesvos\/"]}]},{"@type":"ImageObject","inLanguage":"ga-IE","@id":"https:\/\/react2020.eu\/ga\/2023\/06\/19\/9u-comhthionol-ginearalta-i-lesvos\/#primaryimage","url":"https:\/\/react2020.eu\/wp-content\/uploads\/sites\/5\/2023\/06\/posterConsortium-scaled.jpg","contentUrl":"https:\/\/react2020.eu\/wp-content\/uploads\/sites\/5\/2023\/06\/posterConsortium-scaled.jpg","width":2560,"height":1920},{"@type":"BreadcrumbList","@id":"https:\/\/react2020.eu\/ga\/2023\/06\/19\/9u-comhthionol-ginearalta-i-lesvos\/#breadcrumb","itemListElement":[{"@type":"ListItem","position":1,"name":"Portada","item":"https:\/\/react2020.eu\/"},{"@type":"ListItem","position":2,"name":"9\u00fa ComhThion\u00f3l Ginear\u00e1lta i Lesvos"}]},{"@type":"WebSite","@id":"https:\/\/react2020.eu\/#website","url":"https:\/\/react2020.eu\/","name":"REACT 2020","description":"REACT 2020 \u2013 Renewable Energy for Self-Sustainable Island Communties","publisher":{"@id":"https:\/\/react2020.eu\/#organization"},"potentialAction":[{"@type":"SearchAction","target":{"@type":"EntryPoint","urlTemplate":"https:\/\/react2020.eu\/?s={search_term_string}"},"query-input":{"@type":"PropertyValueSpecification","valueRequired":true,"valueName":"search_term_string"}}],"inLanguage":"ga-IE"},{"@type":"Organization","@id":"https:\/\/react2020.eu\/#organization","name":"REACT 2020","url":"https:\/\/react2020.eu\/","logo":{"@type":"ImageObject","inLanguage":"ga-IE","@id":"https:\/\/react2020.eu\/#\/schema\/logo\/image\/","url":"https:\/\/react2020.eu\/wp-content\/uploads\/sites\/5\/2019\/07\/1.-REACT_Logo-horizontal_Color_RGB_2.png","contentUrl":"https:\/\/react2020.eu\/wp-content\/uploads\/sites\/5\/2019\/07\/1.-REACT_Logo-horizontal_Color_RGB_2.png","width":1643,"height":419,"caption":"REACT 2020"},"image":{"@id":"https:\/\/react2020.eu\/#\/schema\/logo\/image\/"}},{"@type":"Person","@id":"https:\/\/react2020.eu\/#\/schema\/person\/681223bb11ce95d8e3192772e810e453","name":"faustosainz","image":{"@type":"ImageObject","inLanguage":"ga-IE","@id":"https:\/\/secure.gravatar.com\/avatar\/f228e3d248b75040cfb046462552a8a7f74cabbdb83cd079bcc93fd43607e6c1?s=96&d=mm&r=g","url":"https:\/\/secure.gravatar.com\/avatar\/f228e3d248b75040cfb046462552a8a7f74cabbdb83cd079bcc93fd43607e6c1?s=96&d=mm&r=g","contentUrl":"https:\/\/secure.gravatar.com\/avatar\/f228e3d248b75040cfb046462552a8a7f74cabbdb83cd079bcc93fd43607e6c1?s=96&d=mm&r=g","caption":"faustosainz"},"url":"https:\/\/react2020.eu\/ga\/author\/faustosainz\/"}]}},"_links":{"self":[{"href":"https:\/\/react2020.eu\/ga\/wp-json\/wp\/v2\/posts\/26931","targetHints":{"allow":["GET"]}}],"collection":[{"href":"https:\/\/react2020.eu\/ga\/wp-json\/wp\/v2\/posts"}],"about":[{"href":"https:\/\/react2020.eu\/ga\/wp-json\/wp\/v2\/types\/post"}],"author":[{"embeddable":true,"href":"https:\/\/react2020.eu\/ga\/wp-json\/wp\/v2\/users\/4"}],"replies":[{"embeddable":true,"href":"https:\/\/react2020.eu\/ga\/wp-json\/wp\/v2\/comments?post=26931"}],"version-history":[{"count":0,"href":"https:\/\/react2020.eu\/ga\/wp-json\/wp\/v2\/posts\/26931\/revisions"}],"wp:featuredmedia":[{"embeddable":true,"href":"https:\/\/react2020.eu\/ga\/wp-json\/wp\/v2\/media\/26889"}],"wp:attachment":[{"href":"https:\/\/react2020.eu\/ga\/wp-json\/wp\/v2\/media?parent=26931"}],"wp:term":[{"taxonomy":"category","embeddable":true,"href":"https:\/\/react2020.eu\/ga\/wp-json\/wp\/v2\/categories?post=26931"},{"taxonomy":"post_tag","embeddable":true,"href":"https:\/\/react2020.eu\/ga\/wp-json\/wp\/v2\/tags?post=26931"}],"curies":[{"name":"wp","href":"https:\/\/api.w.org\/{rel}","templated":true}]}}