{"id":26721,"date":"2023-04-18T13:15:15","date_gmt":"2023-04-18T13:15:15","guid":{"rendered":"https:\/\/react2020.eu\/2023\/04\/18\/an-chead-cheardlann-de-chuid-react-i-la-reunion\/"},"modified":"2023-05-10T07:28:50","modified_gmt":"2023-05-10T07:28:50","slug":"an-chead-cheardlann-de-chuid-react-i-la-reunion","status":"publish","type":"post","link":"https:\/\/react2020.eu\/ga\/2023\/04\/18\/an-chead-cheardlann-de-chuid-react-i-la-reunion\/","title":{"rendered":"An ch\u00e9ad cheardlann de chuid REACT i La R\u00e9union"},"content":{"rendered":"\n<p>Tion\u00f3ladh an ch\u00e9ad Cheardlann de chuid REACT an mh\u00ed seo caite in La R\u00e9union, ceann de na hoile\u00e1in lean\u00fana. Bh\u00ed s\u00e9 eagraithe ag \u00e1r gcomhghleacaithe \u00f3n ENERGY-Lab, Dominique Grondin agus Michel Benne, at\u00e1 ag obair le Universit\u00e9 de La R\u00e9union. Tion\u00f3ladh an cheardlann seo i gceanncheathr\u00fa an \u00dadar\u00e1is R\u00e9igi\u00fanaigh i Saint-Denis. D\u2019fhreastail 36 duine go fisici\u00fail agus 25 ar l\u00edne ar an gceardlann.<\/p>\n\n<figure class=\"wp-block-gallery has-nested-images columns-default is-cropped wp-block-gallery-1 is-layout-flex wp-block-gallery-is-layout-flex\">\n<figure class=\"wp-block-image size-large\"><img fetchpriority=\"high\" decoding=\"async\" width=\"1024\" height=\"461\" data-id=\"26666\" src=\"https:\/\/react2020.eu\/wp-content\/uploads\/sites\/5\/2023\/04\/hemicicle.jpg\" alt=\"\" class=\"wp-image-26666\" srcset=\"https:\/\/react2020.eu\/wp-content\/uploads\/sites\/5\/2023\/04\/hemicicle.jpg 1024w, https:\/\/react2020.eu\/wp-content\/uploads\/sites\/5\/2023\/04\/hemicicle-300x135.jpg 300w, https:\/\/react2020.eu\/wp-content\/uploads\/sites\/5\/2023\/04\/hemicicle-768x346.jpg 768w\" sizes=\"(max-width: 1024px) 100vw, 1024px\" \/><\/figure><\/figure>\n\n<p>L\u00e1 1<\/p>\n\n<p>Le linn ch\u00e9ad l\u00e1 na ceardlainne, bh\u00ed deis againn \u00e9isteacht le Jean-Pierre Chabriat ag caint faoin mbeartas aistrithe fuinnimh in La R\u00e9union. Bh\u00edomar in ann tuiscint n\u00edos fearr a fh\u00e1il ar ch\u00f3ras leictreachais an oile\u00e1in a bhu\u00ed le m\u00edni\u00fach\u00e1in Emmanuel Cerqueira \u00f3 EDF SEI.<\/p>\n\n<p>Bh\u00ed deis againn \u00e9isteacht leis na beartais \u00e9ags\u00fala aistrithe fuinnimh \u00f3 na hoile\u00e1in lean\u00fanaigh. Labhair Efstratios Mouflouzellis faoi aistri\u00fa fuinnimh R\u00e9igi\u00fan na Mara Aeig\u00e9iche Thuaidh. Thug Stefan Ivanell l\u00e9argas d\u00fainn ar fhorbairt an fhuinnimh gaoithe i nGotland. Labhair Michael Short faoi Oile\u00e1n Wight agus chuir Ferran Rosa Gaspar an c\u00e1s i l\u00e1thair do na hOile\u00e1in Bhail\u00e9aracha.<\/p>\n\n<p>Chr\u00edochnaigh muid an l\u00e1 ag foghlaim faoi na tortha\u00ed agus na hiarrachta\u00ed \u00f3 na comhthionscadail NESOI, GIFT, INSULAE agus MAESHA.<\/p>\n\n<figure class=\"wp-block-gallery has-nested-images columns-default is-cropped wp-block-gallery-2 is-layout-flex wp-block-gallery-is-layout-flex\">\n<figure class=\"wp-block-image size-large\"><img decoding=\"async\" width=\"768\" height=\"1024\" data-id=\"26670\" src=\"https:\/\/react2020.eu\/wp-content\/uploads\/sites\/5\/2023\/04\/panfleto-768x1024.jpg\" alt=\"\" class=\"wp-image-26670\" srcset=\"https:\/\/react2020.eu\/wp-content\/uploads\/sites\/5\/2023\/04\/panfleto-768x1024.jpg 768w, https:\/\/react2020.eu\/wp-content\/uploads\/sites\/5\/2023\/04\/panfleto-225x300.jpg 225w, https:\/\/react2020.eu\/wp-content\/uploads\/sites\/5\/2023\/04\/panfleto-1152x1536.jpg 1152w, https:\/\/react2020.eu\/wp-content\/uploads\/sites\/5\/2023\/04\/panfleto-1536x2048.jpg 1536w, https:\/\/react2020.eu\/wp-content\/uploads\/sites\/5\/2023\/04\/panfleto-1600x2133.jpg 1600w, https:\/\/react2020.eu\/wp-content\/uploads\/sites\/5\/2023\/04\/panfleto-scaled.jpg 1920w\" sizes=\"(max-width: 768px) 100vw, 768px\" \/><\/figure>\n\n\n<figure class=\"wp-block-image size-large\"><img decoding=\"async\" width=\"768\" height=\"1024\" data-id=\"26674\" src=\"https:\/\/react2020.eu\/wp-content\/uploads\/sites\/5\/2023\/04\/presidentes-768x1024.jpg\" alt=\"\" class=\"wp-image-26674\" srcset=\"https:\/\/react2020.eu\/wp-content\/uploads\/sites\/5\/2023\/04\/presidentes-768x1024.jpg 768w, https:\/\/react2020.eu\/wp-content\/uploads\/sites\/5\/2023\/04\/presidentes-225x300.jpg 225w, https:\/\/react2020.eu\/wp-content\/uploads\/sites\/5\/2023\/04\/presidentes-1152x1536.jpg 1152w, https:\/\/react2020.eu\/wp-content\/uploads\/sites\/5\/2023\/04\/presidentes-1536x2048.jpg 1536w, https:\/\/react2020.eu\/wp-content\/uploads\/sites\/5\/2023\/04\/presidentes-1600x2133.jpg 1600w, https:\/\/react2020.eu\/wp-content\/uploads\/sites\/5\/2023\/04\/presidentes-scaled.jpg 1920w\" sizes=\"(max-width: 768px) 100vw, 768px\" \/><\/figure><\/figure>\n\n<p>L\u00e1 2<\/p>\n\n<p>Ar an dara l\u00e1 den cheardlann, thug comhalta\u00ed de chuibhreannas REACT a bh\u00ed i l\u00e1thair go fisici\u00fail cuairt ar sheomra rialaithe EDF, \u00e1it a raibh M. Cerqueira chun a thaispe\u00e1int d\u00fainn n\u00ed hamh\u00e1in seomra oibr\u00edochta rialaithe na heanga\u00ed ach freisin an chaoi a n-oibr\u00edonn an c\u00f3ras fuinnimh faoi l\u00e1thair ar an oile\u00e1n agus na f\u00e9idearthachta\u00ed agus na deiseanna don todhcha\u00ed \u00f3 thaobh fuinnimh in-athnuaite de. N\u00edos d\u00e9ana\u00ed, san iarn\u00f3in, taispe\u00e1nadh sinn thart ar dh\u00e1 shuite\u00e1il san fhoirgneamh poibl\u00ed a bhaineann leis an \u00fadar\u00e1s r\u00e9igi\u00fanach: an st\u00e1isi\u00fan p\u00e1irce\u00e1la feithicl\u00ed leictreacha luchtaithe agus d\u00edon an fhoirgnimh leis na suite\u00e1lacha pain\u00e9il gr\u00e9ine go l\u00e9ir.<\/p>\n\n<p>Ag deireadh an tr\u00e1thn\u00f3na, chuir Dominique Grondin tionscadal REACT i l\u00e1thair do na mic l\u00e9inn (Baitsil\u00e9ir, M\u00e1istir, Ph.D.) agus don fhoireann taighde. Ina dhiaidh sin, thug Heracles Polatidis l\u00e9acht ar phlean\u00e1il fuinnimh. Thug Michael Short l\u00e9acht faoin bhfuinneamh cliste tr\u00edd an digiti\u00fa. Chuir Fausto Sainz de Salces i l\u00e1thair forbairt bogearra\u00ed fuinnimhat\u00e1 \u00e1 \u00fas\u00e1id laistigh de thionscadal REACT.<\/p>\n\n<figure class=\"wp-block-gallery has-nested-images columns-default is-cropped wp-block-gallery-3 is-layout-flex wp-block-gallery-is-layout-flex\">\n<figure class=\"wp-block-image size-large\"><img loading=\"lazy\" decoding=\"async\" width=\"1024\" height=\"768\" data-id=\"26694\" src=\"https:\/\/react2020.eu\/wp-content\/uploads\/sites\/5\/2023\/04\/esta-1-1024x768.jpg\" alt=\"\" class=\"wp-image-26694\" srcset=\"https:\/\/react2020.eu\/wp-content\/uploads\/sites\/5\/2023\/04\/esta-1-1024x768.jpg 1024w, https:\/\/react2020.eu\/wp-content\/uploads\/sites\/5\/2023\/04\/esta-1-300x225.jpg 300w, https:\/\/react2020.eu\/wp-content\/uploads\/sites\/5\/2023\/04\/esta-1-768x576.jpg 768w, https:\/\/react2020.eu\/wp-content\/uploads\/sites\/5\/2023\/04\/esta-1-1536x1152.jpg 1536w, https:\/\/react2020.eu\/wp-content\/uploads\/sites\/5\/2023\/04\/esta-1.jpg 1600w\" sizes=\"(max-width: 1024px) 100vw, 1024px\" \/><\/figure>\n\n\n<figure class=\"wp-block-image size-large\"><img loading=\"lazy\" decoding=\"async\" width=\"768\" height=\"1024\" data-id=\"26708\" src=\"https:\/\/react2020.eu\/wp-content\/uploads\/sites\/5\/2023\/04\/dentro-edificio-768x1024.jpg\" alt=\"\" class=\"wp-image-26708\" srcset=\"https:\/\/react2020.eu\/wp-content\/uploads\/sites\/5\/2023\/04\/dentro-edificio-768x1024.jpg 768w, https:\/\/react2020.eu\/wp-content\/uploads\/sites\/5\/2023\/04\/dentro-edificio-225x300.jpg 225w, https:\/\/react2020.eu\/wp-content\/uploads\/sites\/5\/2023\/04\/dentro-edificio-1152x1536.jpg 1152w, https:\/\/react2020.eu\/wp-content\/uploads\/sites\/5\/2023\/04\/dentro-edificio-1536x2048.jpg 1536w, https:\/\/react2020.eu\/wp-content\/uploads\/sites\/5\/2023\/04\/dentro-edificio-1600x2133.jpg 1600w, https:\/\/react2020.eu\/wp-content\/uploads\/sites\/5\/2023\/04\/dentro-edificio-scaled.jpg 1920w\" sizes=\"(max-width: 768px) 100vw, 768px\" \/><\/figure>\n\n\n<figure class=\"wp-block-image size-large\"><img loading=\"lazy\" decoding=\"async\" width=\"1024\" height=\"768\" data-id=\"26702\" src=\"https:\/\/react2020.eu\/wp-content\/uploads\/sites\/5\/2023\/04\/heracles-1024x768.jpg\" alt=\"\" class=\"wp-image-26702\" srcset=\"https:\/\/react2020.eu\/wp-content\/uploads\/sites\/5\/2023\/04\/heracles-1024x768.jpg 1024w, https:\/\/react2020.eu\/wp-content\/uploads\/sites\/5\/2023\/04\/heracles-300x225.jpg 300w, https:\/\/react2020.eu\/wp-content\/uploads\/sites\/5\/2023\/04\/heracles-768x576.jpg 768w, https:\/\/react2020.eu\/wp-content\/uploads\/sites\/5\/2023\/04\/heracles-1536x1152.jpg 1536w, https:\/\/react2020.eu\/wp-content\/uploads\/sites\/5\/2023\/04\/heracles-2048x1536.jpg 2048w, https:\/\/react2020.eu\/wp-content\/uploads\/sites\/5\/2023\/04\/heracles-1600x1200.jpg 1600w\" sizes=\"(max-width: 1024px) 100vw, 1024px\" \/><\/figure>\n\n\n<figure class=\"wp-block-image size-large\"><img loading=\"lazy\" decoding=\"async\" width=\"1024\" height=\"768\" data-id=\"26706\" src=\"https:\/\/react2020.eu\/wp-content\/uploads\/sites\/5\/2023\/04\/psneles-1024x768.jpg\" alt=\"\" class=\"wp-image-26706\" srcset=\"https:\/\/react2020.eu\/wp-content\/uploads\/sites\/5\/2023\/04\/psneles-1024x768.jpg 1024w, https:\/\/react2020.eu\/wp-content\/uploads\/sites\/5\/2023\/04\/psneles-300x225.jpg 300w, https:\/\/react2020.eu\/wp-content\/uploads\/sites\/5\/2023\/04\/psneles-768x576.jpg 768w, https:\/\/react2020.eu\/wp-content\/uploads\/sites\/5\/2023\/04\/psneles-1536x1152.jpg 1536w, https:\/\/react2020.eu\/wp-content\/uploads\/sites\/5\/2023\/04\/psneles-2048x1536.jpg 2048w, https:\/\/react2020.eu\/wp-content\/uploads\/sites\/5\/2023\/04\/psneles-1600x1200.jpg 1600w\" sizes=\"(max-width: 1024px) 100vw, 1024px\" \/><\/figure>\n\n\n<figure class=\"wp-block-image size-large\"><img loading=\"lazy\" decoding=\"async\" width=\"1024\" height=\"768\" data-id=\"26698\" src=\"https:\/\/react2020.eu\/wp-content\/uploads\/sites\/5\/2023\/04\/paneles-1024x768.jpg\" alt=\"\" class=\"wp-image-26698\" srcset=\"https:\/\/react2020.eu\/wp-content\/uploads\/sites\/5\/2023\/04\/paneles-1024x768.jpg 1024w, https:\/\/react2020.eu\/wp-content\/uploads\/sites\/5\/2023\/04\/paneles-300x225.jpg 300w, https:\/\/react2020.eu\/wp-content\/uploads\/sites\/5\/2023\/04\/paneles-768x576.jpg 768w, https:\/\/react2020.eu\/wp-content\/uploads\/sites\/5\/2023\/04\/paneles-1536x1152.jpg 1536w, https:\/\/react2020.eu\/wp-content\/uploads\/sites\/5\/2023\/04\/paneles-2048x1536.jpg 2048w, https:\/\/react2020.eu\/wp-content\/uploads\/sites\/5\/2023\/04\/paneles-1600x1200.jpg 1600w\" sizes=\"(max-width: 1024px) 100vw, 1024px\" \/><\/figure><\/figure>\n\n<p>L\u00e1 3<\/p>\n\n<p>Ar an l\u00e1 deireanach, bh\u00ed an mhaidin tiomnaithe do thortha\u00ed thionscadal REACT a phl\u00e9. Thosaigh muid le cur i l\u00e1thair ar na pr\u00edomhghn\u00edomha\u00edochta\u00ed agus tortha\u00ed a rinne gach ceann de na comhph\u00e1irtithe freagracha ar oile\u00e1in ph\u00edol\u00f3tacha Oile\u00e1in \u00c1rann, San Pietro agus La Graciosa, Dayanne Peretti (Ollscoil na Gaillimhe), Raphaelle Papa (R2M) agus Jose Mar\u00eda Marcos (Fenie) faoi seach. <\/p>\n\n<p>Ansin, chuir foirne Tekniker agus Pupin forbairt ard\u00e1n REACT i l\u00e1thair. Bh\u00ed an deis againn a fheice\u00e1il conas a oibr\u00edonn s\u00e9 don \u00fas\u00e1ideoir deiridh.<\/p>\n\n<p>Labhair Michael Short \u00f3 Ollscoil Teesside faoi chomhth\u00e9acs an \u00fas\u00e1ideora agus na facht\u00f3ir\u00ed socheacnama\u00edocha a bhfuil baint acu le r\u00e9itigh an tionscadail.<\/p>\n\n<p>San iarn\u00f3in, chuala muid faoi chleachtais na cr\u00edche maidir le sciar an fhuinnimh in-athnuaite a mh\u00e9ad\u00fa. T\u00e1 plean r\u00e9igi\u00fanach \u00e1 fhorbairt chun sciar an fhuinnimh fh\u00f3tavoltaigh ghr\u00e9ine sa mheasc\u00e1n fuinnimh a mh\u00e9ad\u00fa go suntasach. Roinn cuideachta\u00ed gr\u00e9ine deacrachta\u00ed at\u00e1 ann maidir leis an bpr\u00f3iseas riarach\u00e1in. Chun sciar na bhfoins\u00ed in-athnuaite fuinnimh a mh\u00e9ad\u00fa, t\u00e1 cadhnra\u00ed \u00e1 suite\u00e1il anois sa ghreille tarchurtha. Is \u00ed an phr\u00edomhfhadhb a bhaineann le foins\u00ed inathnuaite eadrannacha an easpa t\u00e1imhe \u00f3s rud \u00e9 nach bhfuil an eangach leictreachais idirnasctha. T\u00e1 roinnt urilis\u00ed forbratha ag foireann Taighde agus Forbartha DSO.<\/p>\n\n<p>Pl\u00e9adh an chaoi ar f\u00e9idir le r\u00e9itigh REACT cabhr\u00fa leis an gcr\u00edoch neamhsple\u00e1chas fuinnimh a bhaint amach. Dealra\u00edonn s\u00e9 go bhfuil forbairt na bpobal fuinnimh an-nua ar an oile\u00e1n. Is mian leis an \u00fadar\u00e1s r\u00e9igi\u00fanach f\u00e9intomhaltas fuinnimh fh\u00f3tavoltaigh a chur chun cinn chun sciar an fhuinnimh in-athnuaite a mh\u00e9ad\u00fa agus chun oideachas a chur ar thomhalt\u00f3ir\u00ed chun a dtomhaltas leictreachais a laghd\u00fa. D\u2019fh\u00e9adfa\u00ed tionscadal a chur i gcr\u00edch i r\u00e9imse achrannach an ghr\u00e9as\u00e1in leictreachais.<\/p>\n","protected":false},"excerpt":{"rendered":"<p>Tion\u00f3ladh an ch\u00e9ad Cheardlann de chuid REACT an mh\u00ed seo caite in La R\u00e9union, ceann de na hoile\u00e1in lean\u00fana. Bh\u00ed s\u00e9 eagraithe ag \u00e1r gcomhghleacaithe \u00f3n ENERGY-Lab, Dominique Grondin agus Michel Benne, at\u00e1 ag obair le Universit\u00e9 de La R\u00e9union. Tion\u00f3ladh an cheardlann seo i gceanncheathr\u00fa an \u00dadar\u00e1is R\u00e9igi\u00fanaigh i Saint-Denis. D\u2019fhreastail 36 duine go &#8230; <a title=\"An ch\u00e9ad cheardlann de chuid REACT i La R\u00e9union\" class=\"read-more\" href=\"https:\/\/react2020.eu\/ga\/2023\/04\/18\/an-chead-cheardlann-de-chuid-react-i-la-reunion\/\" aria-label=\"Read more about An ch\u00e9ad cheardlann de chuid REACT i La R\u00e9union\">Read more<\/a><\/p>\n","protected":false},"author":4,"featured_media":26715,"comment_status":"closed","ping_status":"closed","sticky":false,"template":"","format":"standard","meta":{"inline_featured_image":false,"footnotes":""},"categories":[166],"tags":[],"class_list":["post-26721","post","type-post","status-publish","format-standard","has-post-thumbnail","hentry","category-uncategorized-ga"],"yoast_head":"<!-- This site is optimized with the Yoast SEO plugin v27.4 - https:\/\/yoast.com\/product\/yoast-seo-wordpress\/ -->\n<title>An ch\u00e9ad cheardlann de chuid REACT i La R\u00e9union - REACT 2020<\/title>\n<meta name=\"robots\" content=\"index, follow, max-snippet:-1, max-image-preview:large, max-video-preview:-1\" \/>\n<link rel=\"canonical\" href=\"https:\/\/react2020.eu\/ga\/2023\/04\/18\/an-chead-cheardlann-de-chuid-react-i-la-reunion\/\" \/>\n<meta property=\"og:locale\" content=\"ga_IE\" \/>\n<meta property=\"og:type\" content=\"article\" \/>\n<meta property=\"og:title\" content=\"An ch\u00e9ad cheardlann de chuid REACT i La R\u00e9union - REACT 2020\" \/>\n<meta property=\"og:description\" content=\"Tion\u00f3ladh an ch\u00e9ad Cheardlann de chuid REACT an mh\u00ed seo caite in La R\u00e9union, ceann de na hoile\u00e1in lean\u00fana. Bh\u00ed s\u00e9 eagraithe ag \u00e1r gcomhghleacaithe \u00f3n ENERGY-Lab, Dominique Grondin agus Michel Benne, at\u00e1 ag obair le Universit\u00e9 de La R\u00e9union. Tion\u00f3ladh an cheardlann seo i gceanncheathr\u00fa an \u00dadar\u00e1is R\u00e9igi\u00fanaigh i Saint-Denis. D\u2019fhreastail 36 duine go ... Read more\" \/>\n<meta property=\"og:url\" content=\"https:\/\/react2020.eu\/ga\/2023\/04\/18\/an-chead-cheardlann-de-chuid-react-i-la-reunion\/\" \/>\n<meta property=\"og:site_name\" content=\"REACT 2020\" \/>\n<meta property=\"article:published_time\" content=\"2023-04-18T13:15:15+00:00\" \/>\n<meta property=\"article:modified_time\" content=\"2023-05-10T07:28:50+00:00\" \/>\n<meta property=\"og:image\" content=\"https:\/\/react2020.eu\/wp-content\/uploads\/sites\/5\/2023\/04\/IMG20230314142642-scaled.jpg\" \/>\n\t<meta property=\"og:image:width\" content=\"2560\" \/>\n\t<meta property=\"og:image:height\" content=\"1152\" \/>\n\t<meta property=\"og:image:type\" content=\"image\/jpeg\" \/>\n<meta name=\"author\" content=\"faustosainz\" \/>\n<meta name=\"twitter:card\" content=\"summary_large_image\" \/>\n<meta name=\"twitter:label1\" content=\"Written by\" \/>\n\t<meta name=\"twitter:data1\" content=\"faustosainz\" \/>\n\t<meta name=\"twitter:label2\" content=\"Est. reading time\" \/>\n\t<meta name=\"twitter:data2\" content=\"4 minutes\" \/>\n<script type=\"application\/ld+json\" class=\"yoast-schema-graph\">{\"@context\":\"https:\\\/\\\/schema.org\",\"@graph\":[{\"@type\":\"Article\",\"@id\":\"https:\\\/\\\/react2020.eu\\\/ga\\\/2023\\\/04\\\/18\\\/an-chead-cheardlann-de-chuid-react-i-la-reunion\\\/#article\",\"isPartOf\":{\"@id\":\"https:\\\/\\\/react2020.eu\\\/ga\\\/2023\\\/04\\\/18\\\/an-chead-cheardlann-de-chuid-react-i-la-reunion\\\/\"},\"author\":{\"name\":\"faustosainz\",\"@id\":\"https:\\\/\\\/react2020.eu\\\/#\\\/schema\\\/person\\\/681223bb11ce95d8e3192772e810e453\"},\"headline\":\"An ch\u00e9ad cheardlann de chuid REACT i La R\u00e9union\",\"datePublished\":\"2023-04-18T13:15:15+00:00\",\"dateModified\":\"2023-05-10T07:28:50+00:00\",\"mainEntityOfPage\":{\"@id\":\"https:\\\/\\\/react2020.eu\\\/ga\\\/2023\\\/04\\\/18\\\/an-chead-cheardlann-de-chuid-react-i-la-reunion\\\/\"},\"wordCount\":750,\"publisher\":{\"@id\":\"https:\\\/\\\/react2020.eu\\\/#organization\"},\"image\":{\"@id\":\"https:\\\/\\\/react2020.eu\\\/ga\\\/2023\\\/04\\\/18\\\/an-chead-cheardlann-de-chuid-react-i-la-reunion\\\/#primaryimage\"},\"thumbnailUrl\":\"https:\\\/\\\/react2020.eu\\\/wp-content\\\/uploads\\\/sites\\\/5\\\/2023\\\/04\\\/IMG20230314142642-scaled.jpg\",\"articleSection\":[\"Uncategorized @ga\"],\"inLanguage\":\"ga-IE\"},{\"@type\":\"WebPage\",\"@id\":\"https:\\\/\\\/react2020.eu\\\/ga\\\/2023\\\/04\\\/18\\\/an-chead-cheardlann-de-chuid-react-i-la-reunion\\\/\",\"url\":\"https:\\\/\\\/react2020.eu\\\/ga\\\/2023\\\/04\\\/18\\\/an-chead-cheardlann-de-chuid-react-i-la-reunion\\\/\",\"name\":\"An ch\u00e9ad cheardlann de chuid REACT i La R\u00e9union - REACT 2020\",\"isPartOf\":{\"@id\":\"https:\\\/\\\/react2020.eu\\\/#website\"},\"primaryImageOfPage\":{\"@id\":\"https:\\\/\\\/react2020.eu\\\/ga\\\/2023\\\/04\\\/18\\\/an-chead-cheardlann-de-chuid-react-i-la-reunion\\\/#primaryimage\"},\"image\":{\"@id\":\"https:\\\/\\\/react2020.eu\\\/ga\\\/2023\\\/04\\\/18\\\/an-chead-cheardlann-de-chuid-react-i-la-reunion\\\/#primaryimage\"},\"thumbnailUrl\":\"https:\\\/\\\/react2020.eu\\\/wp-content\\\/uploads\\\/sites\\\/5\\\/2023\\\/04\\\/IMG20230314142642-scaled.jpg\",\"datePublished\":\"2023-04-18T13:15:15+00:00\",\"dateModified\":\"2023-05-10T07:28:50+00:00\",\"breadcrumb\":{\"@id\":\"https:\\\/\\\/react2020.eu\\\/ga\\\/2023\\\/04\\\/18\\\/an-chead-cheardlann-de-chuid-react-i-la-reunion\\\/#breadcrumb\"},\"inLanguage\":\"ga-IE\",\"potentialAction\":[{\"@type\":\"ReadAction\",\"target\":[\"https:\\\/\\\/react2020.eu\\\/ga\\\/2023\\\/04\\\/18\\\/an-chead-cheardlann-de-chuid-react-i-la-reunion\\\/\"]}]},{\"@type\":\"ImageObject\",\"inLanguage\":\"ga-IE\",\"@id\":\"https:\\\/\\\/react2020.eu\\\/ga\\\/2023\\\/04\\\/18\\\/an-chead-cheardlann-de-chuid-react-i-la-reunion\\\/#primaryimage\",\"url\":\"https:\\\/\\\/react2020.eu\\\/wp-content\\\/uploads\\\/sites\\\/5\\\/2023\\\/04\\\/IMG20230314142642-scaled.jpg\",\"contentUrl\":\"https:\\\/\\\/react2020.eu\\\/wp-content\\\/uploads\\\/sites\\\/5\\\/2023\\\/04\\\/IMG20230314142642-scaled.jpg\",\"width\":2560,\"height\":1152},{\"@type\":\"BreadcrumbList\",\"@id\":\"https:\\\/\\\/react2020.eu\\\/ga\\\/2023\\\/04\\\/18\\\/an-chead-cheardlann-de-chuid-react-i-la-reunion\\\/#breadcrumb\",\"itemListElement\":[{\"@type\":\"ListItem\",\"position\":1,\"name\":\"Portada\",\"item\":\"https:\\\/\\\/react2020.eu\\\/\"},{\"@type\":\"ListItem\",\"position\":2,\"name\":\"An ch\u00e9ad cheardlann de chuid REACT i La R\u00e9union\"}]},{\"@type\":\"WebSite\",\"@id\":\"https:\\\/\\\/react2020.eu\\\/#website\",\"url\":\"https:\\\/\\\/react2020.eu\\\/\",\"name\":\"REACT 2020\",\"description\":\"REACT 2020 \u2013 Renewable Energy for Self-Sustainable Island Communties\",\"publisher\":{\"@id\":\"https:\\\/\\\/react2020.eu\\\/#organization\"},\"potentialAction\":[{\"@type\":\"SearchAction\",\"target\":{\"@type\":\"EntryPoint\",\"urlTemplate\":\"https:\\\/\\\/react2020.eu\\\/?s={search_term_string}\"},\"query-input\":{\"@type\":\"PropertyValueSpecification\",\"valueRequired\":true,\"valueName\":\"search_term_string\"}}],\"inLanguage\":\"ga-IE\"},{\"@type\":\"Organization\",\"@id\":\"https:\\\/\\\/react2020.eu\\\/#organization\",\"name\":\"REACT 2020\",\"url\":\"https:\\\/\\\/react2020.eu\\\/\",\"logo\":{\"@type\":\"ImageObject\",\"inLanguage\":\"ga-IE\",\"@id\":\"https:\\\/\\\/react2020.eu\\\/#\\\/schema\\\/logo\\\/image\\\/\",\"url\":\"https:\\\/\\\/react2020.eu\\\/wp-content\\\/uploads\\\/sites\\\/5\\\/2019\\\/07\\\/1.-REACT_Logo-horizontal_Color_RGB_2.png\",\"contentUrl\":\"https:\\\/\\\/react2020.eu\\\/wp-content\\\/uploads\\\/sites\\\/5\\\/2019\\\/07\\\/1.-REACT_Logo-horizontal_Color_RGB_2.png\",\"width\":1643,\"height\":419,\"caption\":\"REACT 2020\"},\"image\":{\"@id\":\"https:\\\/\\\/react2020.eu\\\/#\\\/schema\\\/logo\\\/image\\\/\"}},{\"@type\":\"Person\",\"@id\":\"https:\\\/\\\/react2020.eu\\\/#\\\/schema\\\/person\\\/681223bb11ce95d8e3192772e810e453\",\"name\":\"faustosainz\",\"image\":{\"@type\":\"ImageObject\",\"inLanguage\":\"ga-IE\",\"@id\":\"https:\\\/\\\/secure.gravatar.com\\\/avatar\\\/f228e3d248b75040cfb046462552a8a7f74cabbdb83cd079bcc93fd43607e6c1?s=96&d=mm&r=g\",\"url\":\"https:\\\/\\\/secure.gravatar.com\\\/avatar\\\/f228e3d248b75040cfb046462552a8a7f74cabbdb83cd079bcc93fd43607e6c1?s=96&d=mm&r=g\",\"contentUrl\":\"https:\\\/\\\/secure.gravatar.com\\\/avatar\\\/f228e3d248b75040cfb046462552a8a7f74cabbdb83cd079bcc93fd43607e6c1?s=96&d=mm&r=g\",\"caption\":\"faustosainz\"},\"url\":\"https:\\\/\\\/react2020.eu\\\/ga\\\/author\\\/faustosainz\\\/\"}]}<\/script>\n<!-- \/ Yoast SEO plugin. -->","yoast_head_json":{"title":"An ch\u00e9ad cheardlann de chuid REACT i La R\u00e9union - REACT 2020","robots":{"index":"index","follow":"follow","max-snippet":"max-snippet:-1","max-image-preview":"max-image-preview:large","max-video-preview":"max-video-preview:-1"},"canonical":"https:\/\/react2020.eu\/ga\/2023\/04\/18\/an-chead-cheardlann-de-chuid-react-i-la-reunion\/","og_locale":"ga_IE","og_type":"article","og_title":"An ch\u00e9ad cheardlann de chuid REACT i La R\u00e9union - REACT 2020","og_description":"Tion\u00f3ladh an ch\u00e9ad Cheardlann de chuid REACT an mh\u00ed seo caite in La R\u00e9union, ceann de na hoile\u00e1in lean\u00fana. Bh\u00ed s\u00e9 eagraithe ag \u00e1r gcomhghleacaithe \u00f3n ENERGY-Lab, Dominique Grondin agus Michel Benne, at\u00e1 ag obair le Universit\u00e9 de La R\u00e9union. Tion\u00f3ladh an cheardlann seo i gceanncheathr\u00fa an \u00dadar\u00e1is R\u00e9igi\u00fanaigh i Saint-Denis. D\u2019fhreastail 36 duine go ... Read more","og_url":"https:\/\/react2020.eu\/ga\/2023\/04\/18\/an-chead-cheardlann-de-chuid-react-i-la-reunion\/","og_site_name":"REACT 2020","article_published_time":"2023-04-18T13:15:15+00:00","article_modified_time":"2023-05-10T07:28:50+00:00","og_image":[{"width":2560,"height":1152,"url":"https:\/\/react2020.eu\/wp-content\/uploads\/sites\/5\/2023\/04\/IMG20230314142642-scaled.jpg","type":"image\/jpeg"}],"author":"faustosainz","twitter_card":"summary_large_image","twitter_misc":{"Written by":"faustosainz","Est. reading time":"4 minutes"},"schema":{"@context":"https:\/\/schema.org","@graph":[{"@type":"Article","@id":"https:\/\/react2020.eu\/ga\/2023\/04\/18\/an-chead-cheardlann-de-chuid-react-i-la-reunion\/#article","isPartOf":{"@id":"https:\/\/react2020.eu\/ga\/2023\/04\/18\/an-chead-cheardlann-de-chuid-react-i-la-reunion\/"},"author":{"name":"faustosainz","@id":"https:\/\/react2020.eu\/#\/schema\/person\/681223bb11ce95d8e3192772e810e453"},"headline":"An ch\u00e9ad cheardlann de chuid REACT i La R\u00e9union","datePublished":"2023-04-18T13:15:15+00:00","dateModified":"2023-05-10T07:28:50+00:00","mainEntityOfPage":{"@id":"https:\/\/react2020.eu\/ga\/2023\/04\/18\/an-chead-cheardlann-de-chuid-react-i-la-reunion\/"},"wordCount":750,"publisher":{"@id":"https:\/\/react2020.eu\/#organization"},"image":{"@id":"https:\/\/react2020.eu\/ga\/2023\/04\/18\/an-chead-cheardlann-de-chuid-react-i-la-reunion\/#primaryimage"},"thumbnailUrl":"https:\/\/react2020.eu\/wp-content\/uploads\/sites\/5\/2023\/04\/IMG20230314142642-scaled.jpg","articleSection":["Uncategorized @ga"],"inLanguage":"ga-IE"},{"@type":"WebPage","@id":"https:\/\/react2020.eu\/ga\/2023\/04\/18\/an-chead-cheardlann-de-chuid-react-i-la-reunion\/","url":"https:\/\/react2020.eu\/ga\/2023\/04\/18\/an-chead-cheardlann-de-chuid-react-i-la-reunion\/","name":"An ch\u00e9ad cheardlann de chuid REACT i La R\u00e9union - REACT 2020","isPartOf":{"@id":"https:\/\/react2020.eu\/#website"},"primaryImageOfPage":{"@id":"https:\/\/react2020.eu\/ga\/2023\/04\/18\/an-chead-cheardlann-de-chuid-react-i-la-reunion\/#primaryimage"},"image":{"@id":"https:\/\/react2020.eu\/ga\/2023\/04\/18\/an-chead-cheardlann-de-chuid-react-i-la-reunion\/#primaryimage"},"thumbnailUrl":"https:\/\/react2020.eu\/wp-content\/uploads\/sites\/5\/2023\/04\/IMG20230314142642-scaled.jpg","datePublished":"2023-04-18T13:15:15+00:00","dateModified":"2023-05-10T07:28:50+00:00","breadcrumb":{"@id":"https:\/\/react2020.eu\/ga\/2023\/04\/18\/an-chead-cheardlann-de-chuid-react-i-la-reunion\/#breadcrumb"},"inLanguage":"ga-IE","potentialAction":[{"@type":"ReadAction","target":["https:\/\/react2020.eu\/ga\/2023\/04\/18\/an-chead-cheardlann-de-chuid-react-i-la-reunion\/"]}]},{"@type":"ImageObject","inLanguage":"ga-IE","@id":"https:\/\/react2020.eu\/ga\/2023\/04\/18\/an-chead-cheardlann-de-chuid-react-i-la-reunion\/#primaryimage","url":"https:\/\/react2020.eu\/wp-content\/uploads\/sites\/5\/2023\/04\/IMG20230314142642-scaled.jpg","contentUrl":"https:\/\/react2020.eu\/wp-content\/uploads\/sites\/5\/2023\/04\/IMG20230314142642-scaled.jpg","width":2560,"height":1152},{"@type":"BreadcrumbList","@id":"https:\/\/react2020.eu\/ga\/2023\/04\/18\/an-chead-cheardlann-de-chuid-react-i-la-reunion\/#breadcrumb","itemListElement":[{"@type":"ListItem","position":1,"name":"Portada","item":"https:\/\/react2020.eu\/"},{"@type":"ListItem","position":2,"name":"An ch\u00e9ad cheardlann de chuid REACT i La R\u00e9union"}]},{"@type":"WebSite","@id":"https:\/\/react2020.eu\/#website","url":"https:\/\/react2020.eu\/","name":"REACT 2020","description":"REACT 2020 \u2013 Renewable Energy for Self-Sustainable Island Communties","publisher":{"@id":"https:\/\/react2020.eu\/#organization"},"potentialAction":[{"@type":"SearchAction","target":{"@type":"EntryPoint","urlTemplate":"https:\/\/react2020.eu\/?s={search_term_string}"},"query-input":{"@type":"PropertyValueSpecification","valueRequired":true,"valueName":"search_term_string"}}],"inLanguage":"ga-IE"},{"@type":"Organization","@id":"https:\/\/react2020.eu\/#organization","name":"REACT 2020","url":"https:\/\/react2020.eu\/","logo":{"@type":"ImageObject","inLanguage":"ga-IE","@id":"https:\/\/react2020.eu\/#\/schema\/logo\/image\/","url":"https:\/\/react2020.eu\/wp-content\/uploads\/sites\/5\/2019\/07\/1.-REACT_Logo-horizontal_Color_RGB_2.png","contentUrl":"https:\/\/react2020.eu\/wp-content\/uploads\/sites\/5\/2019\/07\/1.-REACT_Logo-horizontal_Color_RGB_2.png","width":1643,"height":419,"caption":"REACT 2020"},"image":{"@id":"https:\/\/react2020.eu\/#\/schema\/logo\/image\/"}},{"@type":"Person","@id":"https:\/\/react2020.eu\/#\/schema\/person\/681223bb11ce95d8e3192772e810e453","name":"faustosainz","image":{"@type":"ImageObject","inLanguage":"ga-IE","@id":"https:\/\/secure.gravatar.com\/avatar\/f228e3d248b75040cfb046462552a8a7f74cabbdb83cd079bcc93fd43607e6c1?s=96&d=mm&r=g","url":"https:\/\/secure.gravatar.com\/avatar\/f228e3d248b75040cfb046462552a8a7f74cabbdb83cd079bcc93fd43607e6c1?s=96&d=mm&r=g","contentUrl":"https:\/\/secure.gravatar.com\/avatar\/f228e3d248b75040cfb046462552a8a7f74cabbdb83cd079bcc93fd43607e6c1?s=96&d=mm&r=g","caption":"faustosainz"},"url":"https:\/\/react2020.eu\/ga\/author\/faustosainz\/"}]}},"_links":{"self":[{"href":"https:\/\/react2020.eu\/ga\/wp-json\/wp\/v2\/posts\/26721","targetHints":{"allow":["GET"]}}],"collection":[{"href":"https:\/\/react2020.eu\/ga\/wp-json\/wp\/v2\/posts"}],"about":[{"href":"https:\/\/react2020.eu\/ga\/wp-json\/wp\/v2\/types\/post"}],"author":[{"embeddable":true,"href":"https:\/\/react2020.eu\/ga\/wp-json\/wp\/v2\/users\/4"}],"replies":[{"embeddable":true,"href":"https:\/\/react2020.eu\/ga\/wp-json\/wp\/v2\/comments?post=26721"}],"version-history":[{"count":0,"href":"https:\/\/react2020.eu\/ga\/wp-json\/wp\/v2\/posts\/26721\/revisions"}],"wp:featuredmedia":[{"embeddable":true,"href":"https:\/\/react2020.eu\/ga\/wp-json\/wp\/v2\/media\/26715"}],"wp:attachment":[{"href":"https:\/\/react2020.eu\/ga\/wp-json\/wp\/v2\/media?parent=26721"}],"wp:term":[{"taxonomy":"category","embeddable":true,"href":"https:\/\/react2020.eu\/ga\/wp-json\/wp\/v2\/categories?post=26721"},{"taxonomy":"post_tag","embeddable":true,"href":"https:\/\/react2020.eu\/ga\/wp-json\/wp\/v2\/tags?post=26721"}],"curies":[{"name":"wp","href":"https:\/\/api.w.org\/{rel}","templated":true}]}}