{"id":26538,"date":"2022-12-06T10:30:10","date_gmt":"2022-12-06T10:30:10","guid":{"rendered":"https:\/\/react2020.eu\/2022\/12\/06\/react-an-8u-comhdhail-ginearalta-i-vin-na-hostaire\/"},"modified":"2022-12-06T10:30:11","modified_gmt":"2022-12-06T10:30:11","slug":"react-an-8u-comhdhail-ginearalta-i-vin-na-hostaire","status":"publish","type":"post","link":"https:\/\/react2020.eu\/ga\/2022\/12\/06\/react-an-8u-comhdhail-ginearalta-i-vin-na-hostaire\/","title":{"rendered":"REACT An 8\u00fa Comhdh\u00e1il Ginear\u00e1lta i V\u00edn na hOstaire"},"content":{"rendered":"\n<p>Bh\u00ed comhdh\u00e1il REACT againn inar bhailigh na p\u00e1irtn\u00e9ir\u00ed le ch\u00e9ile ar an 16\u00fa agus 17\u00fa Samhain i V\u00edn na hOstaire, i bhfoirgneamh de chuid AIT don 8\u00fa Comhdh\u00e1il Ginear\u00e1lta. T\u00e1 an togra d\u00edrithe ar neamhsple\u00e1chas fuinnimh at\u00e1 fite fuaite le haistri\u00fa fuinnimh, le bainisti\u00fa fuinnimh agus le pobail fuinnimh a chruth\u00fa amach anseo a bheidh in ann a gcuid fuinnimh f\u00e9in a ghini\u00faint, a bhainisti\u00fa agus a roinnt.<\/p>\n\n<p>Rinneadh dul chun cinn ar an togra le linn an d\u00e1 l\u00e1. Rinneadh dul chun cinn maidir le freagra\u00ed a chur ar go leor ceisteanna a bh\u00ed ag na p\u00e1irtn\u00e9ir\u00ed, c\u00e9 go bhfuil an chuid is m\u00f3 de chusp\u00f3ir\u00ed an togra bainte amach go dt\u00ed seo.<\/p>\n\n<p>Fuaireamar aiseolas \u00f3 na tr\u00ed phobal oile\u00e1nacha in Inis M\u00f3r, \u00c1rainn, Carloforte agus La Graciosa maidir lena gcuid tuairim\u00ed agus an dul chun cinn at\u00e1 d\u00e9anta le d\u00e9ana\u00ed.<\/p>\n\n<figure class=\"wp-block-gallery has-nested-images columns-default is-cropped wp-block-gallery-1 is-layout-flex wp-block-gallery-is-layout-flex\">\n<figure class=\"wp-block-image size-large\"><img fetchpriority=\"high\" decoding=\"async\" width=\"1024\" height=\"768\" data-id=\"26491\" src=\"https:\/\/react2020.eu\/wp-content\/uploads\/sites\/5\/2022\/11\/groupPhoto-1024x768.jpg\" alt=\"\" class=\"wp-image-26491\" srcset=\"https:\/\/react2020.eu\/wp-content\/uploads\/sites\/5\/2022\/11\/groupPhoto-1024x768.jpg 1024w, https:\/\/react2020.eu\/wp-content\/uploads\/sites\/5\/2022\/11\/groupPhoto-300x225.jpg 300w, https:\/\/react2020.eu\/wp-content\/uploads\/sites\/5\/2022\/11\/groupPhoto-768x576.jpg 768w, https:\/\/react2020.eu\/wp-content\/uploads\/sites\/5\/2022\/11\/groupPhoto-1536x1152.jpg 1536w, https:\/\/react2020.eu\/wp-content\/uploads\/sites\/5\/2022\/11\/groupPhoto-2048x1536.jpg 2048w, https:\/\/react2020.eu\/wp-content\/uploads\/sites\/5\/2022\/11\/groupPhoto-1600x1200.jpg 1600w\" sizes=\"(max-width: 1024px) 100vw, 1024px\" \/><\/figure>\n\n\n<figure class=\"wp-block-image size-large\"><img decoding=\"async\" width=\"1024\" height=\"768\" data-id=\"26495\" src=\"https:\/\/react2020.eu\/wp-content\/uploads\/sites\/5\/2022\/11\/sala1-1024x768.jpg\" alt=\"\" class=\"wp-image-26495\" srcset=\"https:\/\/react2020.eu\/wp-content\/uploads\/sites\/5\/2022\/11\/sala1-1024x768.jpg 1024w, https:\/\/react2020.eu\/wp-content\/uploads\/sites\/5\/2022\/11\/sala1-300x225.jpg 300w, https:\/\/react2020.eu\/wp-content\/uploads\/sites\/5\/2022\/11\/sala1-768x576.jpg 768w, https:\/\/react2020.eu\/wp-content\/uploads\/sites\/5\/2022\/11\/sala1-1536x1152.jpg 1536w, https:\/\/react2020.eu\/wp-content\/uploads\/sites\/5\/2022\/11\/sala1-2048x1536.jpg 2048w, https:\/\/react2020.eu\/wp-content\/uploads\/sites\/5\/2022\/11\/sala1-1600x1200.jpg 1600w\" sizes=\"(max-width: 1024px) 100vw, 1024px\" \/><\/figure>\n\n\n<figure class=\"wp-block-image size-large\"><img decoding=\"async\" width=\"1024\" height=\"768\" data-id=\"26499\" src=\"https:\/\/react2020.eu\/wp-content\/uploads\/sites\/5\/2022\/11\/sala-1024x768.jpg\" alt=\"\" class=\"wp-image-26499\" srcset=\"https:\/\/react2020.eu\/wp-content\/uploads\/sites\/5\/2022\/11\/sala-1024x768.jpg 1024w, https:\/\/react2020.eu\/wp-content\/uploads\/sites\/5\/2022\/11\/sala-300x225.jpg 300w, https:\/\/react2020.eu\/wp-content\/uploads\/sites\/5\/2022\/11\/sala-768x576.jpg 768w, https:\/\/react2020.eu\/wp-content\/uploads\/sites\/5\/2022\/11\/sala-1536x1152.jpg 1536w, https:\/\/react2020.eu\/wp-content\/uploads\/sites\/5\/2022\/11\/sala-2048x1536.jpg 2048w, https:\/\/react2020.eu\/wp-content\/uploads\/sites\/5\/2022\/11\/sala-1600x1200.jpg 1600w\" sizes=\"(max-width: 1024px) 100vw, 1024px\" \/><\/figure><\/figure>\n\n<p>Phl\u00e9amar na huirlis\u00ed r\u00e9amhaisn\u00e9ise at\u00e1 in \u00fas\u00e1id, na modhanna optamaithe, an tsamhail bosca liath\/dubh  saincheisteanna faoi fheidhmi\u00fa na greille leictreachais agus aimsi\u00fa  fabhtanna. Bh\u00ed pl\u00e9 cuimsitheach againn maidir le rialt\u00f3ir\u00ed s\u00f3cmhainn\u00ed fuinnimh.<\/p>\n\n<p>Seo roinnt point\u00ed a sheas amach \u00f3 na cainteanna agus \u00f3 na cur i l\u00e1thair:<\/p>\n\n<p>T\u00e1 an-t\u00e1bhacht ag baint le compar\u00e1id a dh\u00e9anamh idir staid na dtogra\u00ed p\u00edol\u00f3tacha roimh agus tar \u00e9is fhorbairt REACT, agus mar sin n\u00ed m\u00f3r d\u00fainn na sonra\u00ed go l\u00e9ir a chur i gcompar\u00e1id.<\/p>\n\n<figure class=\"wp-block-gallery has-nested-images columns-default is-cropped wp-block-gallery-2 is-layout-flex wp-block-gallery-is-layout-flex\">\n<figure class=\"wp-block-image size-large\"><img loading=\"lazy\" decoding=\"async\" width=\"1024\" height=\"768\" data-id=\"26511\" src=\"https:\/\/react2020.eu\/wp-content\/uploads\/sites\/5\/2022\/11\/San-Pietro-1024x768.jpg\" alt=\"\" class=\"wp-image-26511\" srcset=\"https:\/\/react2020.eu\/wp-content\/uploads\/sites\/5\/2022\/11\/San-Pietro-1024x768.jpg 1024w, https:\/\/react2020.eu\/wp-content\/uploads\/sites\/5\/2022\/11\/San-Pietro-300x225.jpg 300w, https:\/\/react2020.eu\/wp-content\/uploads\/sites\/5\/2022\/11\/San-Pietro-768x576.jpg 768w, https:\/\/react2020.eu\/wp-content\/uploads\/sites\/5\/2022\/11\/San-Pietro-1536x1152.jpg 1536w, https:\/\/react2020.eu\/wp-content\/uploads\/sites\/5\/2022\/11\/San-Pietro-2048x1536.jpg 2048w, https:\/\/react2020.eu\/wp-content\/uploads\/sites\/5\/2022\/11\/San-Pietro-1600x1200.jpg 1600w\" sizes=\"(max-width: 1024px) 100vw, 1024px\" \/><\/figure>\n\n\n<figure class=\"wp-block-image size-large\"><img loading=\"lazy\" decoding=\"async\" width=\"1024\" height=\"768\" data-id=\"26507\" src=\"https:\/\/react2020.eu\/wp-content\/uploads\/sites\/5\/2022\/11\/IMG_20221117_130751257-1024x768.jpg\" alt=\"\" class=\"wp-image-26507\" srcset=\"https:\/\/react2020.eu\/wp-content\/uploads\/sites\/5\/2022\/11\/IMG_20221117_130751257-1024x768.jpg 1024w, https:\/\/react2020.eu\/wp-content\/uploads\/sites\/5\/2022\/11\/IMG_20221117_130751257-300x225.jpg 300w, https:\/\/react2020.eu\/wp-content\/uploads\/sites\/5\/2022\/11\/IMG_20221117_130751257-768x576.jpg 768w, https:\/\/react2020.eu\/wp-content\/uploads\/sites\/5\/2022\/11\/IMG_20221117_130751257-1536x1152.jpg 1536w, https:\/\/react2020.eu\/wp-content\/uploads\/sites\/5\/2022\/11\/IMG_20221117_130751257-2048x1536.jpg 2048w, https:\/\/react2020.eu\/wp-content\/uploads\/sites\/5\/2022\/11\/IMG_20221117_130751257-1600x1200.jpg 1600w\" sizes=\"(max-width: 1024px) 100vw, 1024px\" \/><\/figure>\n\n\n<figure class=\"wp-block-image size-large\"><img loading=\"lazy\" decoding=\"async\" width=\"1024\" height=\"768\" data-id=\"26503\" src=\"https:\/\/react2020.eu\/wp-content\/uploads\/sites\/5\/2022\/11\/SaraFausto-1024x768.jpg\" alt=\"\" class=\"wp-image-26503\" srcset=\"https:\/\/react2020.eu\/wp-content\/uploads\/sites\/5\/2022\/11\/SaraFausto-1024x768.jpg 1024w, https:\/\/react2020.eu\/wp-content\/uploads\/sites\/5\/2022\/11\/SaraFausto-300x225.jpg 300w, https:\/\/react2020.eu\/wp-content\/uploads\/sites\/5\/2022\/11\/SaraFausto-768x576.jpg 768w, https:\/\/react2020.eu\/wp-content\/uploads\/sites\/5\/2022\/11\/SaraFausto-1536x1152.jpg 1536w, https:\/\/react2020.eu\/wp-content\/uploads\/sites\/5\/2022\/11\/SaraFausto-1600x1200.jpg 1600w, https:\/\/react2020.eu\/wp-content\/uploads\/sites\/5\/2022\/11\/SaraFausto.jpg 2048w\" sizes=\"(max-width: 1024px) 100vw, 1024px\" \/><\/figure><\/figure>\n\n<p>Is c\u00e9im chun cinn an-t\u00e1bhachtach agus riachtanach \u00e9 an nasc idir an togra agus na comhluchta\u00ed sol\u00e1thar leictreachais \u00e1iti\u00fala a neart\u00fa sna m\u00edonna deiridh at\u00e1 romhainn.<\/p>\n\n<p>N\u00ed m\u00f3r d\u00fainn freisin aird ar leith a thabhairt ar shol\u00fabthacht an mhargaidh fuinnimh amach anseo i measc an phobail \u00e1iti\u00fail.<\/p>\n\n<p>Dh\u00e1 chusp\u00f3ir eile at\u00e1 le cr\u00edochni\u00fa againn go luath amach anseo n\u00e1 na ceachtanna at\u00e1 foghlaimaithe againn agus traen\u00e1il a chur ar f\u00e1il do na h\u00fas\u00e1ideoir\u00ed.<\/p>\n\n<figure class=\"wp-block-gallery has-nested-images columns-default is-cropped wp-block-gallery-3 is-layout-flex wp-block-gallery-is-layout-flex\">\n<figure class=\"wp-block-image size-large\"><img loading=\"lazy\" decoding=\"async\" width=\"1024\" height=\"768\" data-id=\"26517\" src=\"https:\/\/react2020.eu\/wp-content\/uploads\/sites\/5\/2022\/11\/visit-to-lab-1024x768.jpg\" alt=\"\" class=\"wp-image-26517\" srcset=\"https:\/\/react2020.eu\/wp-content\/uploads\/sites\/5\/2022\/11\/visit-to-lab-1024x768.jpg 1024w, https:\/\/react2020.eu\/wp-content\/uploads\/sites\/5\/2022\/11\/visit-to-lab-300x225.jpg 300w, https:\/\/react2020.eu\/wp-content\/uploads\/sites\/5\/2022\/11\/visit-to-lab-768x576.jpg 768w, https:\/\/react2020.eu\/wp-content\/uploads\/sites\/5\/2022\/11\/visit-to-lab-1536x1152.jpg 1536w, https:\/\/react2020.eu\/wp-content\/uploads\/sites\/5\/2022\/11\/visit-to-lab.jpg 1600w\" sizes=\"(max-width: 1024px) 100vw, 1024px\" \/><\/figure>\n\n\n<figure class=\"wp-block-image size-large\"><img loading=\"lazy\" decoding=\"async\" width=\"1024\" height=\"768\" data-id=\"26521\" src=\"https:\/\/react2020.eu\/wp-content\/uploads\/sites\/5\/2022\/11\/visit2-1024x768.jpg\" alt=\"\" class=\"wp-image-26521\" srcset=\"https:\/\/react2020.eu\/wp-content\/uploads\/sites\/5\/2022\/11\/visit2-1024x768.jpg 1024w, https:\/\/react2020.eu\/wp-content\/uploads\/sites\/5\/2022\/11\/visit2-300x225.jpg 300w, https:\/\/react2020.eu\/wp-content\/uploads\/sites\/5\/2022\/11\/visit2-768x576.jpg 768w, https:\/\/react2020.eu\/wp-content\/uploads\/sites\/5\/2022\/11\/visit2-1536x1152.jpg 1536w, https:\/\/react2020.eu\/wp-content\/uploads\/sites\/5\/2022\/11\/visit2.jpg 1600w\" sizes=\"(max-width: 1024px) 100vw, 1024px\" \/><\/figure><\/figure>\n\n<p><p style=\"font-weight: 400\">N\u00ed m\u00f3r d\u00fainn bu\u00edochas a ghabh\u00e1il le foireann <a href=\"https:\/\/www.ait.ac.at\/en\/\">AIT<\/a> \u2014 agus go speisialta <a href=\"https:\/\/www.linkedin.com\/in\/stefan-uebermasser\/\">Stefan \u00dcbermasser<\/a> \u00a0\u2014 as an \u00f3c\u00e1id a \u00f3st\u00e1il agus as an gcruinni\u00fa a bheith ina cheann an-taitneamhach agus torth\u00fail. Chomh maith leis sin, taimid bu\u00edoch as an gcuairt shuimi\u00fail a bh\u00ed againn ar an tsaotharlann ag \u00e1itreabh AIT, \u00e1it ar fhoghla\u00edomar go leor faoi dheiseanna st\u00f3r\u00e1la fuinnimh agus greille.<\/p><\/p>\n","protected":false},"excerpt":{"rendered":"<p>Bh\u00ed comhdh\u00e1il REACT againn inar bhailigh na p\u00e1irtn\u00e9ir\u00ed le ch\u00e9ile ar an 16\u00fa agus 17\u00fa Samhain i V\u00edn na hOstaire, i bhfoirgneamh de chuid AIT don 8\u00fa Comhdh\u00e1il Ginear\u00e1lta. T\u00e1 an togra d\u00edrithe ar neamhsple\u00e1chas fuinnimh at\u00e1 fite fuaite le haistri\u00fa fuinnimh, le bainisti\u00fa fuinnimh agus le pobail fuinnimh a chruth\u00fa amach anseo a bheidh &#8230; <a title=\"REACT An 8\u00fa Comhdh\u00e1il Ginear\u00e1lta i V\u00edn na hOstaire\" class=\"read-more\" href=\"https:\/\/react2020.eu\/ga\/2022\/12\/06\/react-an-8u-comhdhail-ginearalta-i-vin-na-hostaire\/\" aria-label=\"Read more about REACT An 8\u00fa Comhdh\u00e1il Ginear\u00e1lta i V\u00edn na hOstaire\">Read more<\/a><\/p>\n","protected":false},"author":4,"featured_media":26488,"comment_status":"closed","ping_status":"closed","sticky":false,"template":"","format":"standard","meta":{"inline_featured_image":false,"footnotes":""},"categories":[166],"tags":[],"class_list":["post-26538","post","type-post","status-publish","format-standard","has-post-thumbnail","hentry","category-uncategorized-ga"],"yoast_head":"<!-- This site is optimized with the Yoast SEO plugin v27.4 - https:\/\/yoast.com\/product\/yoast-seo-wordpress\/ -->\n<title>REACT An 8\u00fa Comhdh\u00e1il Ginear\u00e1lta i V\u00edn na hOstaire - REACT 2020<\/title>\n<meta name=\"robots\" content=\"index, follow, max-snippet:-1, max-image-preview:large, max-video-preview:-1\" \/>\n<link rel=\"canonical\" href=\"https:\/\/react2020.eu\/ga\/2022\/12\/06\/react-an-8u-comhdhail-ginearalta-i-vin-na-hostaire\/\" \/>\n<meta property=\"og:locale\" content=\"ga_IE\" \/>\n<meta property=\"og:type\" content=\"article\" \/>\n<meta property=\"og:title\" content=\"REACT An 8\u00fa Comhdh\u00e1il Ginear\u00e1lta i V\u00edn na hOstaire - REACT 2020\" \/>\n<meta property=\"og:description\" content=\"Bh\u00ed comhdh\u00e1il REACT againn inar bhailigh na p\u00e1irtn\u00e9ir\u00ed le ch\u00e9ile ar an 16\u00fa agus 17\u00fa Samhain i V\u00edn na hOstaire, i bhfoirgneamh de chuid AIT don 8\u00fa Comhdh\u00e1il Ginear\u00e1lta. T\u00e1 an togra d\u00edrithe ar neamhsple\u00e1chas fuinnimh at\u00e1 fite fuaite le haistri\u00fa fuinnimh, le bainisti\u00fa fuinnimh agus le pobail fuinnimh a chruth\u00fa amach anseo a bheidh ... Read more\" \/>\n<meta property=\"og:url\" content=\"https:\/\/react2020.eu\/ga\/2022\/12\/06\/react-an-8u-comhdhail-ginearalta-i-vin-na-hostaire\/\" \/>\n<meta property=\"og:site_name\" content=\"REACT 2020\" \/>\n<meta property=\"article:published_time\" content=\"2022-12-06T10:30:10+00:00\" \/>\n<meta property=\"article:modified_time\" content=\"2022-12-06T10:30:11+00:00\" \/>\n<meta property=\"og:image\" content=\"https:\/\/react2020.eu\/wp-content\/uploads\/sites\/5\/2022\/11\/group-foto.jpg\" \/>\n\t<meta property=\"og:image:width\" content=\"1600\" \/>\n\t<meta property=\"og:image:height\" content=\"1200\" \/>\n\t<meta property=\"og:image:type\" content=\"image\/jpeg\" \/>\n<meta name=\"author\" content=\"faustosainz\" \/>\n<meta name=\"twitter:card\" content=\"summary_large_image\" \/>\n<meta name=\"twitter:label1\" content=\"Written by\" \/>\n\t<meta name=\"twitter:data1\" content=\"faustosainz\" \/>\n\t<meta name=\"twitter:label2\" content=\"Est. reading time\" \/>\n\t<meta name=\"twitter:data2\" content=\"2 minutes\" \/>\n<script type=\"application\/ld+json\" class=\"yoast-schema-graph\">{\"@context\":\"https:\\\/\\\/schema.org\",\"@graph\":[{\"@type\":\"Article\",\"@id\":\"https:\\\/\\\/react2020.eu\\\/ga\\\/2022\\\/12\\\/06\\\/react-an-8u-comhdhail-ginearalta-i-vin-na-hostaire\\\/#article\",\"isPartOf\":{\"@id\":\"https:\\\/\\\/react2020.eu\\\/ga\\\/2022\\\/12\\\/06\\\/react-an-8u-comhdhail-ginearalta-i-vin-na-hostaire\\\/\"},\"author\":{\"name\":\"faustosainz\",\"@id\":\"https:\\\/\\\/react2020.eu\\\/#\\\/schema\\\/person\\\/681223bb11ce95d8e3192772e810e453\"},\"headline\":\"REACT An 8\u00fa Comhdh\u00e1il Ginear\u00e1lta i V\u00edn na hOstaire\",\"datePublished\":\"2022-12-06T10:30:10+00:00\",\"dateModified\":\"2022-12-06T10:30:11+00:00\",\"mainEntityOfPage\":{\"@id\":\"https:\\\/\\\/react2020.eu\\\/ga\\\/2022\\\/12\\\/06\\\/react-an-8u-comhdhail-ginearalta-i-vin-na-hostaire\\\/\"},\"wordCount\":421,\"publisher\":{\"@id\":\"https:\\\/\\\/react2020.eu\\\/#organization\"},\"image\":{\"@id\":\"https:\\\/\\\/react2020.eu\\\/ga\\\/2022\\\/12\\\/06\\\/react-an-8u-comhdhail-ginearalta-i-vin-na-hostaire\\\/#primaryimage\"},\"thumbnailUrl\":\"https:\\\/\\\/react2020.eu\\\/wp-content\\\/uploads\\\/sites\\\/5\\\/2022\\\/11\\\/group-foto.jpg\",\"articleSection\":[\"Uncategorized @ga\"],\"inLanguage\":\"ga-IE\"},{\"@type\":\"WebPage\",\"@id\":\"https:\\\/\\\/react2020.eu\\\/ga\\\/2022\\\/12\\\/06\\\/react-an-8u-comhdhail-ginearalta-i-vin-na-hostaire\\\/\",\"url\":\"https:\\\/\\\/react2020.eu\\\/ga\\\/2022\\\/12\\\/06\\\/react-an-8u-comhdhail-ginearalta-i-vin-na-hostaire\\\/\",\"name\":\"REACT An 8\u00fa Comhdh\u00e1il Ginear\u00e1lta i V\u00edn na hOstaire - REACT 2020\",\"isPartOf\":{\"@id\":\"https:\\\/\\\/react2020.eu\\\/#website\"},\"primaryImageOfPage\":{\"@id\":\"https:\\\/\\\/react2020.eu\\\/ga\\\/2022\\\/12\\\/06\\\/react-an-8u-comhdhail-ginearalta-i-vin-na-hostaire\\\/#primaryimage\"},\"image\":{\"@id\":\"https:\\\/\\\/react2020.eu\\\/ga\\\/2022\\\/12\\\/06\\\/react-an-8u-comhdhail-ginearalta-i-vin-na-hostaire\\\/#primaryimage\"},\"thumbnailUrl\":\"https:\\\/\\\/react2020.eu\\\/wp-content\\\/uploads\\\/sites\\\/5\\\/2022\\\/11\\\/group-foto.jpg\",\"datePublished\":\"2022-12-06T10:30:10+00:00\",\"dateModified\":\"2022-12-06T10:30:11+00:00\",\"breadcrumb\":{\"@id\":\"https:\\\/\\\/react2020.eu\\\/ga\\\/2022\\\/12\\\/06\\\/react-an-8u-comhdhail-ginearalta-i-vin-na-hostaire\\\/#breadcrumb\"},\"inLanguage\":\"ga-IE\",\"potentialAction\":[{\"@type\":\"ReadAction\",\"target\":[\"https:\\\/\\\/react2020.eu\\\/ga\\\/2022\\\/12\\\/06\\\/react-an-8u-comhdhail-ginearalta-i-vin-na-hostaire\\\/\"]}]},{\"@type\":\"ImageObject\",\"inLanguage\":\"ga-IE\",\"@id\":\"https:\\\/\\\/react2020.eu\\\/ga\\\/2022\\\/12\\\/06\\\/react-an-8u-comhdhail-ginearalta-i-vin-na-hostaire\\\/#primaryimage\",\"url\":\"https:\\\/\\\/react2020.eu\\\/wp-content\\\/uploads\\\/sites\\\/5\\\/2022\\\/11\\\/group-foto.jpg\",\"contentUrl\":\"https:\\\/\\\/react2020.eu\\\/wp-content\\\/uploads\\\/sites\\\/5\\\/2022\\\/11\\\/group-foto.jpg\",\"width\":1600,\"height\":1200},{\"@type\":\"BreadcrumbList\",\"@id\":\"https:\\\/\\\/react2020.eu\\\/ga\\\/2022\\\/12\\\/06\\\/react-an-8u-comhdhail-ginearalta-i-vin-na-hostaire\\\/#breadcrumb\",\"itemListElement\":[{\"@type\":\"ListItem\",\"position\":1,\"name\":\"Portada\",\"item\":\"https:\\\/\\\/react2020.eu\\\/\"},{\"@type\":\"ListItem\",\"position\":2,\"name\":\"REACT An 8\u00fa Comhdh\u00e1il Ginear\u00e1lta i V\u00edn na hOstaire\"}]},{\"@type\":\"WebSite\",\"@id\":\"https:\\\/\\\/react2020.eu\\\/#website\",\"url\":\"https:\\\/\\\/react2020.eu\\\/\",\"name\":\"REACT 2020\",\"description\":\"REACT 2020 \u2013 Renewable Energy for Self-Sustainable Island Communties\",\"publisher\":{\"@id\":\"https:\\\/\\\/react2020.eu\\\/#organization\"},\"potentialAction\":[{\"@type\":\"SearchAction\",\"target\":{\"@type\":\"EntryPoint\",\"urlTemplate\":\"https:\\\/\\\/react2020.eu\\\/?s={search_term_string}\"},\"query-input\":{\"@type\":\"PropertyValueSpecification\",\"valueRequired\":true,\"valueName\":\"search_term_string\"}}],\"inLanguage\":\"ga-IE\"},{\"@type\":\"Organization\",\"@id\":\"https:\\\/\\\/react2020.eu\\\/#organization\",\"name\":\"REACT 2020\",\"url\":\"https:\\\/\\\/react2020.eu\\\/\",\"logo\":{\"@type\":\"ImageObject\",\"inLanguage\":\"ga-IE\",\"@id\":\"https:\\\/\\\/react2020.eu\\\/#\\\/schema\\\/logo\\\/image\\\/\",\"url\":\"https:\\\/\\\/react2020.eu\\\/wp-content\\\/uploads\\\/sites\\\/5\\\/2019\\\/07\\\/1.-REACT_Logo-horizontal_Color_RGB_2.png\",\"contentUrl\":\"https:\\\/\\\/react2020.eu\\\/wp-content\\\/uploads\\\/sites\\\/5\\\/2019\\\/07\\\/1.-REACT_Logo-horizontal_Color_RGB_2.png\",\"width\":1643,\"height\":419,\"caption\":\"REACT 2020\"},\"image\":{\"@id\":\"https:\\\/\\\/react2020.eu\\\/#\\\/schema\\\/logo\\\/image\\\/\"}},{\"@type\":\"Person\",\"@id\":\"https:\\\/\\\/react2020.eu\\\/#\\\/schema\\\/person\\\/681223bb11ce95d8e3192772e810e453\",\"name\":\"faustosainz\",\"image\":{\"@type\":\"ImageObject\",\"inLanguage\":\"ga-IE\",\"@id\":\"https:\\\/\\\/secure.gravatar.com\\\/avatar\\\/f228e3d248b75040cfb046462552a8a7f74cabbdb83cd079bcc93fd43607e6c1?s=96&d=mm&r=g\",\"url\":\"https:\\\/\\\/secure.gravatar.com\\\/avatar\\\/f228e3d248b75040cfb046462552a8a7f74cabbdb83cd079bcc93fd43607e6c1?s=96&d=mm&r=g\",\"contentUrl\":\"https:\\\/\\\/secure.gravatar.com\\\/avatar\\\/f228e3d248b75040cfb046462552a8a7f74cabbdb83cd079bcc93fd43607e6c1?s=96&d=mm&r=g\",\"caption\":\"faustosainz\"},\"url\":\"https:\\\/\\\/react2020.eu\\\/ga\\\/author\\\/faustosainz\\\/\"}]}<\/script>\n<!-- \/ Yoast SEO plugin. -->","yoast_head_json":{"title":"REACT An 8\u00fa Comhdh\u00e1il Ginear\u00e1lta i V\u00edn na hOstaire - REACT 2020","robots":{"index":"index","follow":"follow","max-snippet":"max-snippet:-1","max-image-preview":"max-image-preview:large","max-video-preview":"max-video-preview:-1"},"canonical":"https:\/\/react2020.eu\/ga\/2022\/12\/06\/react-an-8u-comhdhail-ginearalta-i-vin-na-hostaire\/","og_locale":"ga_IE","og_type":"article","og_title":"REACT An 8\u00fa Comhdh\u00e1il Ginear\u00e1lta i V\u00edn na hOstaire - REACT 2020","og_description":"Bh\u00ed comhdh\u00e1il REACT againn inar bhailigh na p\u00e1irtn\u00e9ir\u00ed le ch\u00e9ile ar an 16\u00fa agus 17\u00fa Samhain i V\u00edn na hOstaire, i bhfoirgneamh de chuid AIT don 8\u00fa Comhdh\u00e1il Ginear\u00e1lta. T\u00e1 an togra d\u00edrithe ar neamhsple\u00e1chas fuinnimh at\u00e1 fite fuaite le haistri\u00fa fuinnimh, le bainisti\u00fa fuinnimh agus le pobail fuinnimh a chruth\u00fa amach anseo a bheidh ... Read more","og_url":"https:\/\/react2020.eu\/ga\/2022\/12\/06\/react-an-8u-comhdhail-ginearalta-i-vin-na-hostaire\/","og_site_name":"REACT 2020","article_published_time":"2022-12-06T10:30:10+00:00","article_modified_time":"2022-12-06T10:30:11+00:00","og_image":[{"width":1600,"height":1200,"url":"https:\/\/react2020.eu\/wp-content\/uploads\/sites\/5\/2022\/11\/group-foto.jpg","type":"image\/jpeg"}],"author":"faustosainz","twitter_card":"summary_large_image","twitter_misc":{"Written by":"faustosainz","Est. reading time":"2 minutes"},"schema":{"@context":"https:\/\/schema.org","@graph":[{"@type":"Article","@id":"https:\/\/react2020.eu\/ga\/2022\/12\/06\/react-an-8u-comhdhail-ginearalta-i-vin-na-hostaire\/#article","isPartOf":{"@id":"https:\/\/react2020.eu\/ga\/2022\/12\/06\/react-an-8u-comhdhail-ginearalta-i-vin-na-hostaire\/"},"author":{"name":"faustosainz","@id":"https:\/\/react2020.eu\/#\/schema\/person\/681223bb11ce95d8e3192772e810e453"},"headline":"REACT An 8\u00fa Comhdh\u00e1il Ginear\u00e1lta i V\u00edn na hOstaire","datePublished":"2022-12-06T10:30:10+00:00","dateModified":"2022-12-06T10:30:11+00:00","mainEntityOfPage":{"@id":"https:\/\/react2020.eu\/ga\/2022\/12\/06\/react-an-8u-comhdhail-ginearalta-i-vin-na-hostaire\/"},"wordCount":421,"publisher":{"@id":"https:\/\/react2020.eu\/#organization"},"image":{"@id":"https:\/\/react2020.eu\/ga\/2022\/12\/06\/react-an-8u-comhdhail-ginearalta-i-vin-na-hostaire\/#primaryimage"},"thumbnailUrl":"https:\/\/react2020.eu\/wp-content\/uploads\/sites\/5\/2022\/11\/group-foto.jpg","articleSection":["Uncategorized @ga"],"inLanguage":"ga-IE"},{"@type":"WebPage","@id":"https:\/\/react2020.eu\/ga\/2022\/12\/06\/react-an-8u-comhdhail-ginearalta-i-vin-na-hostaire\/","url":"https:\/\/react2020.eu\/ga\/2022\/12\/06\/react-an-8u-comhdhail-ginearalta-i-vin-na-hostaire\/","name":"REACT An 8\u00fa Comhdh\u00e1il Ginear\u00e1lta i V\u00edn na hOstaire - REACT 2020","isPartOf":{"@id":"https:\/\/react2020.eu\/#website"},"primaryImageOfPage":{"@id":"https:\/\/react2020.eu\/ga\/2022\/12\/06\/react-an-8u-comhdhail-ginearalta-i-vin-na-hostaire\/#primaryimage"},"image":{"@id":"https:\/\/react2020.eu\/ga\/2022\/12\/06\/react-an-8u-comhdhail-ginearalta-i-vin-na-hostaire\/#primaryimage"},"thumbnailUrl":"https:\/\/react2020.eu\/wp-content\/uploads\/sites\/5\/2022\/11\/group-foto.jpg","datePublished":"2022-12-06T10:30:10+00:00","dateModified":"2022-12-06T10:30:11+00:00","breadcrumb":{"@id":"https:\/\/react2020.eu\/ga\/2022\/12\/06\/react-an-8u-comhdhail-ginearalta-i-vin-na-hostaire\/#breadcrumb"},"inLanguage":"ga-IE","potentialAction":[{"@type":"ReadAction","target":["https:\/\/react2020.eu\/ga\/2022\/12\/06\/react-an-8u-comhdhail-ginearalta-i-vin-na-hostaire\/"]}]},{"@type":"ImageObject","inLanguage":"ga-IE","@id":"https:\/\/react2020.eu\/ga\/2022\/12\/06\/react-an-8u-comhdhail-ginearalta-i-vin-na-hostaire\/#primaryimage","url":"https:\/\/react2020.eu\/wp-content\/uploads\/sites\/5\/2022\/11\/group-foto.jpg","contentUrl":"https:\/\/react2020.eu\/wp-content\/uploads\/sites\/5\/2022\/11\/group-foto.jpg","width":1600,"height":1200},{"@type":"BreadcrumbList","@id":"https:\/\/react2020.eu\/ga\/2022\/12\/06\/react-an-8u-comhdhail-ginearalta-i-vin-na-hostaire\/#breadcrumb","itemListElement":[{"@type":"ListItem","position":1,"name":"Portada","item":"https:\/\/react2020.eu\/"},{"@type":"ListItem","position":2,"name":"REACT An 8\u00fa Comhdh\u00e1il Ginear\u00e1lta i V\u00edn na hOstaire"}]},{"@type":"WebSite","@id":"https:\/\/react2020.eu\/#website","url":"https:\/\/react2020.eu\/","name":"REACT 2020","description":"REACT 2020 \u2013 Renewable Energy for Self-Sustainable Island Communties","publisher":{"@id":"https:\/\/react2020.eu\/#organization"},"potentialAction":[{"@type":"SearchAction","target":{"@type":"EntryPoint","urlTemplate":"https:\/\/react2020.eu\/?s={search_term_string}"},"query-input":{"@type":"PropertyValueSpecification","valueRequired":true,"valueName":"search_term_string"}}],"inLanguage":"ga-IE"},{"@type":"Organization","@id":"https:\/\/react2020.eu\/#organization","name":"REACT 2020","url":"https:\/\/react2020.eu\/","logo":{"@type":"ImageObject","inLanguage":"ga-IE","@id":"https:\/\/react2020.eu\/#\/schema\/logo\/image\/","url":"https:\/\/react2020.eu\/wp-content\/uploads\/sites\/5\/2019\/07\/1.-REACT_Logo-horizontal_Color_RGB_2.png","contentUrl":"https:\/\/react2020.eu\/wp-content\/uploads\/sites\/5\/2019\/07\/1.-REACT_Logo-horizontal_Color_RGB_2.png","width":1643,"height":419,"caption":"REACT 2020"},"image":{"@id":"https:\/\/react2020.eu\/#\/schema\/logo\/image\/"}},{"@type":"Person","@id":"https:\/\/react2020.eu\/#\/schema\/person\/681223bb11ce95d8e3192772e810e453","name":"faustosainz","image":{"@type":"ImageObject","inLanguage":"ga-IE","@id":"https:\/\/secure.gravatar.com\/avatar\/f228e3d248b75040cfb046462552a8a7f74cabbdb83cd079bcc93fd43607e6c1?s=96&d=mm&r=g","url":"https:\/\/secure.gravatar.com\/avatar\/f228e3d248b75040cfb046462552a8a7f74cabbdb83cd079bcc93fd43607e6c1?s=96&d=mm&r=g","contentUrl":"https:\/\/secure.gravatar.com\/avatar\/f228e3d248b75040cfb046462552a8a7f74cabbdb83cd079bcc93fd43607e6c1?s=96&d=mm&r=g","caption":"faustosainz"},"url":"https:\/\/react2020.eu\/ga\/author\/faustosainz\/"}]}},"_links":{"self":[{"href":"https:\/\/react2020.eu\/ga\/wp-json\/wp\/v2\/posts\/26538","targetHints":{"allow":["GET"]}}],"collection":[{"href":"https:\/\/react2020.eu\/ga\/wp-json\/wp\/v2\/posts"}],"about":[{"href":"https:\/\/react2020.eu\/ga\/wp-json\/wp\/v2\/types\/post"}],"author":[{"embeddable":true,"href":"https:\/\/react2020.eu\/ga\/wp-json\/wp\/v2\/users\/4"}],"replies":[{"embeddable":true,"href":"https:\/\/react2020.eu\/ga\/wp-json\/wp\/v2\/comments?post=26538"}],"version-history":[{"count":0,"href":"https:\/\/react2020.eu\/ga\/wp-json\/wp\/v2\/posts\/26538\/revisions"}],"wp:featuredmedia":[{"embeddable":true,"href":"https:\/\/react2020.eu\/ga\/wp-json\/wp\/v2\/media\/26488"}],"wp:attachment":[{"href":"https:\/\/react2020.eu\/ga\/wp-json\/wp\/v2\/media?parent=26538"}],"wp:term":[{"taxonomy":"category","embeddable":true,"href":"https:\/\/react2020.eu\/ga\/wp-json\/wp\/v2\/categories?post=26538"},{"taxonomy":"post_tag","embeddable":true,"href":"https:\/\/react2020.eu\/ga\/wp-json\/wp\/v2\/tags?post=26538"}],"curies":[{"name":"wp","href":"https:\/\/api.w.org\/{rel}","templated":true}]}}