{"id":25687,"date":"2022-02-22T09:46:17","date_gmt":"2022-02-22T09:46:17","guid":{"rendered":"https:\/\/react2020.eu\/2022\/02\/22\/tacaiochtai-chun-pobail-fuinnimh-aitiula-a-chruthu\/"},"modified":"2022-08-08T07:37:00","modified_gmt":"2022-08-08T07:37:00","slug":"tacaiochtai-chun-pobail-fuinnimh-aitiula-a-chruthu","status":"publish","type":"post","link":"https:\/\/react2020.eu\/ga\/2022\/02\/22\/tacaiochtai-chun-pobail-fuinnimh-aitiula-a-chruthu\/","title":{"rendered":"Taca\u00edochta\u00ed Chun Pobail Fuinnimh \u00c1iti\u00fala a Chruth\u00fa"},"content":{"rendered":"\n<p>Leagtar b\u00e9im i b<a href=\"https:\/\/www.gov.ie\/en\/publication\/550df-the-white-paper-irelands-transition-to-a-low-carbon-energy-future-2015-2030\/\">P\u00e1ip\u00e9ar B\u00e1n ar Fhuinneamh na h\u00c9ireann<\/a> (Nollaig 2015) agus sa <a href=\"https:\/\/www.gov.ie\/en\/publication\/48d4e-national-mitigation-plan\/\">Phlean N\u00e1isi\u00fanta Maol<\/a>aithe (Meitheamh 2017) ar r\u00f3l \u00a0an phobail maidir le spriocanna fuinnimh a bhaint amach chun leibh\u00e9al an charb\u00f3in a \u00edsli\u00fa sna todhcha\u00ed.<\/p>\n\n<p>T\u00e1 <a href=\"https:\/\/www.seai.ie\/community-energy\/sustainable-energy-communities\/\">Cl\u00e1r na bPobal N\u00e1isi\u00fanta d\u2019Fhuinneamh Inbhuanaithe (SEC)<\/a>, at\u00e1 \u00e1 re\u00e1cht\u00e1il ag \u00dadar\u00e1s Fuinnimh Inmharthana na h\u00c9ireann (SEAI), ar an bpr\u00edomhbheartas chun f\u00e1s agus forbairt, chomh maith le cumas, na bpobal fuinnimh ar fud na t\u00edre a fhorbairt i gcomhr\u00e9ir le cusp\u00f3ir\u00ed maidir le gn\u00edomh\u00fa ar son na haer\u00e1ide. Seoladh an tionscnamh seo den ch\u00e9ad uair i 2015 tar \u00e9is fhoilsi\u00fa an Ph\u00e1ip\u00e9ir Bh\u00e1in chun tac\u00fa le pobail scileanna agus eolas bainist\u00edochta fuinnimh a fhorbairt. \u00d3 mh\u00ed na Samhna 2021 ar aghaidh, t\u00e1 breis agus 590 gr\u00fapa pobail ar fud na h\u00c9ireann anois mar chuid de l\u00edonra an Phobail Fuinnimh \u00c1iti\u00fail ag SEAI, gluaiseacht at\u00e1 ag leathn\u00fa go tapa i dtreo todhcha\u00ed fuinnimh n\u00edos glaine.\u00a0 T\u00e1 sprioc leagtha s\u00edos i bPlean Gn\u00edomha\u00edochta na h\u00c9ireann ar son na hAer\u00e1ide chun an l\u00edonra seo a mh\u00e9ad\u00fa go 1,500 pobal fuinnimh \u00e1iti\u00fail faoi 2030.<\/p>\n\n<p><div>&#13;\n<p class=\"P68B1DB1-Normal1\"><span lang=\"EN-IE\">Cad is SEC ann?<\/span><\/p>&#13;\n&#13;\n<\/div><\/p>\n\n<p>Tugtar cur s\u00edos ar Phobal Fuinnimh Inbhuanaithe (SEC) mar l\u00edon daoine a thagann le ch\u00e9ile, chun oibri\u00fa le ch\u00e9ile, chun c\u00f3ras fuinnimh inbhuanaithe a fhorbairt ar mhaithe lena bpobal. Seo chun athr\u00fa a dh\u00e9anamh ar meoin an phobal maidir le fuinneamh agus an tsl\u00ed a \u00fas\u00e1idtear an fuinneamh. Is f\u00e9idir \u00e9 seo a bhaint amach tr\u00ed \u00fas\u00e1id a bhaint as fuinneamh in-athnuaite nuair is f\u00e9idir sin a dh\u00e9anamh, agus ar r\u00e9itigh chliste maidir le fuinneamh a \u00fas\u00e1id chomh maith. Is f\u00e9idir le SEC, agus moltar go l\u00e1idir d\u00f3ibh, ionada\u00edocht leathan \u00fas\u00e1ideoir\u00ed\/geallsealbh\u00f3ir\u00ed \u00e9ags\u00fala fuinnimh \u00f3 gach cearn den phobal a chur san \u00e1ireamh ina measc tithe, clubanna sp\u00f3irt, ionaid phobail, eaglais\u00ed, scoileanna agus gn\u00f3lachta\u00ed \u00e1iti\u00fala. Agus \u00e9 sin \u00e1 dh\u00e9anamh, t\u00e1 SEC ag glacadh leis an gcur chuige is ioml\u00e1na\u00ed agus na riachtanais \u00e1iti\u00fala uile \u00e1 gcur san \u00e1ireamh ar bhealach cuimsitheach, comhoibr\u00edoch, seachas d\u00edri\u00fa ar aon r\u00e9imse amh\u00e1in. Cuireann s\u00e9 ar a gcumas chomh maith na hacmhainn\u00ed \u00e1iti\u00fala, scileanna, eolas agus taith\u00ed a chomhroinnt \u00f3 pheirspict\u00edochta\u00ed \u00e9ags\u00fala, rud as a n-eascra\u00edonn tairbh\u00ed n\u00edos fadt\u00e9arma\u00ed a d\u2019fh\u00e9adfadh a bheith ag gach duine lena mbaineann.<\/p>\n\n<p>T\u00e1 gr\u00e9as\u00e1n na SEC an-\u00e9ags\u00fail. T\u00e1 beagnach 50 % den l\u00edonra ina nEagrais Forbartha Pobail agus ina ngr\u00fapa\u00ed deonacha. Ina dhiaidh sin, is iad Coist\u00ed na mBailte Slachtmhara,  eagrais phobailbhunaithe agus\/n\u00f3 seirbh\u00eds\u00ed, agus institi\u00faid\u00ed oideachais na ch\u00e9ad gr\u00fapa\u00ed is m\u00f3 a bhfuil ionada\u00edocht acu sa ghr\u00e9as\u00e1n. T\u00e1 m\u00e9ad\u00fa ag teacht ar l\u00edon na gclubanna sp\u00f3irt, gn\u00f3lachta\u00ed tuaithe \u00e1iti\u00fala, cumainn tith\u00edochta agus c\u00f3naitheoir\u00ed agus comharchumainn fuinnimh at\u00e1 ag teacht isteach sa ghr\u00e9as\u00e1n.<\/p>\n\n<figure class=\"wp-block-image size-full\"><img fetchpriority=\"high\" decoding=\"async\" width=\"948\" height=\"858\" src=\"https:\/\/react2020.eu\/wp-content\/uploads\/sites\/5\/2022\/02\/image.png\" alt=\"\" class=\"wp-image-25681\" srcset=\"https:\/\/react2020.eu\/wp-content\/uploads\/sites\/5\/2022\/02\/image.png 948w, https:\/\/react2020.eu\/wp-content\/uploads\/sites\/5\/2022\/02\/image-300x272.png 300w, https:\/\/react2020.eu\/wp-content\/uploads\/sites\/5\/2022\/02\/image-768x695.png 768w\" sizes=\"(max-width: 948px) 100vw, 948px\" \/><\/figure>\n<p>B\u00edonn an deis ag an SEC,agus iad ag glacadh le ballra\u00edocht sa ghr\u00e9as\u00e1n, a bpr\u00edomh-aidhmeanna, c\u00faiseanna agus r\u00e9ims\u00ed sp\u00e9ise a chur in i\u00fal, a aicm\u00edtear sna t\u00e9ama\u00ed seo a leanas:<\/p>\n\n<ul class=\"wp-block-list\"><li>Gini\u00faint fuinnimh in-athnuaite agus\/n\u00f3 athghini\u00faint pobail (l\u00e9irigh 66 % de ghr\u00e9as\u00e1n na SEC sp\u00e9is sa r\u00e9imse sin)<\/li><li>\u00c9ifeacht\u00falacht fuinnimh agus\/n\u00f3 coigiltis airgeadais (L\u00e9irigh 76 % de l\u00edonra SEC suim sa r\u00e9imse seo)<\/li><li>Pobal inbhuanaithe\/\u00edseal carb\u00f3in (68 % de ghr\u00e9as\u00e1n na SEC a l\u00e9irigh suim sa r\u00e9imse seo)<\/li><li>Athr\u00fa iompra\u00edochta\/oideachas fuinnimh (59 % de ghr\u00e9as\u00e1n na SEC le fios go bhfuil sp\u00e9is sa r\u00e9imse seo)<\/li><li>Iompar inbhuanaithe (L\u00e9irigh 26 % de ghr\u00e9as\u00e1n SEC leas sa r\u00e9imse seo)<\/li><li>Bochtaineacht breosla (l\u00e9irigh 24 % de ghr\u00e9as\u00e1n SEC suim sa r\u00e9imse seo)<\/li><\/ul>\n<p><div>&#13;\n<p class=\"P68B1DB1-Normal1\"><span lang=\"EN-IE\">Bunt\u00e1ist\u00ed a bhaineann le bheith ina SEC<\/span><\/p>&#13;\n&#13;\n<\/div><\/p>\n\n<p>Mar chuid do ghr\u00e9as\u00e1n na SEC, t\u00e1 rochtain agat ar thaca\u00edochta\u00ed \u00f3 SEAI agus \u00f3 SEC\u2019s eile sa ghr\u00e9as\u00e1n, chun eolas agus taith\u00ed a roinnt agus chun comhairle a thabhairt d\u00e1 ch\u00e9ile.  Cuireann SEAI taca\u00edocht dh\u00edreach ar f\u00e1il freisin don SEC agus tr\u00ed phain\u00e9al meant\u00f3ir\u00ed a thugann taca\u00edocht phraitici\u00fail don SEC chun iad f\u00e9in agus a n-uaillmhianta mar SEC a bhun\u00fa.  Tr\u00edd an bpr\u00f3iseas, is f\u00e9idir le SEC:<\/p>\n\n<ul class=\"wp-block-list\"><li>Coigiltis airgeadais agus fuinnimh a bhaint amach<\/li><li>Feabhas a chur ar chompord, ar shl\u00e1inte agus ar fholl\u00e1ine \u00f3 fhoirgnimh at\u00e1 n\u00edos t\u00edosa\u00ed ar fhuinneamh<\/li><li>Borradh a chur faoi dheiseanna fosta\u00edochta \u00e1iti\u00fala<\/li><li>Tac\u00fa le forbairt pobail agus \u00e1iti\u00fail<\/li><li>Acmhainn agus scileanna a fhorbairt ar fud an phobail agus taca\u00edocht agus maoini\u00fa a rochtain<\/li><li>Rannchuidi\u00fa le spriocanna n\u00e1isi\u00fanta fuinnimh agus asta\u00edochta\u00ed carb\u00f3in a laghd\u00fa<\/li><\/ul>\n<p>Ceapadh an l\u00edonra SEC chun cur ar chumas pobal fuinneamh a bhainisti\u00fa agus a sh\u00e1bh\u00e1il ar fud na n-earn\u00e1lacha go l\u00e9ir. T\u00e1 cur chuige n\u00f3 turas an-simpl\u00ed 3-ch\u00e9im ag an gcl\u00e1r ar a dtugtar Foghlaim-Plean-D\u00e9an.<\/p>\n\n<p><div>&#13;\n<p class=\"P68B1DB1-Normal1\"><span lang=\"EN-IE\">C\u00e9im 1 \u2013 Foghlaim:<\/span><\/p>&#13;\n&#13;\n<\/div><\/p>\n\n<p>Glacann do phobal p\u00e1irt sa ghr\u00e9as\u00e1n SEC, \u00e1it a dtabharfar meant\u00f3ir \u00e1iti\u00fail duit chun taca\u00edocht phraitici\u00fail agus treoir a thabhairt duit chun cabhr\u00fa leat do spriocanna a leagan amach agus conas iad a bhaint amach. Is f\u00e9idir leat foghlaim \u00f3 SEC eile at\u00e1 sa ghr\u00e9as\u00e1n ch\u00e9anna leat f\u00e9in agus foghlaim agus comhairle a roinnt. Ina theannta sin, is f\u00e9idir leat rochtain a fh\u00e1il ar \u00e1bhair fhoghlama, ar oili\u00faint agus ar imeachta\u00ed i roinnt r\u00e9ims\u00ed \u00e9ags\u00fala, chun feasacht a mh\u00fascailt agus chun cabhr\u00fa le hardoili\u00faint a chur ar do ghr\u00fapa SEC agus ar an bpobal m\u00e1guaird.<\/p>\n\n<p><div>&#13;\n<p class=\"P68B1DB1-Normal1\"><span lang=\"EN-IE\">C\u00e9im 2 \u2013 Plean:<\/span><\/p>&#13;\n&#13;\n<\/div><\/p>\n\n<p>M\u00e1 chinneann do phobal ar fhorbairt a dh\u00e9anamh, beidh SEAI \u00e1balta taca\u00edocht a thabhairt duit le bunl\u00edne  de Mh\u00e1istirphlean Fuinnimh a fhorbairt do do phobal. Rachaidh t\u00fa i gcomhph\u00e1irt\u00edocht le SEAI agus cuirtear tuilleadh taca\u00edochta ar f\u00e1il agus t\u00fa ag dul chun cinn leis an bplean seo. Tr\u00edd an mbunl\u00edne de Mh\u00e1istirphlean Fuinnimh a bhun\u00fa, is f\u00e9idir le SEC deiseanna coigiltis fuinnimh agus cl\u00e1r gn\u00edomha\u00edochta\u00ed a aithint a bhf\u00e9adfadh an pobal a mheas maidir lena gcur i bhfeidhm.<\/p>\n\n<p><div>&#13;\n<p class=\"P68B1DB1-Normal1\"><span lang=\"EN-IE\">C\u00e9im 3 \u2013 D\u00e9an:<\/span><\/p>&#13;\n&#13;\n<\/div><\/p>\n\n<p>Nuair a bheidh M\u00e1istirphlean Fuinnimh forbartha agat, beidh do phobal in ann tosa\u00edocht a thabhairt do na tionscadail fuinnimh is fearr chun t\u00fas a chur leo agus is f\u00e9idir leat ansin deontais n\u00f3 taca\u00edochta\u00ed a aithint chun na togra\u00ed sin a chur i gcr\u00edch. Re\u00e1cht\u00e1lann SEAI sc\u00e9im Deontas Fuinnimh Pobail a thaca\u00edonn le togra\u00ed fuinnimh ar sc\u00e1la beag go me\u00e1nach, a fhorbra\u00edonn scileanna pobail chun togra\u00ed caipitil a bhainisti\u00fa agus a chumasa\u00edonn pobal chun ceannaireacht a th\u00f3g\u00e1il ar thogra\u00ed ina bpobail f\u00e9in.  Tr\u00edd an sc\u00e9im seo, is f\u00e9idir le pobail eolas agus feasacht fuinnimh a mh\u00e9ad\u00fa agus a choinne\u00e1il go h\u00e1iti\u00fail agus b\u00edonn deis acu tionscadail taispe\u00e1ntais ar sc\u00e1la beag a l\u00e9iri\u00fa chun aird a tharraingt ar r\u00e9itigh fuinnimh nu\u00e1lacha don phobal m\u00e1guaird.<\/p>\n\n<h2 class=\"wp-block-heading\" id=\"support-for-communities-and-citizens-through-eu-national-policy-commitments\">Taca\u00edocht do phobail agus do dhaoine tr\u00ed na gealltanais an AE &amp; n\u00e1isi\u00fanta<\/h2>\n\n<p><strong>Leis an <\/strong><a href=\"https:\/\/ec.europa.eu\/energy\/topics\/renewable-energy\/renewable-energy-directive\/overview_en#the-recast-directive-2018-2001-eu\"><strong>Treoir athbhreithnithe maidir le Fuinneamh<\/strong><\/a> In-athnuaite<strong> (REDII), mar chuid de <\/strong><a href=\"https:\/\/ec.europa.eu\/energy\/topics\/energy-strategy\/clean-energy-all-europeans_en\"><strong>Phac\u00e1iste Fuinnimh Ghlain an AE<\/strong><\/a><strong>,<\/strong> tugtar an ceart anois do dhaoine agus do phobail fuinneamh inathnuaite a th\u00e1irgeadh, a st\u00f3r\u00e1il, a thomhailt (f\u00e9in-\u00edditheach san \u00e1ireamh) agus a dh\u00edol. T\u00e1 s\u00e9 de cheart anois ag pobail fuinnimh fuinneamh a chomhroinnt. Chun go mbeidh an m\u00e9id sin \u00e9ifeachtach, n\u00ed m\u00f3r do Bhallst\u00e1it an AE a chinnti\u00fa go gcomhoibreoidh oibreoir\u00ed na n-eangach le pobail fuinnimh.<\/p>\n\n<p>Deir an REDII nua gur f\u00e9idir leictreachais in-athnuaite, at\u00e1 \u00e1 ghini\u00faint sa bhaile, a dh\u00edol agus a roinnt, ach t\u00e1 t\u00e1ill\u00ed i gceist leis seo ach n\u00edor cheart go mbeadh na t\u00e1ill\u00ed seo ach ar aon dul leis an gcostas leictreachas a chur isteach sa ghreille. T\u00e1 s\u00e9 \u00e1itithe ag lucht taca\u00edochta na bpobal fuinnimh n\u00e1r cheart go mbeadh costas agus t\u00e1ill\u00ed ar leictreachas at\u00e1 f\u00e9inghinte agus a \u00fas\u00e1idtear sa bhaile. Aonta\u00edonn an REDII leis an bprionsabal sin.  <\/p>\n\n<p>Faoi rialacha nua an Aontais, \u00e9il\u00edtear ar rialtais \u00f3 2021 ar aghaidh go bhfaighidh f\u00e9intomhalt\u00f3ir\u00ed \u00edoca\u00edocht f\u00e9ar\u00e1ilte nuair a dhoirteann siad leictreachas isteach sa ghreille. Caithfidh an \u00edoca\u00edocht sin a bheith cothrom, ar a laghad, le praghas an leictreachais ar an margadh.<\/p>\n\n<p>N\u00ed m\u00f3r do gach Ballst\u00e1t de chuid an AE na rialacha nua sin de chuid an AE a ghlacadh. N\u00ed m\u00f3r do gach st\u00e1t creata\u00ed cumas\u00fach\u00e1in a fhorbairt, lena n-\u00e1ir\u00edtear taca\u00edocht d\u2019fh\u00e9intomhaltas agus \u00edoca\u00edochta\u00ed chun fuinneamh inathnuaite a dhoirteadh isteach sa ghreille.\u00a0 N\u00ed m\u00f3r d\u00f3ibh Pleananna N\u00e1isi\u00fanta Fuinnimh agus Aer\u00e1ide (<a href=\"https:\/\/www.gov.ie\/en\/publication\/0015c-irelands-national-energy-climate-plan-2021-2030\/#:~:text=The%202019%20NECP%20was%20prepared,emissions%20(from%202005%20levels).\">Plean N\u00e1isi\u00fanta Fuinnimh agus Aer\u00e1ide 2021-2030<\/a>) a fhorbairt agus a chur faoi bhr\u00e1id an Choimisi\u00fain Eorpaigh faoi dheireadh 2019, agus na rialacha\/pleananna seo a ghlacadh i mbeartas agus dl\u00ed n\u00e1isi\u00fanta faoi 2021<\/p>\n\n<p>Bh\u00ed <a href=\"https:\/\/www.gov.ie\/en\/publication\/ccb2e0-the-climate-action-plan-2019\/\"><strong>Plean Gn\u00edomha\u00edochta Rialtais na h\u00c9ireann ar son na hAer\u00e1ide 2019<\/strong><\/a> tiomanta do sc\u00e9im chomhth\u00e1ite taca\u00edochta a chur ar bun do mhicrea-ghini\u00faint a mbeidh praghas ar chumhacht a dh\u00edol leis an ngreille agus an deis a oscailt do rannph\u00e1irt\u00edocht an phobail i ngini\u00faint in-athnuaite chomh maith le socruithe chun leas an phobail.<\/p>\n\n<p>Taca\u00edonn an Rialtas go l\u00e1idir le cur ar chumas daoine breis leictreachais a dh\u00edol at\u00e1 t\u00e1irgthe acu ar ais chuig an ngreille. Chun \u00e9 sin a chumas\u00fa, t\u00e1 na cusp\u00f3ir\u00ed seo a leanas leagtha amach ag an Rialtas.<\/p>\n\n<ul class=\"wp-block-list\"><li><em>T\u00e1 sc\u00e9im ph\u00edol\u00f3tach deontais do mhicrea-ghini\u00faint bunaithe againn do phain\u00e9il f\u00f3tavoltach ghr\u00e9ine, ag d\u00edri\u00fa ar fh\u00e9intomhaltas, a chuireann deontas de thart ar 30 % de chostais insealbhaithe do thithe aonair ar f\u00e1il. Ag t\u00f3g\u00e1il ar an sc\u00e9im ph\u00edol\u00f3tach, cuirfimid <\/em><a href=\"https:\/\/www.gov.ie\/en\/consultation\/0ada2-public-consultation-on-a-micro-generation-support-scheme-mss-in-ireland\/\"><em>sc\u00e9im taca\u00edochta lean\u00fanach ar bun don mhicre-aghini\u00faint faoi 2021 ar a<\/em><\/a><em> dh\u00e9ana\u00ed (t\u00e1 an sc\u00e9im seo \u00e1 cur i gcr\u00edch faoi l\u00e1thair tar \u00e9is comhairli\u00fach\u00e1in phoibl\u00ed), ar a n-\u00e1ir\u00edtear: Cothromas agus inrochtaineacht do ch\u00e1ch, anail\u00eds lean\u00fanach ar chostas na teicneola\u00edochta agus ar luach saothair, aghaidh a thabhairt ar bhacanna teicni\u00fala agus srianta plean\u00e1la, beartas soil\u00e9ir maidir le nasc n\u00f3 ceangal leis an ngreille, agus tac\u00fa le rannph\u00e1irt\u00edocht an phobail i micreaghini\u00faint. Tabharfar taca\u00edocht bhreise d\u00f3 sin le bearta i rialach\u00e1in t\u00f3g\u00e1la.<\/em><\/li><li>Cuirfear m\u00e9adair leictreachais meicni\u00fala in ionad i ngach teach faoi 2024 faoin gCl\u00e1r M\u00e9adr\u00fach\u00e1in Cliste. \u00c9asc\u00f3far leis sin bainist\u00edocht \u00e9ilimh n\u00edos fearr agus coigilteas costais do thomhalt\u00f3ir\u00ed, go h\u00e1irithe nuair at\u00e1 siad ail\u00ednithe go dl\u00fath le feidhmi\u00fa c\u00e9imneach uaillmhianach na gcl\u00e1r iarfheistithe agus acmhainne micrea-ghini\u00fana do thithe agus d\u2019fhiontair bheaga<\/li><li>Na rialacha maidir leis an margadh leictreachais a athr\u00fa go luath in 2020 chun gur f\u00e9idir leictreachas micreaghinte a dh\u00edol leis an ngreille.Ba cheart go n-\u00e1ireofa\u00ed leis sin for\u00e1il maidir le taraif dhreasachta do mhicrea-ghini\u00faint a shocr\u00fa ag an bpointe praghais m\u00f3rdh\u00edola ar a laghad<\/li><li>Meicn\u00edochta\u00ed margaidh, taraif\u00ed gr\u00e9as\u00e1in, ceantanna ioma\u00edocha do fhoins\u00ed inathnuaite fuinnimh agus an oibleag\u00e1id maidir le seirbh\u00eds\u00ed poibl\u00ed a dhearadh ar bhealach a dh\u00e1ileann costais go cothrom, lena n-\u00e1ir\u00edtear \u00f3 thaobh ioma\u00edochais de<\/li><li>Lean\u00faint ar aghaidh ag obair leis an pobal chun na athruithe a chur chun cinn.<\/li><\/ul>\n<p>Is <a href=\"https:\/\/www.gov.ie\/en\/publication\/36d8d2-renewable-electricity-support-scheme\/\">pr\u00edomhbheartas de chuid an Rialtais in \u00c9irinn \u00ed an<strong> Sc\u00e9im Taca\u00edochta Leictreachais In-athnuaite (RESS)<\/strong><\/a> a ceapadh chun gealltanais a chomhl\u00edonadh chun greille leictreachais na h\u00c9ireann a dh\u00edcharb\u00f3n\u00fa, acmhainn\u00ed n\u00e1d\u00fartha a \u00fas\u00e1id agus fuinneamh in-athnuaite a thabhairt isteach i gcro\u00edl\u00e1r phobail na h\u00c9ireann.\u00a0 Is \u00e9 an RESS a bheidh mar phr\u00edomhbheartais polasa\u00ed lena spreagfar seachadadh na sprice de 80 % RES-E, lena meallfar infheist\u00edocht shuntasach idirn\u00e1isi\u00fanta san earn\u00e1il in-athnuaite in \u00c9irinn agus lena laghd\u00f3far na costais do thomhalt\u00f3ir\u00ed.\u00a0 T\u00e1 dearadh RESS chun tosaigh sa chleachtas idirn\u00e1isi\u00fanta is fearr maidir le ceantanna ioma\u00edocha a dhearadh, infheist\u00edocht pobal agus deiseanna \u00fain\u00e9ireachta.<\/p>\n\n<p>T\u00e1 RESS bunaithe ar ch\u00f3ras ceant, ina bhfuil ginead\u00f3ir\u00ed in-athnuaite in ioma\u00edocht lena ch\u00e9ile maidir le conartha\u00ed tr\u00ed thairiscint i bpraghas ar an gcumhacht is f\u00e9idir leo a shol\u00e1thar. Cabhr\u00f3idh an c\u00f3ras ceant\u00e1la praghsanna n\u00edos \u00edsle a sheachadadh le haghaidh leictreachais agus praghas r\u00e1thaithe do ghini\u00faint fuinnimh thar thr\u00e9imhse shocraithe ama. Togra\u00ed a n-\u00e9ireoidh leo tr\u00ed cheantanna RESS, bronnfar conradh ar feadh tr\u00e9imhse 15 bliana orthu.<\/p>\n\n<p>Cuireadh roinnt gn\u00e9ithe pobail san \u00e1ireamh i gcreat RESS, chun pobail a chumhacht\u00fa agus a chumas\u00fa chun p\u00e1irt a ghlacadh i ngini\u00faint leictreachais in-athnuaite agus chun tac\u00fa leis an aistri\u00fa fuinnimh. \u00c1ir\u00edtear gn\u00e9ithe an phobail ar mhaithe leis an gcusp\u00f3ir sainr\u00e1ite an pobal a bheith rannph\u00e1irteach i bhforbairt tionscadal chun na tairbh\u00ed a roinnt agus chun tac\u00fa leis an gcusp\u00f3ir n\u00e1isi\u00fanta 70 % de leictreachas in-athnuaite a mheastar a bheith dodh\u00e9anta gan taca\u00edocht \u00f3n tsocha\u00ed n\u00e1 \u00f3n bpobal a bheith ann do na tionscadail sin.<\/p>\n\n<p>T\u00e1 3 phr\u00edomh gn\u00e9 i RESS a bhaineann go sonrach le pobail:<\/p>\n\n<ol class=\"wp-block-list\" type=\"1\"><li><strong>Catag\u00f3ir an phobail ar ceant<\/strong> \u2014 catag\u00f3ir pobail ar leith i gceantanna RESS, imfh\u00e1laithe do thogra\u00ed faoi sti\u00fair an phobail (100 % faoi \u00fain\u00e9ireacht an phobail) idir 0.5-5 MW ar sc\u00e1la<\/li><li><strong>Creat Cumasaithe Pobail<\/strong> \u2014 raon taca\u00edochta\u00ed agus acmhainn\u00ed chun tac\u00fa le pobail a dtogra\u00ed ginte leictreachais in-athnuaite f\u00e9in a fhorbairt agus a sheachadadh<\/li><li><strong>Cist\u00ed Sochair Pobail (CBF)<\/strong> \u2014 \u00e9igeantach do gach togra RESS chun CBF de \u20ac2\/MWh a bhun\u00fa agus a riar do na pobail \u00e1iti\u00fala at\u00e1 i gc\u00f3ngar don dtogra. N\u00ed m\u00f3r na h\u00edoca\u00edochta\u00ed sin a dh\u00e9anamh ar bhonn bliant\u00fail thar shaolr\u00e9 na dtogra\u00ed.<\/li><\/ol>\n<p>Chuir Caoimhe McCarthy, \u00dadar\u00e1s Fuinnimh Inmharthana na h\u00c9ireann, an t-alt seo le ch\u00e9ile (SEAI) as B\u00e9arla agus t\u00e1 s\u00e9 aistrithe go Gaeilge ag \u00dadar\u00e1s na Gaeltachta.<\/p>\n\n<p><\/p>\n\n<p><\/p>\n","protected":false},"excerpt":{"rendered":"<p>Leagtar b\u00e9im i bP\u00e1ip\u00e9ar B\u00e1n ar Fhuinneamh na h\u00c9ireann (Nollaig 2015) agus sa Phlean N\u00e1isi\u00fanta Maolaithe (Meitheamh 2017) ar r\u00f3l \u00a0an phobail maidir le spriocanna fuinnimh a bhaint amach chun leibh\u00e9al an charb\u00f3in a \u00edsli\u00fa sna todhcha\u00ed. T\u00e1 Cl\u00e1r na bPobal N\u00e1isi\u00fanta d\u2019Fhuinneamh Inbhuanaithe (SEC), at\u00e1 \u00e1 re\u00e1cht\u00e1il ag \u00dadar\u00e1s Fuinnimh Inmharthana na h\u00c9ireann (SEAI), &#8230; <a title=\"Taca\u00edochta\u00ed Chun Pobail Fuinnimh \u00c1iti\u00fala a Chruth\u00fa\" class=\"read-more\" href=\"https:\/\/react2020.eu\/ga\/2022\/02\/22\/tacaiochtai-chun-pobail-fuinnimh-aitiula-a-chruthu\/\" aria-label=\"Read more about Taca\u00edochta\u00ed Chun Pobail Fuinnimh \u00c1iti\u00fala a Chruth\u00fa\">Read more<\/a><\/p>\n","protected":false},"author":4,"featured_media":25682,"comment_status":"closed","ping_status":"closed","sticky":false,"template":"","format":"standard","meta":{"inline_featured_image":false,"footnotes":""},"categories":[166],"tags":[244,190,195,713,712,174,250],"class_list":["post-25687","post","type-post","status-publish","format-standard","has-post-thumbnail","hentry","category-uncategorized-ga","tag-climate-change-ga","tag-energy-community-ga","tag-eu-ga","tag-micrea-ghluin","tag-pv-greine","tag-react-ga","tag-renewables-ga"],"yoast_head":"<!-- This site is optimized with the Yoast SEO plugin v27.4 - https:\/\/yoast.com\/product\/yoast-seo-wordpress\/ -->\n<title>Taca\u00edochta\u00ed Chun Pobail Fuinnimh \u00c1iti\u00fala a Chruth\u00fa - REACT 2020<\/title>\n<meta name=\"robots\" content=\"index, follow, max-snippet:-1, max-image-preview:large, max-video-preview:-1\" \/>\n<link rel=\"canonical\" href=\"https:\/\/react2020.eu\/ga\/2022\/02\/22\/tacaiochtai-chun-pobail-fuinnimh-aitiula-a-chruthu\/\" \/>\n<meta property=\"og:locale\" content=\"ga_IE\" \/>\n<meta property=\"og:type\" content=\"article\" \/>\n<meta property=\"og:title\" content=\"Taca\u00edochta\u00ed Chun Pobail Fuinnimh \u00c1iti\u00fala a Chruth\u00fa - REACT 2020\" \/>\n<meta property=\"og:description\" content=\"Leagtar b\u00e9im i bP\u00e1ip\u00e9ar B\u00e1n ar Fhuinneamh na h\u00c9ireann (Nollaig 2015) agus sa Phlean N\u00e1isi\u00fanta Maolaithe (Meitheamh 2017) ar r\u00f3l \u00a0an phobail maidir le spriocanna fuinnimh a bhaint amach chun leibh\u00e9al an charb\u00f3in a \u00edsli\u00fa sna todhcha\u00ed. T\u00e1 Cl\u00e1r na bPobal N\u00e1isi\u00fanta d\u2019Fhuinneamh Inbhuanaithe (SEC), at\u00e1 \u00e1 re\u00e1cht\u00e1il ag \u00dadar\u00e1s Fuinnimh Inmharthana na h\u00c9ireann (SEAI), ... Read more\" \/>\n<meta property=\"og:url\" content=\"https:\/\/react2020.eu\/ga\/2022\/02\/22\/tacaiochtai-chun-pobail-fuinnimh-aitiula-a-chruthu\/\" \/>\n<meta property=\"og:site_name\" content=\"REACT 2020\" \/>\n<meta property=\"article:published_time\" content=\"2022-02-22T09:46:17+00:00\" \/>\n<meta property=\"article:modified_time\" content=\"2022-08-08T07:37:00+00:00\" \/>\n<meta property=\"og:image\" content=\"https:\/\/react2020.eu\/wp-content\/uploads\/sites\/5\/2022\/02\/image.png\" \/>\n\t<meta property=\"og:image:width\" content=\"948\" \/>\n\t<meta property=\"og:image:height\" content=\"858\" \/>\n\t<meta property=\"og:image:type\" content=\"image\/png\" \/>\n<meta name=\"author\" content=\"faustosainz\" \/>\n<meta name=\"twitter:card\" content=\"summary_large_image\" \/>\n<meta name=\"twitter:label1\" content=\"Written by\" \/>\n\t<meta name=\"twitter:data1\" content=\"faustosainz\" \/>\n\t<meta name=\"twitter:label2\" content=\"Est. reading time\" \/>\n\t<meta name=\"twitter:data2\" content=\"12 minutes\" \/>\n<script type=\"application\/ld+json\" class=\"yoast-schema-graph\">{\"@context\":\"https:\\\/\\\/schema.org\",\"@graph\":[{\"@type\":\"Article\",\"@id\":\"https:\\\/\\\/react2020.eu\\\/ga\\\/2022\\\/02\\\/22\\\/tacaiochtai-chun-pobail-fuinnimh-aitiula-a-chruthu\\\/#article\",\"isPartOf\":{\"@id\":\"https:\\\/\\\/react2020.eu\\\/ga\\\/2022\\\/02\\\/22\\\/tacaiochtai-chun-pobail-fuinnimh-aitiula-a-chruthu\\\/\"},\"author\":{\"name\":\"faustosainz\",\"@id\":\"https:\\\/\\\/react2020.eu\\\/#\\\/schema\\\/person\\\/681223bb11ce95d8e3192772e810e453\"},\"headline\":\"Taca\u00edochta\u00ed Chun Pobail Fuinnimh \u00c1iti\u00fala a Chruth\u00fa\",\"datePublished\":\"2022-02-22T09:46:17+00:00\",\"dateModified\":\"2022-08-08T07:37:00+00:00\",\"mainEntityOfPage\":{\"@id\":\"https:\\\/\\\/react2020.eu\\\/ga\\\/2022\\\/02\\\/22\\\/tacaiochtai-chun-pobail-fuinnimh-aitiula-a-chruthu\\\/\"},\"wordCount\":2488,\"publisher\":{\"@id\":\"https:\\\/\\\/react2020.eu\\\/#organization\"},\"image\":{\"@id\":\"https:\\\/\\\/react2020.eu\\\/ga\\\/2022\\\/02\\\/22\\\/tacaiochtai-chun-pobail-fuinnimh-aitiula-a-chruthu\\\/#primaryimage\"},\"thumbnailUrl\":\"https:\\\/\\\/react2020.eu\\\/wp-content\\\/uploads\\\/sites\\\/5\\\/2022\\\/02\\\/image.png\",\"keywords\":[\"climate change\",\"Energy Community\",\"EU\",\"micrea-ghl\u00fain\",\"pv gr\u00e9ine\",\"REACT\",\"renewables\"],\"articleSection\":[\"Uncategorized @ga\"],\"inLanguage\":\"ga-IE\"},{\"@type\":\"WebPage\",\"@id\":\"https:\\\/\\\/react2020.eu\\\/ga\\\/2022\\\/02\\\/22\\\/tacaiochtai-chun-pobail-fuinnimh-aitiula-a-chruthu\\\/\",\"url\":\"https:\\\/\\\/react2020.eu\\\/ga\\\/2022\\\/02\\\/22\\\/tacaiochtai-chun-pobail-fuinnimh-aitiula-a-chruthu\\\/\",\"name\":\"Taca\u00edochta\u00ed Chun Pobail Fuinnimh \u00c1iti\u00fala a Chruth\u00fa - REACT 2020\",\"isPartOf\":{\"@id\":\"https:\\\/\\\/react2020.eu\\\/#website\"},\"primaryImageOfPage\":{\"@id\":\"https:\\\/\\\/react2020.eu\\\/ga\\\/2022\\\/02\\\/22\\\/tacaiochtai-chun-pobail-fuinnimh-aitiula-a-chruthu\\\/#primaryimage\"},\"image\":{\"@id\":\"https:\\\/\\\/react2020.eu\\\/ga\\\/2022\\\/02\\\/22\\\/tacaiochtai-chun-pobail-fuinnimh-aitiula-a-chruthu\\\/#primaryimage\"},\"thumbnailUrl\":\"https:\\\/\\\/react2020.eu\\\/wp-content\\\/uploads\\\/sites\\\/5\\\/2022\\\/02\\\/image.png\",\"datePublished\":\"2022-02-22T09:46:17+00:00\",\"dateModified\":\"2022-08-08T07:37:00+00:00\",\"breadcrumb\":{\"@id\":\"https:\\\/\\\/react2020.eu\\\/ga\\\/2022\\\/02\\\/22\\\/tacaiochtai-chun-pobail-fuinnimh-aitiula-a-chruthu\\\/#breadcrumb\"},\"inLanguage\":\"ga-IE\",\"potentialAction\":[{\"@type\":\"ReadAction\",\"target\":[\"https:\\\/\\\/react2020.eu\\\/ga\\\/2022\\\/02\\\/22\\\/tacaiochtai-chun-pobail-fuinnimh-aitiula-a-chruthu\\\/\"]}]},{\"@type\":\"ImageObject\",\"inLanguage\":\"ga-IE\",\"@id\":\"https:\\\/\\\/react2020.eu\\\/ga\\\/2022\\\/02\\\/22\\\/tacaiochtai-chun-pobail-fuinnimh-aitiula-a-chruthu\\\/#primaryimage\",\"url\":\"https:\\\/\\\/react2020.eu\\\/wp-content\\\/uploads\\\/sites\\\/5\\\/2022\\\/02\\\/image.png\",\"contentUrl\":\"https:\\\/\\\/react2020.eu\\\/wp-content\\\/uploads\\\/sites\\\/5\\\/2022\\\/02\\\/image.png\",\"width\":948,\"height\":858},{\"@type\":\"BreadcrumbList\",\"@id\":\"https:\\\/\\\/react2020.eu\\\/ga\\\/2022\\\/02\\\/22\\\/tacaiochtai-chun-pobail-fuinnimh-aitiula-a-chruthu\\\/#breadcrumb\",\"itemListElement\":[{\"@type\":\"ListItem\",\"position\":1,\"name\":\"Portada\",\"item\":\"https:\\\/\\\/react2020.eu\\\/\"},{\"@type\":\"ListItem\",\"position\":2,\"name\":\"Taca\u00edochta\u00ed Chun Pobail Fuinnimh \u00c1iti\u00fala a Chruth\u00fa\"}]},{\"@type\":\"WebSite\",\"@id\":\"https:\\\/\\\/react2020.eu\\\/#website\",\"url\":\"https:\\\/\\\/react2020.eu\\\/\",\"name\":\"REACT 2020\",\"description\":\"REACT 2020 \u2013 Renewable Energy for Self-Sustainable Island Communties\",\"publisher\":{\"@id\":\"https:\\\/\\\/react2020.eu\\\/#organization\"},\"potentialAction\":[{\"@type\":\"SearchAction\",\"target\":{\"@type\":\"EntryPoint\",\"urlTemplate\":\"https:\\\/\\\/react2020.eu\\\/?s={search_term_string}\"},\"query-input\":{\"@type\":\"PropertyValueSpecification\",\"valueRequired\":true,\"valueName\":\"search_term_string\"}}],\"inLanguage\":\"ga-IE\"},{\"@type\":\"Organization\",\"@id\":\"https:\\\/\\\/react2020.eu\\\/#organization\",\"name\":\"REACT 2020\",\"url\":\"https:\\\/\\\/react2020.eu\\\/\",\"logo\":{\"@type\":\"ImageObject\",\"inLanguage\":\"ga-IE\",\"@id\":\"https:\\\/\\\/react2020.eu\\\/#\\\/schema\\\/logo\\\/image\\\/\",\"url\":\"https:\\\/\\\/react2020.eu\\\/wp-content\\\/uploads\\\/sites\\\/5\\\/2019\\\/07\\\/1.-REACT_Logo-horizontal_Color_RGB_2.png\",\"contentUrl\":\"https:\\\/\\\/react2020.eu\\\/wp-content\\\/uploads\\\/sites\\\/5\\\/2019\\\/07\\\/1.-REACT_Logo-horizontal_Color_RGB_2.png\",\"width\":1643,\"height\":419,\"caption\":\"REACT 2020\"},\"image\":{\"@id\":\"https:\\\/\\\/react2020.eu\\\/#\\\/schema\\\/logo\\\/image\\\/\"}},{\"@type\":\"Person\",\"@id\":\"https:\\\/\\\/react2020.eu\\\/#\\\/schema\\\/person\\\/681223bb11ce95d8e3192772e810e453\",\"name\":\"faustosainz\",\"image\":{\"@type\":\"ImageObject\",\"inLanguage\":\"ga-IE\",\"@id\":\"https:\\\/\\\/secure.gravatar.com\\\/avatar\\\/f228e3d248b75040cfb046462552a8a7f74cabbdb83cd079bcc93fd43607e6c1?s=96&d=mm&r=g\",\"url\":\"https:\\\/\\\/secure.gravatar.com\\\/avatar\\\/f228e3d248b75040cfb046462552a8a7f74cabbdb83cd079bcc93fd43607e6c1?s=96&d=mm&r=g\",\"contentUrl\":\"https:\\\/\\\/secure.gravatar.com\\\/avatar\\\/f228e3d248b75040cfb046462552a8a7f74cabbdb83cd079bcc93fd43607e6c1?s=96&d=mm&r=g\",\"caption\":\"faustosainz\"},\"url\":\"https:\\\/\\\/react2020.eu\\\/ga\\\/author\\\/faustosainz\\\/\"}]}<\/script>\n<!-- \/ Yoast SEO plugin. -->","yoast_head_json":{"title":"Taca\u00edochta\u00ed Chun Pobail Fuinnimh \u00c1iti\u00fala a Chruth\u00fa - REACT 2020","robots":{"index":"index","follow":"follow","max-snippet":"max-snippet:-1","max-image-preview":"max-image-preview:large","max-video-preview":"max-video-preview:-1"},"canonical":"https:\/\/react2020.eu\/ga\/2022\/02\/22\/tacaiochtai-chun-pobail-fuinnimh-aitiula-a-chruthu\/","og_locale":"ga_IE","og_type":"article","og_title":"Taca\u00edochta\u00ed Chun Pobail Fuinnimh \u00c1iti\u00fala a Chruth\u00fa - REACT 2020","og_description":"Leagtar b\u00e9im i bP\u00e1ip\u00e9ar B\u00e1n ar Fhuinneamh na h\u00c9ireann (Nollaig 2015) agus sa Phlean N\u00e1isi\u00fanta Maolaithe (Meitheamh 2017) ar r\u00f3l \u00a0an phobail maidir le spriocanna fuinnimh a bhaint amach chun leibh\u00e9al an charb\u00f3in a \u00edsli\u00fa sna todhcha\u00ed. T\u00e1 Cl\u00e1r na bPobal N\u00e1isi\u00fanta d\u2019Fhuinneamh Inbhuanaithe (SEC), at\u00e1 \u00e1 re\u00e1cht\u00e1il ag \u00dadar\u00e1s Fuinnimh Inmharthana na h\u00c9ireann (SEAI), ... Read more","og_url":"https:\/\/react2020.eu\/ga\/2022\/02\/22\/tacaiochtai-chun-pobail-fuinnimh-aitiula-a-chruthu\/","og_site_name":"REACT 2020","article_published_time":"2022-02-22T09:46:17+00:00","article_modified_time":"2022-08-08T07:37:00+00:00","og_image":[{"width":948,"height":858,"url":"https:\/\/react2020.eu\/wp-content\/uploads\/sites\/5\/2022\/02\/image.png","type":"image\/png"}],"author":"faustosainz","twitter_card":"summary_large_image","twitter_misc":{"Written by":"faustosainz","Est. reading time":"12 minutes"},"schema":{"@context":"https:\/\/schema.org","@graph":[{"@type":"Article","@id":"https:\/\/react2020.eu\/ga\/2022\/02\/22\/tacaiochtai-chun-pobail-fuinnimh-aitiula-a-chruthu\/#article","isPartOf":{"@id":"https:\/\/react2020.eu\/ga\/2022\/02\/22\/tacaiochtai-chun-pobail-fuinnimh-aitiula-a-chruthu\/"},"author":{"name":"faustosainz","@id":"https:\/\/react2020.eu\/#\/schema\/person\/681223bb11ce95d8e3192772e810e453"},"headline":"Taca\u00edochta\u00ed Chun Pobail Fuinnimh \u00c1iti\u00fala a Chruth\u00fa","datePublished":"2022-02-22T09:46:17+00:00","dateModified":"2022-08-08T07:37:00+00:00","mainEntityOfPage":{"@id":"https:\/\/react2020.eu\/ga\/2022\/02\/22\/tacaiochtai-chun-pobail-fuinnimh-aitiula-a-chruthu\/"},"wordCount":2488,"publisher":{"@id":"https:\/\/react2020.eu\/#organization"},"image":{"@id":"https:\/\/react2020.eu\/ga\/2022\/02\/22\/tacaiochtai-chun-pobail-fuinnimh-aitiula-a-chruthu\/#primaryimage"},"thumbnailUrl":"https:\/\/react2020.eu\/wp-content\/uploads\/sites\/5\/2022\/02\/image.png","keywords":["climate change","Energy Community","EU","micrea-ghl\u00fain","pv gr\u00e9ine","REACT","renewables"],"articleSection":["Uncategorized @ga"],"inLanguage":"ga-IE"},{"@type":"WebPage","@id":"https:\/\/react2020.eu\/ga\/2022\/02\/22\/tacaiochtai-chun-pobail-fuinnimh-aitiula-a-chruthu\/","url":"https:\/\/react2020.eu\/ga\/2022\/02\/22\/tacaiochtai-chun-pobail-fuinnimh-aitiula-a-chruthu\/","name":"Taca\u00edochta\u00ed Chun Pobail Fuinnimh \u00c1iti\u00fala a Chruth\u00fa - REACT 2020","isPartOf":{"@id":"https:\/\/react2020.eu\/#website"},"primaryImageOfPage":{"@id":"https:\/\/react2020.eu\/ga\/2022\/02\/22\/tacaiochtai-chun-pobail-fuinnimh-aitiula-a-chruthu\/#primaryimage"},"image":{"@id":"https:\/\/react2020.eu\/ga\/2022\/02\/22\/tacaiochtai-chun-pobail-fuinnimh-aitiula-a-chruthu\/#primaryimage"},"thumbnailUrl":"https:\/\/react2020.eu\/wp-content\/uploads\/sites\/5\/2022\/02\/image.png","datePublished":"2022-02-22T09:46:17+00:00","dateModified":"2022-08-08T07:37:00+00:00","breadcrumb":{"@id":"https:\/\/react2020.eu\/ga\/2022\/02\/22\/tacaiochtai-chun-pobail-fuinnimh-aitiula-a-chruthu\/#breadcrumb"},"inLanguage":"ga-IE","potentialAction":[{"@type":"ReadAction","target":["https:\/\/react2020.eu\/ga\/2022\/02\/22\/tacaiochtai-chun-pobail-fuinnimh-aitiula-a-chruthu\/"]}]},{"@type":"ImageObject","inLanguage":"ga-IE","@id":"https:\/\/react2020.eu\/ga\/2022\/02\/22\/tacaiochtai-chun-pobail-fuinnimh-aitiula-a-chruthu\/#primaryimage","url":"https:\/\/react2020.eu\/wp-content\/uploads\/sites\/5\/2022\/02\/image.png","contentUrl":"https:\/\/react2020.eu\/wp-content\/uploads\/sites\/5\/2022\/02\/image.png","width":948,"height":858},{"@type":"BreadcrumbList","@id":"https:\/\/react2020.eu\/ga\/2022\/02\/22\/tacaiochtai-chun-pobail-fuinnimh-aitiula-a-chruthu\/#breadcrumb","itemListElement":[{"@type":"ListItem","position":1,"name":"Portada","item":"https:\/\/react2020.eu\/"},{"@type":"ListItem","position":2,"name":"Taca\u00edochta\u00ed Chun Pobail Fuinnimh \u00c1iti\u00fala a Chruth\u00fa"}]},{"@type":"WebSite","@id":"https:\/\/react2020.eu\/#website","url":"https:\/\/react2020.eu\/","name":"REACT 2020","description":"REACT 2020 \u2013 Renewable Energy for Self-Sustainable Island Communties","publisher":{"@id":"https:\/\/react2020.eu\/#organization"},"potentialAction":[{"@type":"SearchAction","target":{"@type":"EntryPoint","urlTemplate":"https:\/\/react2020.eu\/?s={search_term_string}"},"query-input":{"@type":"PropertyValueSpecification","valueRequired":true,"valueName":"search_term_string"}}],"inLanguage":"ga-IE"},{"@type":"Organization","@id":"https:\/\/react2020.eu\/#organization","name":"REACT 2020","url":"https:\/\/react2020.eu\/","logo":{"@type":"ImageObject","inLanguage":"ga-IE","@id":"https:\/\/react2020.eu\/#\/schema\/logo\/image\/","url":"https:\/\/react2020.eu\/wp-content\/uploads\/sites\/5\/2019\/07\/1.-REACT_Logo-horizontal_Color_RGB_2.png","contentUrl":"https:\/\/react2020.eu\/wp-content\/uploads\/sites\/5\/2019\/07\/1.-REACT_Logo-horizontal_Color_RGB_2.png","width":1643,"height":419,"caption":"REACT 2020"},"image":{"@id":"https:\/\/react2020.eu\/#\/schema\/logo\/image\/"}},{"@type":"Person","@id":"https:\/\/react2020.eu\/#\/schema\/person\/681223bb11ce95d8e3192772e810e453","name":"faustosainz","image":{"@type":"ImageObject","inLanguage":"ga-IE","@id":"https:\/\/secure.gravatar.com\/avatar\/f228e3d248b75040cfb046462552a8a7f74cabbdb83cd079bcc93fd43607e6c1?s=96&d=mm&r=g","url":"https:\/\/secure.gravatar.com\/avatar\/f228e3d248b75040cfb046462552a8a7f74cabbdb83cd079bcc93fd43607e6c1?s=96&d=mm&r=g","contentUrl":"https:\/\/secure.gravatar.com\/avatar\/f228e3d248b75040cfb046462552a8a7f74cabbdb83cd079bcc93fd43607e6c1?s=96&d=mm&r=g","caption":"faustosainz"},"url":"https:\/\/react2020.eu\/ga\/author\/faustosainz\/"}]}},"_links":{"self":[{"href":"https:\/\/react2020.eu\/ga\/wp-json\/wp\/v2\/posts\/25687","targetHints":{"allow":["GET"]}}],"collection":[{"href":"https:\/\/react2020.eu\/ga\/wp-json\/wp\/v2\/posts"}],"about":[{"href":"https:\/\/react2020.eu\/ga\/wp-json\/wp\/v2\/types\/post"}],"author":[{"embeddable":true,"href":"https:\/\/react2020.eu\/ga\/wp-json\/wp\/v2\/users\/4"}],"replies":[{"embeddable":true,"href":"https:\/\/react2020.eu\/ga\/wp-json\/wp\/v2\/comments?post=25687"}],"version-history":[{"count":0,"href":"https:\/\/react2020.eu\/ga\/wp-json\/wp\/v2\/posts\/25687\/revisions"}],"wp:featuredmedia":[{"embeddable":true,"href":"https:\/\/react2020.eu\/ga\/wp-json\/wp\/v2\/media\/25682"}],"wp:attachment":[{"href":"https:\/\/react2020.eu\/ga\/wp-json\/wp\/v2\/media?parent=25687"}],"wp:term":[{"taxonomy":"category","embeddable":true,"href":"https:\/\/react2020.eu\/ga\/wp-json\/wp\/v2\/categories?post=25687"},{"taxonomy":"post_tag","embeddable":true,"href":"https:\/\/react2020.eu\/ga\/wp-json\/wp\/v2\/tags?post=25687"}],"curies":[{"name":"wp","href":"https:\/\/api.w.org\/{rel}","templated":true}]}}