{"id":25213,"date":"2021-05-25T09:56:22","date_gmt":"2021-05-25T09:56:22","guid":{"rendered":"https:\/\/react2020.eu\/2021\/05\/25\/rol-na-dteaschaideal-agus-na-storala-fuinnimh-in-react\/"},"modified":"2021-05-25T10:00:35","modified_gmt":"2021-05-25T10:00:35","slug":"rol-na-dteaschaideal-agus-na-storala-fuinnimh-in-react","status":"publish","type":"post","link":"https:\/\/react2020.eu\/ga\/2021\/05\/25\/rol-na-dteaschaideal-agus-na-storala-fuinnimh-in-react\/","title":{"rendered":"R\u00f3l na dteaschaid\u00e9al agus na st\u00f3r\u00e1la fuinnimh in REACT"},"content":{"rendered":"\n<h2 class=\"wp-block-heading\">R\u00e9amhr\u00e1 <\/h2>\n\n\n\n<p>Beidh tionchar ag an aistri\u00fa chuig geilleagar leictreach fuinneamh-tiom\u00e1inte in-athnuaite ar gach cuid d\u00e1r socha\u00ed. Beidh r\u00f3l t\u00e1bhachtach ag teicneola\u00edocht nua agus ag r\u00e9itigh nu\u00e1lacha chun an t-aistri\u00fa sin a chumas\u00fa. Maidir leis an eangach leictreach, beidh g\u00e1 le hoiri\u00fan\u00fa ar an gc\u00f3ras sol\u00e1thair agus d\u00e1ileach\u00e1in at\u00e1 ann cheana le micreaghini\u00faint agus le leictri\u00fa teasa agus iompair, \u00f3 ch\u00f3ras l\u00e1raithe go heangach cliste n\u00edos d\u00edl\u00e1raithe, lena ngabhann sreafa\u00ed d\u00e9threocha fuinnimh agus faisn\u00e9ise. D\u00fashl\u00e1n m\u00f3r at\u00e1 ann n\u00e1 conas d\u00e9ile\u00e1il le hidir-thuairgeacht na bhfoins\u00ed in-athnuaite fuinnimh, amhail cumhacht na gaoithe agus na gr\u00e9ine, tr\u00ed aistri\u00fa cliste ar \u00e1r bpatr\u00fain \u00e9ilimh ar fhuinneamh chun an sol\u00e1thar fuinnimh a mheaitse\u00e1il, le c\u00fanamh \u00f3 st\u00f3r\u00e1il fuinnimh theirmigh agus leictrigh. <\/p>\n\n\n\n<h2 class=\"wp-block-heading\">Teaschaid\u00e9il <\/h2>\n\n\n\n<p>I ngeilleagar leictreach a bheidh bunaithe ar fhuinneamh in-athnuaite amach anseo, is iad na teaschaid\u00e9il na modhanna is \u00e9ifeacht\u00fala chun leictreachas arna ghini\u00faint go hinathnuaite a \u00fas\u00e1id chun t\u00e9amh agus fuar\u00fa a sheachadadh i bhfoirgnimh. Chun tuiscint a fh\u00e1il ar conas a oibr\u00edonn caid\u00e9il teasa, t\u00e1 s\u00e9 ina chuidi\u00fa a thuiscint an gaol idir teas agus teocht. B\u00edonn an sreabhadh teasa sa timpeallacht n\u00e1d\u00fartha \u00e1 thiom\u00e1int ag difr\u00edochta\u00ed teochta. St\u00f3r\u00e1iltear fl\u00fairse teasa i dtaiscumair fuinnimh \u00edsealteochta n\u00e1d\u00fartha amhail an t-aer, na coirp tal\u00fan agus uisce ar n\u00f3s aibhneacha, lochanna agus linnte. Is f\u00e9idir na foins\u00ed seo a \u00e1ireamh mar fhoins\u00ed in-athnuaite, toisc go bhfuil siad t\u00e9ite go n\u00e1d\u00fartha ag an ngr\u00e9in agus ag fuinneamh geoiteirmeach. <\/p>\n\n\n\n<p>Oibr\u00edonn caid\u00e9il teasa tr\u00ed \u00fas\u00e1id a bhaint as fuinneamh leictreach chun teas a phump\u00e1il \u00f3 na taiscumair teochta \u00edseal agus \u00e9 a sheachadadh mar th\u00e9amh \u00fas\u00e1ideach ag teocht n\u00edos airde \u00e1it a bhfuil s\u00e9 ag teast\u00e1il. I gc\u00e1sanna \u00e1irithe, is f\u00e9idir treo an teaschaid\u00e9il a aisiomp\u00fa chun fuar\u00fa a shol\u00e1thar, agus is minic a \u00fas\u00e1idtear n\u00edos l\u00fa fuinneamh leictreach sa ch\u00e1s seo n\u00e1 mar a \u00fasaidtear ag t\u00e9amh toisc go bhfuil s\u00e9 ag obair sa treo c\u00e9anna leis an sreabhadh n\u00e1d\u00fartha teasa (sa ch\u00e1s seo \u00f3 thimpeallacht teochta n\u00edos airde laistigh go timpeallacht teochta n\u00edos \u00edsle lasmuigh). <\/p>\n\n\n\n<p>I bhfoirgnimh, baineann an chuid is m\u00f3 d\u00e1r n-\u00e9ileamh ar fhuinneamh teirmeach le t\u00e9amh n\u00f3 fuar\u00fa sp\u00e1is, chun muid a choinne\u00e1il compordach, n\u00f3 uisce te a \u00fas\u00e1idtear le haghaidh c\u00f3caireachta, glantach\u00e1in agus n\u00edoch\u00e1in. T\u00e1 measc\u00e1n d\u2019fhoirgnimh faoi \u00fain\u00e9ireacht phobail agus faoi \u00fain\u00e9ireacht phr\u00edobh\u00e1ideach ag togra REACT mar gur oile\u00e1in gheografacha at\u00e1 an togra d\u00edrithe, agus t\u00e1 riachtanais an-\u00e9ags\u00fail maidir le fuinneamh teirmeach ag gach ceann acu. Mar thoradh air sin, \u00e9il\u00edonn sol\u00e1thar fuinneamh teirmeach cine\u00e1lacha \u00e9ags\u00fala de chaid\u00e9il teasa ag brath ar an su\u00edomh agus cine\u00e1l an fhoirgnimh. <\/p>\n\n\n\n<h2 class=\"wp-block-heading\">Su\u00edomhanna taispe\u00e1ntais REACT <\/h2>\n\n\n\n<p>T\u00e1 tr\u00ed oile\u00e1n taispe\u00e1na sa togra REACT: InIs M\u00f3r, at\u00e1 ar cheann de ghr\u00fapa beag oile\u00e1n ar a dtugtar  Oile\u00e1in \u00c1rann, in Iarthar na h\u00c9ireann; Oile\u00e1n San Pietro, at\u00e1 lonnaithe sa Mhe\u00e1nmhuir amach \u00f3 Ch\u00f3sta thiar theas na Saird\u00edne, san Iod\u00e1il; agus Oile\u00e1n La Graciosa, an t-oilean is l\u00fa agus is l\u00fa daonra de chuid Oile\u00e1in Chan\u00e1racha na Sp\u00e1inne. T\u00e1 tr\u00e9ithe \u00e9ags\u00fala aer\u00e1ide ag gach ceann de na tr\u00ed oile\u00e1n sin, mar a l\u00e9ir\u00edtear i bhFigi\u00far 1. <\/p>\n\n\n\n<p>T\u00e1 InIs M\u00f3r tipici\u00fail d\u2019aer\u00e1id thuaidh na hEorpa, sa mh\u00e9id is go bhfuil an t-\u00e9ileamh ar fhuinneamh teirmeach i rith na bliana bunaithe go pr\u00edomha ar th\u00e9amh sa gheimhreadh seachas fuar\u00fa i rith an tsamhraidh. Is gn\u00e1ch go mb\u00edonn c\u00f3rais t\u00e9imh uisce-bhunaithe ag foirgnimh ch\u00f3naithe, a sheachadann teas ar an sp\u00e1s laistigh tr\u00ed ch\u00f3ras amhail radaitheoir\u00ed n\u00f3 t\u00e9amh \u00farl\u00e1ir. T\u00e1 c\u00f3rais t\u00e9imh uisce-bhunaithe an-\u00e9ifeachtach toisc go bhfuil dl\u00fas ard fuinnimh ag an uisce i gcompar\u00e1id leis an aer agus is f\u00e9idir \u00e9 a \u00fas\u00e1id chun m\u00e9ideanna beaga teasa a sheachadadh n\u00f3 chun \u00e9 a st\u00f3r\u00e1il le haghaidh \u00fas\u00e1ide n\u00edos d\u00e9ana\u00ed. <\/p>\n\n\n\n<p>T\u00e1 teaschaid\u00e9il aerfhoins\u00ed agus teasfhoinse na tal\u00fan oiri\u00fanach do chomhth\u00e1th\u00fa le c\u00f3rais t\u00e9imh uisce-bhunaithe i bhfoirgnimh ch\u00f3naithe n\u00f3 tr\u00e1cht\u00e1la. Is f\u00e9idir teaschaid\u00e9il aer-go-uisce (ATW) go h\u00e1irithe a shuite\u00e1il go h\u00e9asca mar athshol\u00e1thar do choireanna breosla iontaise n\u00edos sine. I gc\u00e1s Oile\u00e1in \u00c1rann, t\u00e1 teaschaid\u00e9il ATW suite\u00e1ilte in go leor tithe le blianta beaga anuas mar chuid den tionscnamh Fuinneamh Glan d\u2019Oile\u00e1in an AE chun costais fuinnimh a laghd\u00fa agus sple\u00e1chas na n-oile\u00e1n amach \u00f3n gc\u00f3sta ar allmhair\u00ed breosla a laghd\u00fa <a href=\"#_ftn1\">[1]<\/a>. Cos\u00fail le coir\u00ed, is f\u00e9idir le caid\u00e9il teasa ATW uisce te a shol\u00e1thar freisin d\u2019\u00fas\u00e1id t\u00ed. Is minic a shuite\u00e1iltear caid\u00e9il teasa ATW le sorc\u00f3ir uisce te is f\u00e9idir a th\u00e9amh nuair a bh\u00edonn costas leictreachais \u00edseal, roimh thr\u00e9imhs\u00ed buaic\u00e9ilimh. <\/p>\n\n\n\n<p>T\u00e1 Oile\u00e1n San Pietro tipici\u00fail d\u2019aer\u00e1id na Me\u00e1nmhara, le hard\u00e9ileamh fuaraithe i rith an tsamhraidh. Is minic a bh\u00edonn tithe c\u00f3naithe feistithe le comhla\u00ed fuinneoige chun an sp\u00e1s laistigh a choinne\u00e1il fuar nuair is l\u00e1idre teas na gr\u00e9ine, agus t\u00e1 c\u00f3rais aerch\u00f3irithe leictreacha ag go leor foirgneamh freisin. I gc\u00e1s foirgnimh bheaga agus mhe\u00e1nmh\u00e9ide, is gn\u00e1ch go mb\u00edonn na c\u00f3rais seo bunaithe ar theaschaid\u00e9il aer go haer (ATA), a fhuara\u00edonn an t-aer go d\u00edreach gan g\u00e1 le huisce a scaipeadh. Baintear teas as an aer sa sp\u00e1s maireacht\u00e1la agus s\u00e9idtear amach as an bhfoirgneamh \u00e9. T\u00e1 an chuid is m\u00f3 de na c\u00f3rais caid\u00e9il teasa ATA inch\u00falaithe agus is f\u00e9idir iad a shocr\u00fa chun t\u00e9amh a chur ar f\u00e1il sa gheimhreadh ag athr\u00fa treo an tsreabhaidh teasa. <\/p>\n\n\n\n<p>Murab ionann agus San Pietro agus Oile\u00e1in \u00c1rann, t\u00e1 Oile\u00e1n La Graciosa suite i gcuid den Aig\u00e9an Atlantach a bh\u00edonn ag teochta\u00ed s\u00e9as\u00faracha \u00e9adrom le beag\u00e1n \u00e9ags\u00falachta i gcaitheamh na bliana; mar thoradh air sin, n\u00edl ach riachtanas beag le haghaidh fuaraithe sa samhradh n\u00f3 sp\u00e1s-t\u00e9amh sa gheimhreadh. I gc\u00e1s an oile\u00e1in seo, t\u00e1 formh\u00f3r an \u00e9ilimh ar fhuinneamh teirmeach i bhfoirgnimh le haghaidh t\u00e9amh uisce te i dtithe. <\/p>\n\n\n\n<div class=\"wp-block-image\"><figure class=\"aligncenter size-large\"><img fetchpriority=\"high\" decoding=\"async\" width=\"753\" height=\"266\" src=\"https:\/\/react2020.eu\/wp-content\/uploads\/sites\/5\/2021\/05\/fig1-en.png\" alt=\"\" class=\"wp-image-25202\" srcset=\"https:\/\/react2020.eu\/wp-content\/uploads\/sites\/5\/2021\/05\/fig1-en.png 753w, https:\/\/react2020.eu\/wp-content\/uploads\/sites\/5\/2021\/05\/fig1-en-300x106.png 300w\" sizes=\"(max-width: 753px) 100vw, 753px\" \/><figcaption>Figi\u00far 1:\u00c9ags\u00falachta\u00ed teochta faoin aer bliant\u00fail do na tr\u00ed oile\u00e1n taispe\u00e1na i REACT, bunaithe ar shonra\u00ed \u00f3 Thagairt\u00ed <a href=\"#_ftn2\">[2-4]<\/a>. L\u00e9ir\u00edonn banda\u00ed a bhfuil cruth dorcha orthu a bh\u00edonn i ngn\u00e1thraonta \u00edosta laeth\u00fala, agus l\u00e9ir\u00edonn banda\u00ed a sc\u00e1tha\u00edtear n\u00edos \u00e9adroime raonta uasta seachtaini\u00fala \u00edosta. <\/figcaption><\/figure><\/div>\n\n\n\n<p><\/p>\n\n\n\n<h2 class=\"wp-block-heading\">St\u00f3r\u00e1il fuinnimh agus freagairt don \u00e9ileamh <\/h2>\n\n\n\n<p>Ceada\u00edonn c\u00f3rais teaschaid\u00e9il maille le teicneola\u00edochta\u00ed st\u00f3r\u00e1la fuinnimh an t-am go n-\u00fas\u00e1idtear fuinneamh t\u00e9imh n\u00f3 fuaraithe a fhrith\u00e1ireamh \u00f3n am a ghintear cumhacht leictreach. Is coincheap l\u00e1rnach \u00e9 seo maidir le bainisti\u00fa t\u00e9armaithe \u00f3 thaobh an \u00e9ilimh de n\u00f3 freagairt don \u00e9ileamh, lenar f\u00e9idir an c\u00e9atad\u00e1n den \u00e9ileamh ar fhuinneamh is f\u00e9idir a mh\u00e9ad\u00fa le foins\u00ed in-athnuaite eadrannacha fuinnimh a uasmh\u00e9ad\u00fa. <\/p>\n\n\n\n<p>I bhFigi\u00far 2, l\u00e9ir\u00edtear tr\u00ed chonair sreabhadh lenar f\u00e9idir teaschaid\u00e9il agus st\u00f3r\u00e1il fuinnimh a \u00fas\u00e1id chun sol\u00e1thar agus \u00e9ileamh na h\u00fas\u00e1ide fuinnimh theirmigh i bhfoirgnimh a dh\u00edch\u00fapl\u00e1il. Is ionann gach conar agus seicheamh difri\u00fail le haghaidh gini\u00faint, tiont\u00fa, st\u00f3r\u00e1il agus tomhaltas fuinnimh. <\/p>\n\n\n\n<p>I gConair Sreabhadh Fuinnimh A, d\u00e9antar cumhacht leictreach a ghintear \u00f3 fhoins\u00ed inathnuaite a st\u00f3r\u00e1il i gcadhnra leictreach ar dt\u00fas sula nd\u00e9antar \u00e9 a thiont\u00fa go fuinneamh teirmeach ag an teaschaid\u00e9al agus a sheachadadh le haghaidh \u00fas\u00e1ide deiridh mar th\u00e9amh n\u00f3 fuar\u00fa sp\u00e1is. I gConair Sreabhaidh Fuinnimh B, tarla\u00edonn an pr\u00f3iseas tiont\u00fa fuinnimh roimh st\u00f3r\u00e1il, leis an gcaid\u00e9al teasa ag tiont\u00fa fuinnimh leictrigh ar dt\u00fas go fuinneamh teirmeach i bhfoirm uisce te, at\u00e1 st\u00f3r\u00e1ilte i sorc\u00f3ir le haghaidh \u00fas\u00e1ide t\u00ed n\u00edos d\u00e9ana\u00ed. I gConair Sreabhadh Fuinnimh C l\u00e9ir\u00edtear ord inar f\u00e9idir an foirgneamh f\u00e9in a \u00fas\u00e1id mar st\u00f3r fuinnimh theirmigh, at\u00e1 r\u00e9amh-th\u00e9ite n\u00f3 r\u00e9amh-fhuaraithe ag an gcaid\u00e9al teasa roimh thr\u00e9imhse \u00e1itithe <a href=\"#_ftn5\">[5]<\/a>. <\/p>\n\n\n\n<p>T\u00e1 d\u00fashl\u00e1in theicni\u00fala d\u00e1 gcuid f\u00e9in ag gach ceann de na cine\u00e1lacha cur chuige sin maidir le st\u00f3r\u00e1il agus bainisti\u00fa fuinnimh chun an \u00e9ifeachtacht is m\u00f3 is f\u00e9idir a bhaint amach agus compord agus \u00e1isi\u00falacht an \u00fas\u00e1ideora deiridh a chinnti\u00fa ag an am c\u00e9anna. Is d\u00fashl\u00e1in iad sin a spreagann togra REACT. Tabharfaidh na tr\u00ed shu\u00edomh taispe\u00e1ntais at\u00e1 mar chro\u00edl\u00e1r an togra deis uath\u00fail le ch\u00e9ile chun ardstrait\u00e9is\u00ed rialaithe freagartha don \u00e9ileamh ar fhuinneamh a chur chun feidhme i raon leathan cine\u00e1lacha foirgneamh agus su\u00edomhanna geografacha. Le linn thr\u00e9imhse bail\u00edochtaithe an togra, beidh ard\u00e1n n\u00e9albhunaithe REACT ina l\u00e1rphointe chun faisn\u00e9is a bhaili\u00fa chun r\u00e9iteach teicneola\u00edochta faisn\u00e9ise agus cumarsaide REACT a mheas agus a fheabhs\u00fa, mar aon le haiseolas idirghn\u00edomhach \u00f3 rannph\u00e1irtithe an togra. I measc spriocanna an togra t\u00e1 plean macasamhlaithe chun an r\u00e9iteach a mh\u00e9ad\u00fa chun dul i ngleic le d\u00fashl\u00e1n an neamhsple\u00e1chais fuinnimh ar leibh\u00e9al an oile\u00e1in ar fad. <\/p>\n\n\n\n<div class=\"wp-block-image\"><figure class=\"aligncenter size-large\"><img decoding=\"async\" width=\"764\" height=\"490\" src=\"https:\/\/react2020.eu\/wp-content\/uploads\/sites\/5\/2021\/05\/fig2-ga.png\" alt=\"\" class=\"wp-image-25225\" srcset=\"https:\/\/react2020.eu\/wp-content\/uploads\/sites\/5\/2021\/05\/fig2-ga.png 764w, https:\/\/react2020.eu\/wp-content\/uploads\/sites\/5\/2021\/05\/fig2-ga-300x192.png 300w\" sizes=\"(max-width: 764px) 100vw, 764px\" \/><figcaption>Figi\u00far 2: Beala\u00ed sreabhadh fuinnimh \u00f3 ghini\u00faint go cr\u00edoch-\u00fas\u00e1id ag baint \u00fas\u00e1ide as caid\u00e9il teasa ag a bhfuil st\u00f3r\u00e1il fuinnimh theirmeach n\u00f3 leictrigh. <\/figcaption><\/figure><\/div>\n\n\n\n<h2 class=\"wp-block-heading\">Cumars\u00e1id agus idir-inoibritheacht <\/h2>\n\n\n\n<p>Gn\u00e9 l\u00e1rnach de r\u00e9iteach REACT is ea an coincheap maidir le tithe nasctha, agus d\u00e9anfaimid tuilleadh fiosraithe i gcumars\u00e1id\u00ed eile ina dhiaidh sin. <\/p>\n\n\n\n<h2 class=\"wp-block-heading\">Admh\u00e1il<\/h2>\n\n\n\n<p>Fuair an togra seo maoini\u00fa \u00f3 chl\u00e1r taighde agus nu\u00e1la\u00edochta F\u00eds 2020 an Aontais Eorpaigh faoi Chomhaont\u00fa Deontais Uimh. 824395. <\/p>\n\n\n\n<h2 class=\"wp-block-heading\">\u00dadair<\/h2>\n\n\n\n<p>James Freeman, Research Engineer, Mitsubishi Electric R&amp;D Centre Europe B.V.&nbsp;<\/p>\n\n\n\n<p>Daniel Coakley, Senior Research Engineer, Mitsubishi Electric R&amp;D Centre Europe B.V.&nbsp;<\/p>\n\n\n\n<h2 class=\"wp-block-heading\">Tagairt\u00ed<\/h2>\n\n\n\n<ol class=\"wp-block-list\" id=\"_ftn1\"><li>European Commission (2017). Clean energy for EU islands.&nbsp;<a href=\"https:\/\/ec.europa.eu\/energy\/topics\/renewable-energy\/initiatives-and-events\/clean-energy-eu-islands_en\" target=\"_blank\" rel=\"noreferrer noopener\">https:\/\/ec.europa.eu\/energy\/topics\/renewable-energy\/initiatives-and-events\/clean-energy-eu-islands_en<\/a>.&nbsp;&nbsp;<\/li><\/ol>\n\n\n\n<ol class=\"wp-block-list\" start=\"2\" id=\"_ftn2\"><li>National Aeronautics and Space Administration (2019). Modern-Era Retrospective Analysis for Research and Applications,&nbsp;Version 2.&nbsp;Meteorological data,&nbsp;Inis&nbsp;M\u00f3r.&nbsp;Retrieved from&nbsp;<a href=\"http:\/\/gmao.gsfc.nasa.gov\/reanalysis\/MERRA-2\" target=\"_blank\" rel=\"noreferrer noopener\">http:\/\/gmao.gsfc.nasa.gov\/reanalysis\/MERRA-2<\/a>.&nbsp;&nbsp;<\/li><\/ol>\n\n\n\n<ol class=\"wp-block-list\" start=\"3\" id=\"_ftn3\"><li>Meteoblue. (2019).&nbsp; Modelled climate data for Isla Graciosa. Retrieved from&nbsp;<a href=\"https:\/\/www.meteoblue.com\/en\/weather\/historyclimate\/climatemodelled\/islagraciosa_espa%C3%B1a_2517127\" target=\"_blank\" rel=\"noreferrer noopener\">https:\/\/www.meteoblue.com\/en\/weather\/historyclimate\/climatemodelled\/islagraciosa_espa%C3%B1a_2517127<\/a>&nbsp;<\/li><\/ol>\n\n\n\n<ol class=\"wp-block-list\" start=\"4\" id=\"_ftn4\"><li>World Weather Online. (2019). Carloforte Historical Weather. Retrieved from&nbsp;<a href=\"https:\/\/www.worldweatheronline.com\/carloforte-weather-history\/sardegna\/it.aspx\" target=\"_blank\" rel=\"noreferrer noopener\">https:\/\/www.worldweatheronline.com\/carloforte-weather-history\/sardegna\/it.aspx<\/a>&nbsp;&nbsp;<\/li><\/ol>\n\n\n\n<ol class=\"wp-block-list\" start=\"5\" id=\"_ftn5\"><li>T.&nbsp;Sweetnam, M. Fell, E.&nbsp;Oikonomou, and T.&nbsp;Oreszczyn&nbsp;(2019). Domestic demand-side response with heat pumps:&nbsp;controls and tariffs. Building Research &amp; Information 47(4), 344-361.&nbsp;<a href=\"https:\/\/www.tandfonline.com\/doi\/full\/10.1080\/09613218.2018.1442775\" target=\"_blank\" rel=\"noreferrer noopener\">https:\/\/www.tandfonline.com\/doi\/full\/10.1080\/09613218.2018.1442775<\/a>&nbsp;&nbsp;<\/li><\/ol>\n","protected":false},"excerpt":{"rendered":"<p>R\u00e9amhr\u00e1 Beidh tionchar ag an aistri\u00fa chuig geilleagar leictreach fuinneamh-tiom\u00e1inte in-athnuaite ar gach cuid d\u00e1r socha\u00ed. Beidh r\u00f3l t\u00e1bhachtach ag teicneola\u00edocht nua agus ag r\u00e9itigh nu\u00e1lacha chun an t-aistri\u00fa sin a chumas\u00fa. Maidir leis an eangach leictreach, beidh g\u00e1 le hoiri\u00fan\u00fa ar an gc\u00f3ras sol\u00e1thair agus d\u00e1ileach\u00e1in at\u00e1 ann cheana le micreaghini\u00faint agus le leictri\u00fa &#8230; <a title=\"R\u00f3l na dteaschaid\u00e9al agus na st\u00f3r\u00e1la fuinnimh in REACT\" class=\"read-more\" href=\"https:\/\/react2020.eu\/ga\/2021\/05\/25\/rol-na-dteaschaideal-agus-na-storala-fuinnimh-in-react\/\" aria-label=\"Read more about R\u00f3l na dteaschaid\u00e9al agus na st\u00f3r\u00e1la fuinnimh in REACT\">Read more<\/a><\/p>\n","protected":false},"author":1,"featured_media":25203,"comment_status":"closed","ping_status":"closed","sticky":false,"template":"","format":"standard","meta":{"inline_featured_image":false,"footnotes":""},"categories":[472,673],"tags":[],"class_list":["post-25213","post","type-post","status-publish","format-standard","has-post-thumbnail","hentry","category-demand-response-ga","category-energy-storage-ga"],"yoast_head":"<!-- This site is optimized with the Yoast SEO plugin v27.4 - https:\/\/yoast.com\/product\/yoast-seo-wordpress\/ -->\n<title>R\u00f3l na dteaschaid\u00e9al agus na st\u00f3r\u00e1la fuinnimh in REACT - REACT 2020<\/title>\n<meta name=\"robots\" content=\"index, follow, max-snippet:-1, max-image-preview:large, max-video-preview:-1\" \/>\n<link rel=\"canonical\" href=\"https:\/\/react2020.eu\/ga\/2021\/05\/25\/rol-na-dteaschaideal-agus-na-storala-fuinnimh-in-react\/\" \/>\n<meta property=\"og:locale\" content=\"ga_IE\" \/>\n<meta property=\"og:type\" content=\"article\" \/>\n<meta property=\"og:title\" content=\"R\u00f3l na dteaschaid\u00e9al agus na st\u00f3r\u00e1la fuinnimh in REACT - REACT 2020\" \/>\n<meta property=\"og:description\" content=\"R\u00e9amhr\u00e1 Beidh tionchar ag an aistri\u00fa chuig geilleagar leictreach fuinneamh-tiom\u00e1inte in-athnuaite ar gach cuid d\u00e1r socha\u00ed. Beidh r\u00f3l t\u00e1bhachtach ag teicneola\u00edocht nua agus ag r\u00e9itigh nu\u00e1lacha chun an t-aistri\u00fa sin a chumas\u00fa. Maidir leis an eangach leictreach, beidh g\u00e1 le hoiri\u00fan\u00fa ar an gc\u00f3ras sol\u00e1thair agus d\u00e1ileach\u00e1in at\u00e1 ann cheana le micreaghini\u00faint agus le leictri\u00fa ... Read more\" \/>\n<meta property=\"og:url\" content=\"https:\/\/react2020.eu\/ga\/2021\/05\/25\/rol-na-dteaschaideal-agus-na-storala-fuinnimh-in-react\/\" \/>\n<meta property=\"og:site_name\" content=\"REACT 2020\" \/>\n<meta property=\"article:published_time\" content=\"2021-05-25T09:56:22+00:00\" \/>\n<meta property=\"article:modified_time\" content=\"2021-05-25T10:00:35+00:00\" \/>\n<meta property=\"og:image\" content=\"https:\/\/react2020.eu\/wp-content\/uploads\/sites\/5\/2021\/05\/fig1-en.png\" \/>\n\t<meta property=\"og:image:width\" content=\"753\" \/>\n\t<meta property=\"og:image:height\" content=\"266\" \/>\n\t<meta property=\"og:image:type\" content=\"image\/png\" \/>\n<meta name=\"author\" content=\"AdminCometPublishing\" \/>\n<meta name=\"twitter:card\" content=\"summary_large_image\" \/>\n<meta name=\"twitter:label1\" content=\"Written by\" \/>\n\t<meta name=\"twitter:data1\" content=\"AdminCometPublishing\" \/>\n\t<meta name=\"twitter:label2\" content=\"Est. reading time\" \/>\n\t<meta name=\"twitter:data2\" content=\"7 minutes\" \/>\n<script type=\"application\/ld+json\" class=\"yoast-schema-graph\">{\"@context\":\"https:\\\/\\\/schema.org\",\"@graph\":[{\"@type\":\"Article\",\"@id\":\"https:\\\/\\\/react2020.eu\\\/ga\\\/2021\\\/05\\\/25\\\/rol-na-dteaschaideal-agus-na-storala-fuinnimh-in-react\\\/#article\",\"isPartOf\":{\"@id\":\"https:\\\/\\\/react2020.eu\\\/ga\\\/2021\\\/05\\\/25\\\/rol-na-dteaschaideal-agus-na-storala-fuinnimh-in-react\\\/\"},\"author\":{\"name\":\"AdminCometPublishing\",\"@id\":\"https:\\\/\\\/react2020.eu\\\/#\\\/schema\\\/person\\\/e7d9c78a25d3d519f2588384a3fbea90\"},\"headline\":\"R\u00f3l na dteaschaid\u00e9al agus na st\u00f3r\u00e1la fuinnimh in REACT\",\"datePublished\":\"2021-05-25T09:56:22+00:00\",\"dateModified\":\"2021-05-25T10:00:35+00:00\",\"mainEntityOfPage\":{\"@id\":\"https:\\\/\\\/react2020.eu\\\/ga\\\/2021\\\/05\\\/25\\\/rol-na-dteaschaideal-agus-na-storala-fuinnimh-in-react\\\/\"},\"wordCount\":1948,\"publisher\":{\"@id\":\"https:\\\/\\\/react2020.eu\\\/#organization\"},\"image\":{\"@id\":\"https:\\\/\\\/react2020.eu\\\/ga\\\/2021\\\/05\\\/25\\\/rol-na-dteaschaideal-agus-na-storala-fuinnimh-in-react\\\/#primaryimage\"},\"thumbnailUrl\":\"https:\\\/\\\/react2020.eu\\\/wp-content\\\/uploads\\\/sites\\\/5\\\/2021\\\/05\\\/fig1-en.png\",\"articleSection\":[\"Demand Response\",\"Energy Storage\"],\"inLanguage\":\"ga-IE\"},{\"@type\":\"WebPage\",\"@id\":\"https:\\\/\\\/react2020.eu\\\/ga\\\/2021\\\/05\\\/25\\\/rol-na-dteaschaideal-agus-na-storala-fuinnimh-in-react\\\/\",\"url\":\"https:\\\/\\\/react2020.eu\\\/ga\\\/2021\\\/05\\\/25\\\/rol-na-dteaschaideal-agus-na-storala-fuinnimh-in-react\\\/\",\"name\":\"R\u00f3l na dteaschaid\u00e9al agus na st\u00f3r\u00e1la fuinnimh in REACT - REACT 2020\",\"isPartOf\":{\"@id\":\"https:\\\/\\\/react2020.eu\\\/#website\"},\"primaryImageOfPage\":{\"@id\":\"https:\\\/\\\/react2020.eu\\\/ga\\\/2021\\\/05\\\/25\\\/rol-na-dteaschaideal-agus-na-storala-fuinnimh-in-react\\\/#primaryimage\"},\"image\":{\"@id\":\"https:\\\/\\\/react2020.eu\\\/ga\\\/2021\\\/05\\\/25\\\/rol-na-dteaschaideal-agus-na-storala-fuinnimh-in-react\\\/#primaryimage\"},\"thumbnailUrl\":\"https:\\\/\\\/react2020.eu\\\/wp-content\\\/uploads\\\/sites\\\/5\\\/2021\\\/05\\\/fig1-en.png\",\"datePublished\":\"2021-05-25T09:56:22+00:00\",\"dateModified\":\"2021-05-25T10:00:35+00:00\",\"breadcrumb\":{\"@id\":\"https:\\\/\\\/react2020.eu\\\/ga\\\/2021\\\/05\\\/25\\\/rol-na-dteaschaideal-agus-na-storala-fuinnimh-in-react\\\/#breadcrumb\"},\"inLanguage\":\"ga-IE\",\"potentialAction\":[{\"@type\":\"ReadAction\",\"target\":[\"https:\\\/\\\/react2020.eu\\\/ga\\\/2021\\\/05\\\/25\\\/rol-na-dteaschaideal-agus-na-storala-fuinnimh-in-react\\\/\"]}]},{\"@type\":\"ImageObject\",\"inLanguage\":\"ga-IE\",\"@id\":\"https:\\\/\\\/react2020.eu\\\/ga\\\/2021\\\/05\\\/25\\\/rol-na-dteaschaideal-agus-na-storala-fuinnimh-in-react\\\/#primaryimage\",\"url\":\"https:\\\/\\\/react2020.eu\\\/wp-content\\\/uploads\\\/sites\\\/5\\\/2021\\\/05\\\/fig1-en.png\",\"contentUrl\":\"https:\\\/\\\/react2020.eu\\\/wp-content\\\/uploads\\\/sites\\\/5\\\/2021\\\/05\\\/fig1-en.png\",\"width\":753,\"height\":266},{\"@type\":\"BreadcrumbList\",\"@id\":\"https:\\\/\\\/react2020.eu\\\/ga\\\/2021\\\/05\\\/25\\\/rol-na-dteaschaideal-agus-na-storala-fuinnimh-in-react\\\/#breadcrumb\",\"itemListElement\":[{\"@type\":\"ListItem\",\"position\":1,\"name\":\"Portada\",\"item\":\"https:\\\/\\\/react2020.eu\\\/\"},{\"@type\":\"ListItem\",\"position\":2,\"name\":\"R\u00f3l na dteaschaid\u00e9al agus na st\u00f3r\u00e1la fuinnimh in REACT\"}]},{\"@type\":\"WebSite\",\"@id\":\"https:\\\/\\\/react2020.eu\\\/#website\",\"url\":\"https:\\\/\\\/react2020.eu\\\/\",\"name\":\"REACT 2020\",\"description\":\"REACT 2020 \u2013 Renewable Energy for Self-Sustainable Island Communties\",\"publisher\":{\"@id\":\"https:\\\/\\\/react2020.eu\\\/#organization\"},\"potentialAction\":[{\"@type\":\"SearchAction\",\"target\":{\"@type\":\"EntryPoint\",\"urlTemplate\":\"https:\\\/\\\/react2020.eu\\\/?s={search_term_string}\"},\"query-input\":{\"@type\":\"PropertyValueSpecification\",\"valueRequired\":true,\"valueName\":\"search_term_string\"}}],\"inLanguage\":\"ga-IE\"},{\"@type\":\"Organization\",\"@id\":\"https:\\\/\\\/react2020.eu\\\/#organization\",\"name\":\"REACT 2020\",\"url\":\"https:\\\/\\\/react2020.eu\\\/\",\"logo\":{\"@type\":\"ImageObject\",\"inLanguage\":\"ga-IE\",\"@id\":\"https:\\\/\\\/react2020.eu\\\/#\\\/schema\\\/logo\\\/image\\\/\",\"url\":\"https:\\\/\\\/react2020.eu\\\/wp-content\\\/uploads\\\/sites\\\/5\\\/2019\\\/07\\\/1.-REACT_Logo-horizontal_Color_RGB_2.png\",\"contentUrl\":\"https:\\\/\\\/react2020.eu\\\/wp-content\\\/uploads\\\/sites\\\/5\\\/2019\\\/07\\\/1.-REACT_Logo-horizontal_Color_RGB_2.png\",\"width\":1643,\"height\":419,\"caption\":\"REACT 2020\"},\"image\":{\"@id\":\"https:\\\/\\\/react2020.eu\\\/#\\\/schema\\\/logo\\\/image\\\/\"}},{\"@type\":\"Person\",\"@id\":\"https:\\\/\\\/react2020.eu\\\/#\\\/schema\\\/person\\\/e7d9c78a25d3d519f2588384a3fbea90\",\"name\":\"AdminCometPublishing\",\"image\":{\"@type\":\"ImageObject\",\"inLanguage\":\"ga-IE\",\"@id\":\"https:\\\/\\\/secure.gravatar.com\\\/avatar\\\/6ce858727fb26acaa2181992800c32363ecd1b00a21522a41880ad1b33a8ef96?s=96&d=mm&r=g\",\"url\":\"https:\\\/\\\/secure.gravatar.com\\\/avatar\\\/6ce858727fb26acaa2181992800c32363ecd1b00a21522a41880ad1b33a8ef96?s=96&d=mm&r=g\",\"contentUrl\":\"https:\\\/\\\/secure.gravatar.com\\\/avatar\\\/6ce858727fb26acaa2181992800c32363ecd1b00a21522a41880ad1b33a8ef96?s=96&d=mm&r=g\",\"caption\":\"AdminCometPublishing\"},\"sameAs\":[\"https:\\\/\\\/publishing.comet.technology\"],\"url\":\"https:\\\/\\\/react2020.eu\\\/ga\\\/author\\\/admincometpublishing\\\/\"}]}<\/script>\n<!-- \/ Yoast SEO plugin. -->","yoast_head_json":{"title":"R\u00f3l na dteaschaid\u00e9al agus na st\u00f3r\u00e1la fuinnimh in REACT - REACT 2020","robots":{"index":"index","follow":"follow","max-snippet":"max-snippet:-1","max-image-preview":"max-image-preview:large","max-video-preview":"max-video-preview:-1"},"canonical":"https:\/\/react2020.eu\/ga\/2021\/05\/25\/rol-na-dteaschaideal-agus-na-storala-fuinnimh-in-react\/","og_locale":"ga_IE","og_type":"article","og_title":"R\u00f3l na dteaschaid\u00e9al agus na st\u00f3r\u00e1la fuinnimh in REACT - REACT 2020","og_description":"R\u00e9amhr\u00e1 Beidh tionchar ag an aistri\u00fa chuig geilleagar leictreach fuinneamh-tiom\u00e1inte in-athnuaite ar gach cuid d\u00e1r socha\u00ed. Beidh r\u00f3l t\u00e1bhachtach ag teicneola\u00edocht nua agus ag r\u00e9itigh nu\u00e1lacha chun an t-aistri\u00fa sin a chumas\u00fa. Maidir leis an eangach leictreach, beidh g\u00e1 le hoiri\u00fan\u00fa ar an gc\u00f3ras sol\u00e1thair agus d\u00e1ileach\u00e1in at\u00e1 ann cheana le micreaghini\u00faint agus le leictri\u00fa ... Read more","og_url":"https:\/\/react2020.eu\/ga\/2021\/05\/25\/rol-na-dteaschaideal-agus-na-storala-fuinnimh-in-react\/","og_site_name":"REACT 2020","article_published_time":"2021-05-25T09:56:22+00:00","article_modified_time":"2021-05-25T10:00:35+00:00","og_image":[{"width":753,"height":266,"url":"https:\/\/react2020.eu\/wp-content\/uploads\/sites\/5\/2021\/05\/fig1-en.png","type":"image\/png"}],"author":"AdminCometPublishing","twitter_card":"summary_large_image","twitter_misc":{"Written by":"AdminCometPublishing","Est. reading time":"7 minutes"},"schema":{"@context":"https:\/\/schema.org","@graph":[{"@type":"Article","@id":"https:\/\/react2020.eu\/ga\/2021\/05\/25\/rol-na-dteaschaideal-agus-na-storala-fuinnimh-in-react\/#article","isPartOf":{"@id":"https:\/\/react2020.eu\/ga\/2021\/05\/25\/rol-na-dteaschaideal-agus-na-storala-fuinnimh-in-react\/"},"author":{"name":"AdminCometPublishing","@id":"https:\/\/react2020.eu\/#\/schema\/person\/e7d9c78a25d3d519f2588384a3fbea90"},"headline":"R\u00f3l na dteaschaid\u00e9al agus na st\u00f3r\u00e1la fuinnimh in REACT","datePublished":"2021-05-25T09:56:22+00:00","dateModified":"2021-05-25T10:00:35+00:00","mainEntityOfPage":{"@id":"https:\/\/react2020.eu\/ga\/2021\/05\/25\/rol-na-dteaschaideal-agus-na-storala-fuinnimh-in-react\/"},"wordCount":1948,"publisher":{"@id":"https:\/\/react2020.eu\/#organization"},"image":{"@id":"https:\/\/react2020.eu\/ga\/2021\/05\/25\/rol-na-dteaschaideal-agus-na-storala-fuinnimh-in-react\/#primaryimage"},"thumbnailUrl":"https:\/\/react2020.eu\/wp-content\/uploads\/sites\/5\/2021\/05\/fig1-en.png","articleSection":["Demand Response","Energy Storage"],"inLanguage":"ga-IE"},{"@type":"WebPage","@id":"https:\/\/react2020.eu\/ga\/2021\/05\/25\/rol-na-dteaschaideal-agus-na-storala-fuinnimh-in-react\/","url":"https:\/\/react2020.eu\/ga\/2021\/05\/25\/rol-na-dteaschaideal-agus-na-storala-fuinnimh-in-react\/","name":"R\u00f3l na dteaschaid\u00e9al agus na st\u00f3r\u00e1la fuinnimh in REACT - REACT 2020","isPartOf":{"@id":"https:\/\/react2020.eu\/#website"},"primaryImageOfPage":{"@id":"https:\/\/react2020.eu\/ga\/2021\/05\/25\/rol-na-dteaschaideal-agus-na-storala-fuinnimh-in-react\/#primaryimage"},"image":{"@id":"https:\/\/react2020.eu\/ga\/2021\/05\/25\/rol-na-dteaschaideal-agus-na-storala-fuinnimh-in-react\/#primaryimage"},"thumbnailUrl":"https:\/\/react2020.eu\/wp-content\/uploads\/sites\/5\/2021\/05\/fig1-en.png","datePublished":"2021-05-25T09:56:22+00:00","dateModified":"2021-05-25T10:00:35+00:00","breadcrumb":{"@id":"https:\/\/react2020.eu\/ga\/2021\/05\/25\/rol-na-dteaschaideal-agus-na-storala-fuinnimh-in-react\/#breadcrumb"},"inLanguage":"ga-IE","potentialAction":[{"@type":"ReadAction","target":["https:\/\/react2020.eu\/ga\/2021\/05\/25\/rol-na-dteaschaideal-agus-na-storala-fuinnimh-in-react\/"]}]},{"@type":"ImageObject","inLanguage":"ga-IE","@id":"https:\/\/react2020.eu\/ga\/2021\/05\/25\/rol-na-dteaschaideal-agus-na-storala-fuinnimh-in-react\/#primaryimage","url":"https:\/\/react2020.eu\/wp-content\/uploads\/sites\/5\/2021\/05\/fig1-en.png","contentUrl":"https:\/\/react2020.eu\/wp-content\/uploads\/sites\/5\/2021\/05\/fig1-en.png","width":753,"height":266},{"@type":"BreadcrumbList","@id":"https:\/\/react2020.eu\/ga\/2021\/05\/25\/rol-na-dteaschaideal-agus-na-storala-fuinnimh-in-react\/#breadcrumb","itemListElement":[{"@type":"ListItem","position":1,"name":"Portada","item":"https:\/\/react2020.eu\/"},{"@type":"ListItem","position":2,"name":"R\u00f3l na dteaschaid\u00e9al agus na st\u00f3r\u00e1la fuinnimh in REACT"}]},{"@type":"WebSite","@id":"https:\/\/react2020.eu\/#website","url":"https:\/\/react2020.eu\/","name":"REACT 2020","description":"REACT 2020 \u2013 Renewable Energy for Self-Sustainable Island Communties","publisher":{"@id":"https:\/\/react2020.eu\/#organization"},"potentialAction":[{"@type":"SearchAction","target":{"@type":"EntryPoint","urlTemplate":"https:\/\/react2020.eu\/?s={search_term_string}"},"query-input":{"@type":"PropertyValueSpecification","valueRequired":true,"valueName":"search_term_string"}}],"inLanguage":"ga-IE"},{"@type":"Organization","@id":"https:\/\/react2020.eu\/#organization","name":"REACT 2020","url":"https:\/\/react2020.eu\/","logo":{"@type":"ImageObject","inLanguage":"ga-IE","@id":"https:\/\/react2020.eu\/#\/schema\/logo\/image\/","url":"https:\/\/react2020.eu\/wp-content\/uploads\/sites\/5\/2019\/07\/1.-REACT_Logo-horizontal_Color_RGB_2.png","contentUrl":"https:\/\/react2020.eu\/wp-content\/uploads\/sites\/5\/2019\/07\/1.-REACT_Logo-horizontal_Color_RGB_2.png","width":1643,"height":419,"caption":"REACT 2020"},"image":{"@id":"https:\/\/react2020.eu\/#\/schema\/logo\/image\/"}},{"@type":"Person","@id":"https:\/\/react2020.eu\/#\/schema\/person\/e7d9c78a25d3d519f2588384a3fbea90","name":"AdminCometPublishing","image":{"@type":"ImageObject","inLanguage":"ga-IE","@id":"https:\/\/secure.gravatar.com\/avatar\/6ce858727fb26acaa2181992800c32363ecd1b00a21522a41880ad1b33a8ef96?s=96&d=mm&r=g","url":"https:\/\/secure.gravatar.com\/avatar\/6ce858727fb26acaa2181992800c32363ecd1b00a21522a41880ad1b33a8ef96?s=96&d=mm&r=g","contentUrl":"https:\/\/secure.gravatar.com\/avatar\/6ce858727fb26acaa2181992800c32363ecd1b00a21522a41880ad1b33a8ef96?s=96&d=mm&r=g","caption":"AdminCometPublishing"},"sameAs":["https:\/\/publishing.comet.technology"],"url":"https:\/\/react2020.eu\/ga\/author\/admincometpublishing\/"}]}},"_links":{"self":[{"href":"https:\/\/react2020.eu\/ga\/wp-json\/wp\/v2\/posts\/25213","targetHints":{"allow":["GET"]}}],"collection":[{"href":"https:\/\/react2020.eu\/ga\/wp-json\/wp\/v2\/posts"}],"about":[{"href":"https:\/\/react2020.eu\/ga\/wp-json\/wp\/v2\/types\/post"}],"author":[{"embeddable":true,"href":"https:\/\/react2020.eu\/ga\/wp-json\/wp\/v2\/users\/1"}],"replies":[{"embeddable":true,"href":"https:\/\/react2020.eu\/ga\/wp-json\/wp\/v2\/comments?post=25213"}],"version-history":[{"count":0,"href":"https:\/\/react2020.eu\/ga\/wp-json\/wp\/v2\/posts\/25213\/revisions"}],"wp:featuredmedia":[{"embeddable":true,"href":"https:\/\/react2020.eu\/ga\/wp-json\/wp\/v2\/media\/25203"}],"wp:attachment":[{"href":"https:\/\/react2020.eu\/ga\/wp-json\/wp\/v2\/media?parent=25213"}],"wp:term":[{"taxonomy":"category","embeddable":true,"href":"https:\/\/react2020.eu\/ga\/wp-json\/wp\/v2\/categories?post=25213"},{"taxonomy":"post_tag","embeddable":true,"href":"https:\/\/react2020.eu\/ga\/wp-json\/wp\/v2\/tags?post=25213"}],"curies":[{"name":"wp","href":"https:\/\/api.w.org\/{rel}","templated":true}]}}