{"id":25000,"date":"2021-04-14T12:54:52","date_gmt":"2021-04-14T12:54:52","guid":{"rendered":"https:\/\/react2020.eu\/?p=25000"},"modified":"2021-04-14T12:54:53","modified_gmt":"2021-04-14T12:54:53","slug":"meadu-agus-macasamhlu-ar-reiteach-react-doileain-ata-nios-mo","status":"publish","type":"post","link":"https:\/\/react2020.eu\/ga\/2021\/04\/14\/meadu-agus-macasamhlu-ar-reiteach-react-doileain-ata-nios-mo\/","title":{"rendered":"M\u00e9ad\u00fa agus Macasamhl\u00fa ar R\u00e9iteach REACT d\u2019Oile\u00e1in at\u00e1 N\u00edos M\u00f3"},"content":{"rendered":"\n<p>Le sl\u00e1m blianta anois t\u00e1 d\u00edcharb\u00f3n\u00fa ar leictreachas ina ceist th\u00e1bhachtach do thodhcha\u00ed chr\u00edocha na n-oile\u00e1n. Chuige sin caithfidh oile\u00e1in a gc\u00f3rais fuinnimh a athr\u00fa chun teorainn a chur le hathr\u00fa aer\u00e1ide agus d\u00e9ile\u00e1il leis an mbaol \u00f3 thaobh ganntanas breosla\u00ed iontaise. Ar an bhf\u00e1th seo, t\u00e1 go leor tionscadal ar bun ar fud an domhain le nach mbeidh na cr\u00edocha seo ag brath ar bhreosla\u00ed iontaise n\u00edos m\u00f3. L\u00e9ir\u00edonn sampla\u00ed c\u00e1ili\u00fala ar n\u00f3s El Hierro n\u00f3 Sams\u00f8 gur f\u00e9idir \u00e9 seo a bhaint amach.<\/p>\n\n<div class=\"wp-block-image is-style-rounded\"><figure class=\"aligncenter size-large is-resized\"><img decoding=\"async\" src=\"https:\/\/react2020.eu\/wp-content\/uploads\/sites\/5\/2021\/02\/samso.jpg\" alt=\"\" class=\"wp-image-24677\" width=\"500\" srcset=\"https:\/\/react2020.eu\/wp-content\/uploads\/sites\/5\/2021\/02\/samso.jpg 980w, https:\/\/react2020.eu\/wp-content\/uploads\/sites\/5\/2021\/02\/samso-300x180.jpg 300w, https:\/\/react2020.eu\/wp-content\/uploads\/sites\/5\/2021\/02\/samso-768x461.jpg 768w\" sizes=\"(max-width: 980px) 100vw, 980px\" \/><figcaption>Oile\u00e1n Sams\u00f8<\/figcaption><\/figure><\/div>\n\n<h2 class=\"wp-block-heading\"><strong>Deacracht le M\u00e9ad\u00fa<\/strong><\/h2>\n\n<p>\u00d3 tharla na tionscadail seo a bheith ar bun ar oile\u00e1in le daonra de ch\u00fapla m\u00edle \u00e1itritheoir, n\u00ed ionann na deacrachta\u00ed teicni\u00fala agus eacnama\u00edochta a bh\u00edonn le s\u00e1r\u00fa acusan agus a bh\u00edonn ag oile\u00e1in ina mb\u00edonn daonra\u00ed de na c\u00e9adta m\u00edlte \u00e1itritheoir. Chomh maith leis sin b\u00edonn dl\u00fathcheangal ag na d\u00fashl\u00e1in theicni\u00fala seo leis na foins\u00ed fuinneamh in-athnuaite a bh\u00edonn ar f\u00e1il i ngach oile\u00e1n agus na riachtanais \u00eddithe ar leith a bh\u00edonn acu \u00f3 thaobh na haer\u00e1ide agus a ngn\u00edomha\u00edochta\u00ed socheacnama\u00edocha. Cialla\u00edonn aistri\u00fa chuig c\u00f3ras difr\u00edocht fuinnimh go gcaithfear m\u00fanla\u00ed nua gn\u00f3 a leagan amach agus fi\u00fa go mbeadh gn\u00edomhaithe nua eacnama\u00edochta comhth\u00e1ite leo agus teacht chun cinn creat oibre rial\u00e1la. <\/p>\n\n<p>\u00d3 oile\u00e1n amh\u00e1in go hoile\u00e1n eile, faoina c\u00fains\u00ed seo, bheadh \u00e9ags\u00falacht sa mhacasamhl\u00fa ar thortha\u00ed an tionscadail, rud a chialla\u00edonn nach mbeadh s\u00e9 c\u00f3rasach. D\u00e1 bhr\u00ed sin theast\u00f3dh plean ina leagfa\u00ed amach an r\u00e9iteach teicni\u00fail, eacnama\u00edochta agus rial\u00e1la ab fheili\u00fana\u00ed do chaon chr\u00edoch.<\/p>\n\n<h2 class=\"wp-block-heading\"><strong>R\u00e9iteach an Togra REACT<\/strong><\/h2>\n\n<p>Taobh istigh de chreat thogra REACT t\u00e1 r\u00e9iteach leagtha amach do thr\u00ed oile\u00e1n ph\u00edol\u00f3tacha le 100% d\u00e1 gcuid leictreachais a dh\u00e9anamh as foins\u00ed in-athnuaite, ag \u00fas\u00e1id ard\u00e1n TFC n\u00e9albhunaithe, t\u00e1irgeadh d\u00edl\u00e1raithe, gl\u00e9asanna st\u00f3r\u00e1la agus bainisti\u00fa an \u00e9ilimh. Beidh an r\u00e9iteach seo \u00e1 th\u00e1st\u00e1il agus \u00e1 dheimhni\u00fa sna cr\u00edocha seo. T\u00e1 s\u00e9 bunaithe, tr\u00edd is tr\u00edd, ar ard\u00e1n ina nd\u00e9anfa\u00ed optam\u00fa ar shol\u00e1thar fuinneamh iliompr\u00f3ra agus ar \u00e9ileamh ioml\u00e1na\u00edoch comhoibritheach tr\u00ed strait\u00e9is uathoibrithe agus l\u00e1imhe. <\/p>\n\n<p>Toisc go bhf\u00e9adfadh s\u00e9 nach mbeadh f\u00e1il ar roinnt foins\u00ed fuinnimh in-athnuaite t\u00e1 s\u00e9 r\u00edth\u00e1bhachtach go mbeadh cothromas idir t\u00e1irgeadh agus \u00eddi\u00fa le seasmhacht eanga\u00ed a chinnti\u00fa. D\u2019fh\u00e9adfa\u00ed \u00e9 seo a dh\u00e9anamh le gl\u00e9asanna st\u00f3r\u00e1la fuinnimh ach freisin tr\u00ed fhreagairt don \u00e9ileamh. I gc\u00e1s freagairt don \u00e9ileamh is amhlaidh a laghda\u00edtear an m\u00f3r\u00e9ileamh tr\u00ed dheireadh a chur le h\u00fas\u00e1id leictreachais n\u00f3 \u00e9 a bhogadh go hamanna le n\u00edos l\u00fa \u00e9ilimh.  <\/p>\n\n<p>Cuirfidh an leigheas at\u00e1 leagtha amach i dtogra REACT strait\u00e9is uathoibrithe ar f\u00e1il do rial\u00fa optamaithe ar ghn\u00e1th\u00e1iseanna mar aon le strait\u00e9is l\u00e1imhe le haghaidh idirghabh\u00e1lacha l\u00e1imhe na dtomhalt\u00f3ir\u00ed deiridh. L\u00e9ireofar \u00e9 i bpobail bheaga ina mbeidh malairt fuinnimh optamaithe \u00e1 dh\u00e9anamh idir bloic foirgneamh\/tithe n\u00f3 ceantair.  <\/p>\n\n<h2 class=\"wp-block-heading\"><strong>Plean maidir le M\u00e9ad\u00fa agus Macasamhl\u00fa<\/strong><\/h2>\n\n<p>Breathna\u00edonn s\u00e9 go bhf\u00e9adfa\u00ed seachadadh fuinnimh ag an sc\u00e1la seo a bhainisti\u00fa ach n\u00ed g\u00e1 go mbeadh s\u00e9 sin soil\u00e9ir i gc\u00e1s pobail n\u00edos m\u00f3. Sin \u00e9 an f\u00e1th go gcuideoidh na hoile\u00e1in at\u00e1 n\u00edos m\u00f3, ar a dtugtar \u00abna hoile\u00e1in leantacha\u00bb i dtogra REACT: Oile\u00e1n Gotland, Lesbos Prefecture, Inis Iocht, Oile\u00e1n Majorca agus Oile\u00e1n Reunion, le leagan amach an phlean macasamhlaithe maidir le teacht timpeall ar an m\u00e9ad\u00fa de r\u00e9ir sc\u00e1la. Scr\u00fad\u00f3far \u00e9 seo tr\u00ed ionsamhl\u00fa. \u00c1ireofar modheola\u00edocht ann freisin d\u2019anail\u00eds agus calabr\u00fa na strait\u00e9ise maidir leis an rial\u00fa ab fhearr agus an fhreagairt ar \u00e9ileamh. I gc\u00e1s m\u00e9ad\u00fa de r\u00e9ir sc\u00e1la, bheadh an glacadh a bheadh ag na tomhalt\u00f3ir\u00ed leis agus an comhord\u00fa ar strait\u00e9is fhreagartha uathoibrithe agus l\u00e1imhe don fhreagairt ar \u00e9ileamh ina nd\u00fashl\u00e1in shuntasacha. Ar deireadh, is c\u00fanamh iad l\u00edon \u00e9ags\u00fail na ndaonra\u00ed, na leibh\u00e9il \u00eddithe fuinnimh agus aer\u00e1id\u00ed chun l\u00e9argas a fh\u00e1il ar bhunt\u00e1ist\u00ed an leighis at\u00e1 curtha chun cinn ag REACT.<\/p>\n\n<div class=\"wp-block-image is-style-rounded\"><figure class=\"aligncenter size-large is-resized\"><img decoding=\"async\" src=\"https:\/\/react2020.eu\/wp-content\/uploads\/sites\/5\/2021\/02\/Saint-Denis-Reunion-Island.jpg\" alt=\"\" class=\"wp-image-24732\" width=\"500\" srcset=\"https:\/\/react2020.eu\/wp-content\/uploads\/sites\/5\/2021\/02\/Saint-Denis-Reunion-Island.jpg 608w, https:\/\/react2020.eu\/wp-content\/uploads\/sites\/5\/2021\/02\/Saint-Denis-Reunion-Island-300x188.jpg 300w\" sizes=\"(max-width: 608px) 100vw, 608px\" \/><figcaption>Oile\u00e1n Reunion (Pr\u00edomhchathair)<\/figcaption><\/figure><\/div>\n\n<p>Mar chr\u00edoch ba cheart go n-\u00e9asc\u00f3dh macasamhl\u00fa an leighis at\u00e1 ag REACT \u00fas\u00e1id agus comhth\u00e1th\u00fa ar fhuinneamh in-athnuaite uaineach, ar n\u00f3s fuinneamh na gr\u00e9ine agus na gaoithe, mar gurb iad na pr\u00edomhfhoins\u00ed fuinneamh in-athnuaite f\u00f3s iad i bhformh\u00f3r na gcr\u00edoch oile\u00e1nda. Ag deireadh an lae d\u2019fh\u00e9adfadh deis a bheith ag tomhalt\u00f3ir\u00ed a gcostas fuinnimh a laghd\u00fa, a dtionchar timpeallachta agus a mbuis\u00e9ad a fheabhs\u00fa agus go mbeadh bunt\u00e1iste ann freisin d\u2019oibreoir\u00ed an eanga\u00ed \u00f3 thaobh breis sol\u00fabthachta agus seasmhacht n\u00edos fearr san eangach.  <\/p>\n","protected":false},"excerpt":{"rendered":"<p>Le sl\u00e1m blianta anois t\u00e1 d\u00edcharb\u00f3n\u00fa ar leictreachas ina ceist th\u00e1bhachtach do thodhcha\u00ed chr\u00edocha na n-oile\u00e1n. Chuige sin caithfidh oile\u00e1in a gc\u00f3rais fuinnimh a athr\u00fa chun teorainn a chur le hathr\u00fa aer\u00e1ide agus d\u00e9ile\u00e1il leis an mbaol \u00f3 thaobh ganntanas breosla\u00ed iontaise. Ar an bhf\u00e1th seo, t\u00e1 go leor tionscadal ar bun ar fud an &#8230; <a title=\"M\u00e9ad\u00fa agus Macasamhl\u00fa ar R\u00e9iteach REACT d\u2019Oile\u00e1in at\u00e1 N\u00edos M\u00f3\" class=\"read-more\" href=\"https:\/\/react2020.eu\/ga\/2021\/04\/14\/meadu-agus-macasamhlu-ar-reiteach-react-doileain-ata-nios-mo\/\" aria-label=\"Read more about M\u00e9ad\u00fa agus Macasamhl\u00fa ar R\u00e9iteach REACT d\u2019Oile\u00e1in at\u00e1 N\u00edos M\u00f3\">Read more<\/a><\/p>\n","protected":false},"author":1,"featured_media":24678,"comment_status":"closed","ping_status":"closed","sticky":false,"template":"","format":"standard","meta":{"inline_featured_image":false,"footnotes":""},"categories":[558,559],"tags":[244,566,246,210,178,563,562,567,196,211,239,561,564,250,565,560,568],"class_list":["post-25000","post","type-post","status-publish","format-standard","has-post-thumbnail","hentry","category-post-category","category-replicability-ga","tag-climate-change-ga","tag-cooperative-demand-ga","tag-demand-response-ga","tag-energy-savings-ga","tag-energy-storage-ga","tag-energy-systems-ga","tag-eu-projects-ga","tag-grid-stability-ga","tag-h2020-ga","tag-ict-platform-ga","tag-islands-ga","tag-react-solution-ga","tag-regulatory-solution-ga","tag-renewables-ga","tag-renewables-sources-ga","tag-replicability-ga","tag-scaling-up-ga"],"yoast_head":"<!-- This site is optimized with the Yoast SEO plugin v27.4 - https:\/\/yoast.com\/product\/yoast-seo-wordpress\/ -->\n<title>M\u00e9ad\u00fa agus Macasamhl\u00fa ar R\u00e9iteach REACT d\u2019Oile\u00e1in at\u00e1 N\u00edos M\u00f3 - REACT 2020<\/title>\n<meta name=\"robots\" content=\"index, follow, max-snippet:-1, max-image-preview:large, max-video-preview:-1\" \/>\n<link rel=\"canonical\" href=\"https:\/\/react2020.eu\/ga\/2021\/04\/14\/meadu-agus-macasamhlu-ar-reiteach-react-doileain-ata-nios-mo\/\" \/>\n<meta property=\"og:locale\" content=\"ga_IE\" \/>\n<meta property=\"og:type\" content=\"article\" \/>\n<meta property=\"og:title\" content=\"M\u00e9ad\u00fa agus Macasamhl\u00fa ar R\u00e9iteach REACT d\u2019Oile\u00e1in at\u00e1 N\u00edos M\u00f3 - REACT 2020\" \/>\n<meta property=\"og:description\" content=\"Le sl\u00e1m blianta anois t\u00e1 d\u00edcharb\u00f3n\u00fa ar leictreachas ina ceist th\u00e1bhachtach do thodhcha\u00ed chr\u00edocha na n-oile\u00e1n. Chuige sin caithfidh oile\u00e1in a gc\u00f3rais fuinnimh a athr\u00fa chun teorainn a chur le hathr\u00fa aer\u00e1ide agus d\u00e9ile\u00e1il leis an mbaol \u00f3 thaobh ganntanas breosla\u00ed iontaise. Ar an bhf\u00e1th seo, t\u00e1 go leor tionscadal ar bun ar fud an ... Read more\" \/>\n<meta property=\"og:url\" content=\"https:\/\/react2020.eu\/ga\/2021\/04\/14\/meadu-agus-macasamhlu-ar-reiteach-react-doileain-ata-nios-mo\/\" \/>\n<meta property=\"og:site_name\" content=\"REACT 2020\" \/>\n<meta property=\"article:published_time\" content=\"2021-04-14T12:54:52+00:00\" \/>\n<meta property=\"article:modified_time\" content=\"2021-04-14T12:54:53+00:00\" \/>\n<meta property=\"og:image\" content=\"https:\/\/react2020.eu\/wp-content\/uploads\/sites\/5\/2021\/02\/samso.jpg\" \/>\n\t<meta property=\"og:image:width\" content=\"980\" \/>\n\t<meta property=\"og:image:height\" content=\"588\" \/>\n\t<meta property=\"og:image:type\" content=\"image\/jpeg\" \/>\n<meta name=\"author\" content=\"AdminCometPublishing\" \/>\n<meta name=\"twitter:card\" content=\"summary_large_image\" \/>\n<meta name=\"twitter:label1\" content=\"Written by\" \/>\n\t<meta name=\"twitter:data1\" content=\"AdminCometPublishing\" \/>\n\t<meta name=\"twitter:label2\" content=\"Est. reading time\" \/>\n\t<meta name=\"twitter:data2\" content=\"4 minutes\" \/>\n<script type=\"application\/ld+json\" class=\"yoast-schema-graph\">{\"@context\":\"https:\\\/\\\/schema.org\",\"@graph\":[{\"@type\":\"Article\",\"@id\":\"https:\\\/\\\/react2020.eu\\\/ga\\\/2021\\\/04\\\/14\\\/meadu-agus-macasamhlu-ar-reiteach-react-doileain-ata-nios-mo\\\/#article\",\"isPartOf\":{\"@id\":\"https:\\\/\\\/react2020.eu\\\/ga\\\/2021\\\/04\\\/14\\\/meadu-agus-macasamhlu-ar-reiteach-react-doileain-ata-nios-mo\\\/\"},\"author\":{\"name\":\"AdminCometPublishing\",\"@id\":\"https:\\\/\\\/react2020.eu\\\/#\\\/schema\\\/person\\\/e7d9c78a25d3d519f2588384a3fbea90\"},\"headline\":\"M\u00e9ad\u00fa agus Macasamhl\u00fa ar R\u00e9iteach REACT d\u2019Oile\u00e1in at\u00e1 N\u00edos M\u00f3\",\"datePublished\":\"2021-04-14T12:54:52+00:00\",\"dateModified\":\"2021-04-14T12:54:53+00:00\",\"mainEntityOfPage\":{\"@id\":\"https:\\\/\\\/react2020.eu\\\/ga\\\/2021\\\/04\\\/14\\\/meadu-agus-macasamhlu-ar-reiteach-react-doileain-ata-nios-mo\\\/\"},\"wordCount\":879,\"publisher\":{\"@id\":\"https:\\\/\\\/react2020.eu\\\/#organization\"},\"image\":{\"@id\":\"https:\\\/\\\/react2020.eu\\\/ga\\\/2021\\\/04\\\/14\\\/meadu-agus-macasamhlu-ar-reiteach-react-doileain-ata-nios-mo\\\/#primaryimage\"},\"thumbnailUrl\":\"https:\\\/\\\/react2020.eu\\\/wp-content\\\/uploads\\\/sites\\\/5\\\/2021\\\/02\\\/samso.jpg\",\"keywords\":[\"climate change\",\"cooperative demand\",\"demand response\",\"Energy savings\",\"Energy Storage\",\"energy systems\",\"EU projects\",\"grid stability\",\"H2020\",\"ICT platform\",\"Islands\",\"REACT solution\",\"regulatory solution\",\"renewables\",\"renewables sources\",\"replicability\",\"scaling-up\"],\"articleSection\":[\"Post Category\",\"Replicability\"],\"inLanguage\":\"ga-IE\"},{\"@type\":\"WebPage\",\"@id\":\"https:\\\/\\\/react2020.eu\\\/ga\\\/2021\\\/04\\\/14\\\/meadu-agus-macasamhlu-ar-reiteach-react-doileain-ata-nios-mo\\\/\",\"url\":\"https:\\\/\\\/react2020.eu\\\/ga\\\/2021\\\/04\\\/14\\\/meadu-agus-macasamhlu-ar-reiteach-react-doileain-ata-nios-mo\\\/\",\"name\":\"M\u00e9ad\u00fa agus Macasamhl\u00fa ar R\u00e9iteach REACT d\u2019Oile\u00e1in at\u00e1 N\u00edos M\u00f3 - REACT 2020\",\"isPartOf\":{\"@id\":\"https:\\\/\\\/react2020.eu\\\/#website\"},\"primaryImageOfPage\":{\"@id\":\"https:\\\/\\\/react2020.eu\\\/ga\\\/2021\\\/04\\\/14\\\/meadu-agus-macasamhlu-ar-reiteach-react-doileain-ata-nios-mo\\\/#primaryimage\"},\"image\":{\"@id\":\"https:\\\/\\\/react2020.eu\\\/ga\\\/2021\\\/04\\\/14\\\/meadu-agus-macasamhlu-ar-reiteach-react-doileain-ata-nios-mo\\\/#primaryimage\"},\"thumbnailUrl\":\"https:\\\/\\\/react2020.eu\\\/wp-content\\\/uploads\\\/sites\\\/5\\\/2021\\\/02\\\/samso.jpg\",\"datePublished\":\"2021-04-14T12:54:52+00:00\",\"dateModified\":\"2021-04-14T12:54:53+00:00\",\"breadcrumb\":{\"@id\":\"https:\\\/\\\/react2020.eu\\\/ga\\\/2021\\\/04\\\/14\\\/meadu-agus-macasamhlu-ar-reiteach-react-doileain-ata-nios-mo\\\/#breadcrumb\"},\"inLanguage\":\"ga-IE\",\"potentialAction\":[{\"@type\":\"ReadAction\",\"target\":[\"https:\\\/\\\/react2020.eu\\\/ga\\\/2021\\\/04\\\/14\\\/meadu-agus-macasamhlu-ar-reiteach-react-doileain-ata-nios-mo\\\/\"]}]},{\"@type\":\"ImageObject\",\"inLanguage\":\"ga-IE\",\"@id\":\"https:\\\/\\\/react2020.eu\\\/ga\\\/2021\\\/04\\\/14\\\/meadu-agus-macasamhlu-ar-reiteach-react-doileain-ata-nios-mo\\\/#primaryimage\",\"url\":\"https:\\\/\\\/react2020.eu\\\/wp-content\\\/uploads\\\/sites\\\/5\\\/2021\\\/02\\\/samso.jpg\",\"contentUrl\":\"https:\\\/\\\/react2020.eu\\\/wp-content\\\/uploads\\\/sites\\\/5\\\/2021\\\/02\\\/samso.jpg\",\"width\":980,\"height\":588},{\"@type\":\"BreadcrumbList\",\"@id\":\"https:\\\/\\\/react2020.eu\\\/ga\\\/2021\\\/04\\\/14\\\/meadu-agus-macasamhlu-ar-reiteach-react-doileain-ata-nios-mo\\\/#breadcrumb\",\"itemListElement\":[{\"@type\":\"ListItem\",\"position\":1,\"name\":\"Portada\",\"item\":\"https:\\\/\\\/react2020.eu\\\/\"},{\"@type\":\"ListItem\",\"position\":2,\"name\":\"M\u00e9ad\u00fa agus Macasamhl\u00fa ar R\u00e9iteach REACT d\u2019Oile\u00e1in at\u00e1 N\u00edos M\u00f3\"}]},{\"@type\":\"WebSite\",\"@id\":\"https:\\\/\\\/react2020.eu\\\/#website\",\"url\":\"https:\\\/\\\/react2020.eu\\\/\",\"name\":\"REACT 2020\",\"description\":\"REACT 2020 \u2013 Renewable Energy for Self-Sustainable Island Communties\",\"publisher\":{\"@id\":\"https:\\\/\\\/react2020.eu\\\/#organization\"},\"potentialAction\":[{\"@type\":\"SearchAction\",\"target\":{\"@type\":\"EntryPoint\",\"urlTemplate\":\"https:\\\/\\\/react2020.eu\\\/?s={search_term_string}\"},\"query-input\":{\"@type\":\"PropertyValueSpecification\",\"valueRequired\":true,\"valueName\":\"search_term_string\"}}],\"inLanguage\":\"ga-IE\"},{\"@type\":\"Organization\",\"@id\":\"https:\\\/\\\/react2020.eu\\\/#organization\",\"name\":\"REACT 2020\",\"url\":\"https:\\\/\\\/react2020.eu\\\/\",\"logo\":{\"@type\":\"ImageObject\",\"inLanguage\":\"ga-IE\",\"@id\":\"https:\\\/\\\/react2020.eu\\\/#\\\/schema\\\/logo\\\/image\\\/\",\"url\":\"https:\\\/\\\/react2020.eu\\\/wp-content\\\/uploads\\\/sites\\\/5\\\/2019\\\/07\\\/1.-REACT_Logo-horizontal_Color_RGB_2.png\",\"contentUrl\":\"https:\\\/\\\/react2020.eu\\\/wp-content\\\/uploads\\\/sites\\\/5\\\/2019\\\/07\\\/1.-REACT_Logo-horizontal_Color_RGB_2.png\",\"width\":1643,\"height\":419,\"caption\":\"REACT 2020\"},\"image\":{\"@id\":\"https:\\\/\\\/react2020.eu\\\/#\\\/schema\\\/logo\\\/image\\\/\"}},{\"@type\":\"Person\",\"@id\":\"https:\\\/\\\/react2020.eu\\\/#\\\/schema\\\/person\\\/e7d9c78a25d3d519f2588384a3fbea90\",\"name\":\"AdminCometPublishing\",\"image\":{\"@type\":\"ImageObject\",\"inLanguage\":\"ga-IE\",\"@id\":\"https:\\\/\\\/secure.gravatar.com\\\/avatar\\\/6ce858727fb26acaa2181992800c32363ecd1b00a21522a41880ad1b33a8ef96?s=96&d=mm&r=g\",\"url\":\"https:\\\/\\\/secure.gravatar.com\\\/avatar\\\/6ce858727fb26acaa2181992800c32363ecd1b00a21522a41880ad1b33a8ef96?s=96&d=mm&r=g\",\"contentUrl\":\"https:\\\/\\\/secure.gravatar.com\\\/avatar\\\/6ce858727fb26acaa2181992800c32363ecd1b00a21522a41880ad1b33a8ef96?s=96&d=mm&r=g\",\"caption\":\"AdminCometPublishing\"},\"sameAs\":[\"https:\\\/\\\/publishing.comet.technology\"],\"url\":\"https:\\\/\\\/react2020.eu\\\/ga\\\/author\\\/admincometpublishing\\\/\"}]}<\/script>\n<!-- \/ Yoast SEO plugin. -->","yoast_head_json":{"title":"M\u00e9ad\u00fa agus Macasamhl\u00fa ar R\u00e9iteach REACT d\u2019Oile\u00e1in at\u00e1 N\u00edos M\u00f3 - REACT 2020","robots":{"index":"index","follow":"follow","max-snippet":"max-snippet:-1","max-image-preview":"max-image-preview:large","max-video-preview":"max-video-preview:-1"},"canonical":"https:\/\/react2020.eu\/ga\/2021\/04\/14\/meadu-agus-macasamhlu-ar-reiteach-react-doileain-ata-nios-mo\/","og_locale":"ga_IE","og_type":"article","og_title":"M\u00e9ad\u00fa agus Macasamhl\u00fa ar R\u00e9iteach REACT d\u2019Oile\u00e1in at\u00e1 N\u00edos M\u00f3 - REACT 2020","og_description":"Le sl\u00e1m blianta anois t\u00e1 d\u00edcharb\u00f3n\u00fa ar leictreachas ina ceist th\u00e1bhachtach do thodhcha\u00ed chr\u00edocha na n-oile\u00e1n. Chuige sin caithfidh oile\u00e1in a gc\u00f3rais fuinnimh a athr\u00fa chun teorainn a chur le hathr\u00fa aer\u00e1ide agus d\u00e9ile\u00e1il leis an mbaol \u00f3 thaobh ganntanas breosla\u00ed iontaise. Ar an bhf\u00e1th seo, t\u00e1 go leor tionscadal ar bun ar fud an ... Read more","og_url":"https:\/\/react2020.eu\/ga\/2021\/04\/14\/meadu-agus-macasamhlu-ar-reiteach-react-doileain-ata-nios-mo\/","og_site_name":"REACT 2020","article_published_time":"2021-04-14T12:54:52+00:00","article_modified_time":"2021-04-14T12:54:53+00:00","og_image":[{"width":980,"height":588,"url":"https:\/\/react2020.eu\/wp-content\/uploads\/sites\/5\/2021\/02\/samso.jpg","type":"image\/jpeg"}],"author":"AdminCometPublishing","twitter_card":"summary_large_image","twitter_misc":{"Written by":"AdminCometPublishing","Est. reading time":"4 minutes"},"schema":{"@context":"https:\/\/schema.org","@graph":[{"@type":"Article","@id":"https:\/\/react2020.eu\/ga\/2021\/04\/14\/meadu-agus-macasamhlu-ar-reiteach-react-doileain-ata-nios-mo\/#article","isPartOf":{"@id":"https:\/\/react2020.eu\/ga\/2021\/04\/14\/meadu-agus-macasamhlu-ar-reiteach-react-doileain-ata-nios-mo\/"},"author":{"name":"AdminCometPublishing","@id":"https:\/\/react2020.eu\/#\/schema\/person\/e7d9c78a25d3d519f2588384a3fbea90"},"headline":"M\u00e9ad\u00fa agus Macasamhl\u00fa ar R\u00e9iteach REACT d\u2019Oile\u00e1in at\u00e1 N\u00edos M\u00f3","datePublished":"2021-04-14T12:54:52+00:00","dateModified":"2021-04-14T12:54:53+00:00","mainEntityOfPage":{"@id":"https:\/\/react2020.eu\/ga\/2021\/04\/14\/meadu-agus-macasamhlu-ar-reiteach-react-doileain-ata-nios-mo\/"},"wordCount":879,"publisher":{"@id":"https:\/\/react2020.eu\/#organization"},"image":{"@id":"https:\/\/react2020.eu\/ga\/2021\/04\/14\/meadu-agus-macasamhlu-ar-reiteach-react-doileain-ata-nios-mo\/#primaryimage"},"thumbnailUrl":"https:\/\/react2020.eu\/wp-content\/uploads\/sites\/5\/2021\/02\/samso.jpg","keywords":["climate change","cooperative demand","demand response","Energy savings","Energy Storage","energy systems","EU projects","grid stability","H2020","ICT platform","Islands","REACT solution","regulatory solution","renewables","renewables sources","replicability","scaling-up"],"articleSection":["Post Category","Replicability"],"inLanguage":"ga-IE"},{"@type":"WebPage","@id":"https:\/\/react2020.eu\/ga\/2021\/04\/14\/meadu-agus-macasamhlu-ar-reiteach-react-doileain-ata-nios-mo\/","url":"https:\/\/react2020.eu\/ga\/2021\/04\/14\/meadu-agus-macasamhlu-ar-reiteach-react-doileain-ata-nios-mo\/","name":"M\u00e9ad\u00fa agus Macasamhl\u00fa ar R\u00e9iteach REACT d\u2019Oile\u00e1in at\u00e1 N\u00edos M\u00f3 - REACT 2020","isPartOf":{"@id":"https:\/\/react2020.eu\/#website"},"primaryImageOfPage":{"@id":"https:\/\/react2020.eu\/ga\/2021\/04\/14\/meadu-agus-macasamhlu-ar-reiteach-react-doileain-ata-nios-mo\/#primaryimage"},"image":{"@id":"https:\/\/react2020.eu\/ga\/2021\/04\/14\/meadu-agus-macasamhlu-ar-reiteach-react-doileain-ata-nios-mo\/#primaryimage"},"thumbnailUrl":"https:\/\/react2020.eu\/wp-content\/uploads\/sites\/5\/2021\/02\/samso.jpg","datePublished":"2021-04-14T12:54:52+00:00","dateModified":"2021-04-14T12:54:53+00:00","breadcrumb":{"@id":"https:\/\/react2020.eu\/ga\/2021\/04\/14\/meadu-agus-macasamhlu-ar-reiteach-react-doileain-ata-nios-mo\/#breadcrumb"},"inLanguage":"ga-IE","potentialAction":[{"@type":"ReadAction","target":["https:\/\/react2020.eu\/ga\/2021\/04\/14\/meadu-agus-macasamhlu-ar-reiteach-react-doileain-ata-nios-mo\/"]}]},{"@type":"ImageObject","inLanguage":"ga-IE","@id":"https:\/\/react2020.eu\/ga\/2021\/04\/14\/meadu-agus-macasamhlu-ar-reiteach-react-doileain-ata-nios-mo\/#primaryimage","url":"https:\/\/react2020.eu\/wp-content\/uploads\/sites\/5\/2021\/02\/samso.jpg","contentUrl":"https:\/\/react2020.eu\/wp-content\/uploads\/sites\/5\/2021\/02\/samso.jpg","width":980,"height":588},{"@type":"BreadcrumbList","@id":"https:\/\/react2020.eu\/ga\/2021\/04\/14\/meadu-agus-macasamhlu-ar-reiteach-react-doileain-ata-nios-mo\/#breadcrumb","itemListElement":[{"@type":"ListItem","position":1,"name":"Portada","item":"https:\/\/react2020.eu\/"},{"@type":"ListItem","position":2,"name":"M\u00e9ad\u00fa agus Macasamhl\u00fa ar R\u00e9iteach REACT d\u2019Oile\u00e1in at\u00e1 N\u00edos M\u00f3"}]},{"@type":"WebSite","@id":"https:\/\/react2020.eu\/#website","url":"https:\/\/react2020.eu\/","name":"REACT 2020","description":"REACT 2020 \u2013 Renewable Energy for Self-Sustainable Island Communties","publisher":{"@id":"https:\/\/react2020.eu\/#organization"},"potentialAction":[{"@type":"SearchAction","target":{"@type":"EntryPoint","urlTemplate":"https:\/\/react2020.eu\/?s={search_term_string}"},"query-input":{"@type":"PropertyValueSpecification","valueRequired":true,"valueName":"search_term_string"}}],"inLanguage":"ga-IE"},{"@type":"Organization","@id":"https:\/\/react2020.eu\/#organization","name":"REACT 2020","url":"https:\/\/react2020.eu\/","logo":{"@type":"ImageObject","inLanguage":"ga-IE","@id":"https:\/\/react2020.eu\/#\/schema\/logo\/image\/","url":"https:\/\/react2020.eu\/wp-content\/uploads\/sites\/5\/2019\/07\/1.-REACT_Logo-horizontal_Color_RGB_2.png","contentUrl":"https:\/\/react2020.eu\/wp-content\/uploads\/sites\/5\/2019\/07\/1.-REACT_Logo-horizontal_Color_RGB_2.png","width":1643,"height":419,"caption":"REACT 2020"},"image":{"@id":"https:\/\/react2020.eu\/#\/schema\/logo\/image\/"}},{"@type":"Person","@id":"https:\/\/react2020.eu\/#\/schema\/person\/e7d9c78a25d3d519f2588384a3fbea90","name":"AdminCometPublishing","image":{"@type":"ImageObject","inLanguage":"ga-IE","@id":"https:\/\/secure.gravatar.com\/avatar\/6ce858727fb26acaa2181992800c32363ecd1b00a21522a41880ad1b33a8ef96?s=96&d=mm&r=g","url":"https:\/\/secure.gravatar.com\/avatar\/6ce858727fb26acaa2181992800c32363ecd1b00a21522a41880ad1b33a8ef96?s=96&d=mm&r=g","contentUrl":"https:\/\/secure.gravatar.com\/avatar\/6ce858727fb26acaa2181992800c32363ecd1b00a21522a41880ad1b33a8ef96?s=96&d=mm&r=g","caption":"AdminCometPublishing"},"sameAs":["https:\/\/publishing.comet.technology"],"url":"https:\/\/react2020.eu\/ga\/author\/admincometpublishing\/"}]}},"_links":{"self":[{"href":"https:\/\/react2020.eu\/ga\/wp-json\/wp\/v2\/posts\/25000","targetHints":{"allow":["GET"]}}],"collection":[{"href":"https:\/\/react2020.eu\/ga\/wp-json\/wp\/v2\/posts"}],"about":[{"href":"https:\/\/react2020.eu\/ga\/wp-json\/wp\/v2\/types\/post"}],"author":[{"embeddable":true,"href":"https:\/\/react2020.eu\/ga\/wp-json\/wp\/v2\/users\/1"}],"replies":[{"embeddable":true,"href":"https:\/\/react2020.eu\/ga\/wp-json\/wp\/v2\/comments?post=25000"}],"version-history":[{"count":0,"href":"https:\/\/react2020.eu\/ga\/wp-json\/wp\/v2\/posts\/25000\/revisions"}],"wp:featuredmedia":[{"embeddable":true,"href":"https:\/\/react2020.eu\/ga\/wp-json\/wp\/v2\/media\/24678"}],"wp:attachment":[{"href":"https:\/\/react2020.eu\/ga\/wp-json\/wp\/v2\/media?parent=25000"}],"wp:term":[{"taxonomy":"category","embeddable":true,"href":"https:\/\/react2020.eu\/ga\/wp-json\/wp\/v2\/categories?post=25000"},{"taxonomy":"post_tag","embeddable":true,"href":"https:\/\/react2020.eu\/ga\/wp-json\/wp\/v2\/tags?post=25000"}],"curies":[{"name":"wp","href":"https:\/\/api.w.org\/{rel}","templated":true}]}}