{"id":23662,"date":"2020-11-23T22:13:00","date_gmt":"2020-11-23T22:13:00","guid":{"rendered":"https:\/\/react2020.publishing.comet.technology\/2021\/01\/13\/ta-fisean-react-ar-fail-cheana-fein-i-dteangacha-eile\/"},"modified":"2021-01-15T10:47:45","modified_gmt":"2021-01-15T10:47:45","slug":"ta-fisean-react-ar-fail-cheana-fein-i-dteangacha-eile","status":"publish","type":"post","link":"https:\/\/react2020.eu\/ga\/2020\/11\/23\/ta-fisean-react-ar-fail-cheana-fein-i-dteangacha-eile\/","title":{"rendered":"T\u00e1 F\u00edse\u00e1n REACT ar f\u00e1il cheana f\u00e9in i dTeangacha eile!"},"content":{"rendered":"\n<p>Is togra taighde 4 bliana \u00e9 REACT at\u00e1 maoinithe faoi Chl\u00e1r Horizon 2020. Is \u00e9 aidhm an togra n\u00e1 neamhspl\u00e9achas fuinnimh oile\u00e1nda a bhaint amach tr\u00ed \u00fas\u00e1id fhorleathan a bhaint as foins\u00ed fuinneamh inathnuaite, bainisti\u00fa a dh\u00e9anamh ar chathain a \u00fas\u00e1idtear fuinneamh, ag tabhairt san \u00e1ireamh na c\u00f3rais st\u00f3r\u00e1la fuinnimh at\u00e1 ar f\u00e1il, agus dul i gcomhairle leis an bpobal \u00fas\u00e1ideoir\u00ed mar gheallshealbh\u00f3ir\u00ed t\u00e1bhachtacha i bpobal fuinnimh \u00e1iti\u00fail. Forbr\u00f3idh REACT samhail theicni\u00fail agus ghn\u00f3 a l\u00e9ireoidh go bhf\u00e9adfadh tairbh\u00ed eacnama\u00edocha t\u00e1bhachtacha teacht chun cinn as \u00fas\u00e1id m\u00f3r-sc\u00e1la s\u00f3cmhainn\u00ed RES agus st\u00f3r\u00e1la ar oile\u00e1in gheografacha, cur le d\u00edcharb\u00f3n\u00fa na gc\u00f3ras fuinnimh \u00e1iti\u00fail, astuithe GHG a laghd\u00fa agus c\u00e1il\u00edocht aeir chomhshaoil \u200b\u200ba fheabhs\u00fa. <\/p>\n\n\n\n<p>Agus tar \u00e9is seoladh an fh\u00edse\u00e1in REACT i mB\u00e9arla, t\u00e1 s\u00e9 curtha in oiri\u00faint do gach oile\u00e1n p\u00edol\u00f3tach: La Graciosa (cuid de na hOile\u00e1in Chan\u00e1racha, sa Sp\u00e1inn), San Pietro (cuid d\u2019oile\u00e1n na Saird\u00edne, san Iod\u00e1il) agus Inis M\u00f3r (cuid d\u2019Oile\u00e1n \u00c1rann, in \u00c9irinn), \u00e1it a bhfuilimid ag spreagadh daoine chun \u201cdul ar bord\u201d tr\u00ed aistri\u00fa go c\u00f3rais fuinnimh in-athnuaite agus cumhacht a thabhairt don phobal leis an tuiscint ar conas fuinneamh a th\u00e1irgeadh, a bhainisti\u00fa agus a roinnt. <\/p>\n\n\n\n<p>Is f\u00e9idir leat f\u00e9achaint ar an bhf\u00edse\u00e1n REACT i dteangacha \u00e9ags\u00fala in\u00e1r gcain\u00e9al <a href=\"https:\/\/www.youtube.com\/channel\/UCDPj1ebKXQyskcTPY5nB7BA\">YouTube<\/a>.<\/p>\n\n\n\n<p>F\u00edse\u00e1n REACT i Sp\u00e1innis<\/p>\n\n\n\n<figure class=\"wp-block-embed is-type-video is-provider-youtube wp-block-embed-youtube wp-embed-aspect-16-9 wp-has-aspect-ratio\"><div class=\"wp-block-embed__wrapper\">\n<iframe title=\"REACT - Isla de La Graciosa, Espa\u00f1a.\" width=\"1200\" height=\"675\" src=\"https:\/\/www.youtube.com\/embed\/Ftel_bk8JqI?feature=oembed\" frameborder=\"0\" allow=\"accelerometer; autoplay; clipboard-write; encrypted-media; gyroscope; picture-in-picture\" allowfullscreen><\/iframe>\n<\/div><\/figure>\n\n\n\n<p>F\u00edse\u00e1n REACT in Iod\u00e1ilis<\/p>\n\n\n\n<figure class=\"wp-block-embed is-type-video is-provider-youtube wp-block-embed-youtube wp-embed-aspect-16-9 wp-has-aspect-ratio\"><div class=\"wp-block-embed__wrapper\">\n<iframe title=\"REACT - Isola di San Pietro, Italia.\" width=\"1200\" height=\"675\" src=\"https:\/\/www.youtube.com\/embed\/Yl-hdR9IaBk?feature=oembed\" frameborder=\"0\" allow=\"accelerometer; autoplay; clipboard-write; encrypted-media; gyroscope; picture-in-picture\" allowfullscreen><\/iframe>\n<\/div><\/figure>\n\n\n\n<p>F\u00edse\u00e1n REACT i nGaeilge<\/p>\n\n\n\n<figure class=\"wp-block-embed is-type-video is-provider-youtube wp-block-embed-youtube wp-embed-aspect-16-9 wp-has-aspect-ratio\"><div class=\"wp-block-embed__wrapper\">\n<iframe title=\"REACT - Inis M\u00f3r, Oile\u00e1in \u00c1rann, \u00c9ire. \/ Inis M\u00f3r, Aran Islands, Ireland.\" width=\"1200\" height=\"675\" src=\"https:\/\/www.youtube.com\/embed\/Ik0W59OwZE8?feature=oembed\" frameborder=\"0\" allow=\"accelerometer; autoplay; clipboard-write; encrypted-media; gyroscope; picture-in-picture\" allowfullscreen><\/iframe>\n<\/div><\/figure>\n\n\n\n<p> Go raibh maith agat as f\u00e9achaint agus a roinnt!<\/p>\n\n\n\n<p>Tapaidh do dheis REACT a chur chun cinn!<\/p>\n\n\n\n<p><\/p>\n","protected":false},"excerpt":{"rendered":"<p>Is togra taighde 4 bliana \u00e9 REACT at\u00e1 maoinithe faoi Chl\u00e1r Horizon 2020. Is \u00e9 aidhm an togra n\u00e1 neamhspl\u00e9achas fuinnimh oile\u00e1nda a bhaint amach tr\u00ed \u00fas\u00e1id fhorleathan a bhaint as foins\u00ed fuinneamh inathnuaite, bainisti\u00fa a dh\u00e9anamh ar chathain a \u00fas\u00e1idtear fuinneamh, ag tabhairt san \u00e1ireamh na c\u00f3rais st\u00f3r\u00e1la fuinnimh at\u00e1 ar f\u00e1il, agus dul &#8230; <a title=\"T\u00e1 F\u00edse\u00e1n REACT ar f\u00e1il cheana f\u00e9in i dTeangacha eile!\" class=\"read-more\" href=\"https:\/\/react2020.eu\/ga\/2020\/11\/23\/ta-fisean-react-ar-fail-cheana-fein-i-dteangacha-eile\/\" aria-label=\"Read more about T\u00e1 F\u00edse\u00e1n REACT ar f\u00e1il cheana f\u00e9in i dTeangacha eile!\">Read more<\/a><\/p>\n","protected":false},"author":1,"featured_media":22645,"comment_status":"closed","ping_status":"open","sticky":false,"template":"","format":"standard","meta":{"inline_featured_image":false,"footnotes":""},"categories":[175],"tags":[244,245,352,210,181,213,174,252],"class_list":["post-23662","post","type-post","status-publish","format-standard","has-post-thumbnail","hentry","category-react-ga","tag-climate-change-ga","tag-climate-deal-ga","tag-community-engagement-ga","tag-energy-savings-ga","tag-horizon-2020-ga","tag-islands-energy-independency-ga","tag-react-ga","tag-video-ga"],"yoast_head":"<!-- This site is optimized with the Yoast SEO plugin v27.4 - https:\/\/yoast.com\/product\/yoast-seo-wordpress\/ -->\n<title>T\u00e1 F\u00edse\u00e1n REACT ar f\u00e1il cheana f\u00e9in i dTeangacha eile! - REACT 2020<\/title>\n<meta name=\"robots\" content=\"index, follow, max-snippet:-1, max-image-preview:large, max-video-preview:-1\" \/>\n<link rel=\"canonical\" href=\"https:\/\/react2020.eu\/ga\/2020\/11\/23\/ta-fisean-react-ar-fail-cheana-fein-i-dteangacha-eile\/\" \/>\n<meta property=\"og:locale\" content=\"ga_IE\" \/>\n<meta property=\"og:type\" content=\"article\" \/>\n<meta property=\"og:title\" content=\"T\u00e1 F\u00edse\u00e1n REACT ar f\u00e1il cheana f\u00e9in i dTeangacha eile! - REACT 2020\" \/>\n<meta property=\"og:description\" content=\"Is togra taighde 4 bliana \u00e9 REACT at\u00e1 maoinithe faoi Chl\u00e1r Horizon 2020. Is \u00e9 aidhm an togra n\u00e1 neamhspl\u00e9achas fuinnimh oile\u00e1nda a bhaint amach tr\u00ed \u00fas\u00e1id fhorleathan a bhaint as foins\u00ed fuinneamh inathnuaite, bainisti\u00fa a dh\u00e9anamh ar chathain a \u00fas\u00e1idtear fuinneamh, ag tabhairt san \u00e1ireamh na c\u00f3rais st\u00f3r\u00e1la fuinnimh at\u00e1 ar f\u00e1il, agus dul ... Read more\" \/>\n<meta property=\"og:url\" content=\"https:\/\/react2020.eu\/ga\/2020\/11\/23\/ta-fisean-react-ar-fail-cheana-fein-i-dteangacha-eile\/\" \/>\n<meta property=\"og:site_name\" content=\"REACT 2020\" \/>\n<meta property=\"article:published_time\" content=\"2020-11-23T22:13:00+00:00\" \/>\n<meta property=\"article:modified_time\" content=\"2021-01-15T10:47:45+00:00\" \/>\n<meta property=\"og:image\" content=\"https:\/\/react2020.eu\/wp-content\/uploads\/sites\/5\/2020\/11\/Captura-react.png\" \/>\n\t<meta property=\"og:image:width\" content=\"1103\" \/>\n\t<meta property=\"og:image:height\" content=\"566\" \/>\n\t<meta property=\"og:image:type\" content=\"image\/png\" \/>\n<meta name=\"author\" content=\"AdminCometPublishing\" \/>\n<meta name=\"twitter:card\" content=\"summary_large_image\" \/>\n<meta name=\"twitter:label1\" content=\"Written by\" \/>\n\t<meta name=\"twitter:data1\" content=\"AdminCometPublishing\" \/>\n\t<meta name=\"twitter:label2\" content=\"Est. reading time\" \/>\n\t<meta name=\"twitter:data2\" content=\"2 minutes\" \/>\n<script type=\"application\/ld+json\" class=\"yoast-schema-graph\">{\"@context\":\"https:\\\/\\\/schema.org\",\"@graph\":[{\"@type\":\"Article\",\"@id\":\"https:\\\/\\\/react2020.eu\\\/ga\\\/2020\\\/11\\\/23\\\/ta-fisean-react-ar-fail-cheana-fein-i-dteangacha-eile\\\/#article\",\"isPartOf\":{\"@id\":\"https:\\\/\\\/react2020.eu\\\/ga\\\/2020\\\/11\\\/23\\\/ta-fisean-react-ar-fail-cheana-fein-i-dteangacha-eile\\\/\"},\"author\":{\"name\":\"AdminCometPublishing\",\"@id\":\"https:\\\/\\\/react2020.eu\\\/#\\\/schema\\\/person\\\/e7d9c78a25d3d519f2588384a3fbea90\"},\"headline\":\"T\u00e1 F\u00edse\u00e1n REACT ar f\u00e1il cheana f\u00e9in i dTeangacha eile!\",\"datePublished\":\"2020-11-23T22:13:00+00:00\",\"dateModified\":\"2021-01-15T10:47:45+00:00\",\"mainEntityOfPage\":{\"@id\":\"https:\\\/\\\/react2020.eu\\\/ga\\\/2020\\\/11\\\/23\\\/ta-fisean-react-ar-fail-cheana-fein-i-dteangacha-eile\\\/\"},\"wordCount\":336,\"publisher\":{\"@id\":\"https:\\\/\\\/react2020.eu\\\/#organization\"},\"image\":{\"@id\":\"https:\\\/\\\/react2020.eu\\\/ga\\\/2020\\\/11\\\/23\\\/ta-fisean-react-ar-fail-cheana-fein-i-dteangacha-eile\\\/#primaryimage\"},\"thumbnailUrl\":\"https:\\\/\\\/react2020.eu\\\/wp-content\\\/uploads\\\/sites\\\/5\\\/2020\\\/11\\\/Captura-react.png\",\"keywords\":[\"climate change\",\"climate deal\",\"community engagement\",\"Energy savings\",\"horizon 2020\",\"islands energy independency\",\"REACT\",\"video\"],\"articleSection\":[\"REACT\"],\"inLanguage\":\"ga-IE\"},{\"@type\":\"WebPage\",\"@id\":\"https:\\\/\\\/react2020.eu\\\/ga\\\/2020\\\/11\\\/23\\\/ta-fisean-react-ar-fail-cheana-fein-i-dteangacha-eile\\\/\",\"url\":\"https:\\\/\\\/react2020.eu\\\/ga\\\/2020\\\/11\\\/23\\\/ta-fisean-react-ar-fail-cheana-fein-i-dteangacha-eile\\\/\",\"name\":\"T\u00e1 F\u00edse\u00e1n REACT ar f\u00e1il cheana f\u00e9in i dTeangacha eile! - REACT 2020\",\"isPartOf\":{\"@id\":\"https:\\\/\\\/react2020.eu\\\/#website\"},\"primaryImageOfPage\":{\"@id\":\"https:\\\/\\\/react2020.eu\\\/ga\\\/2020\\\/11\\\/23\\\/ta-fisean-react-ar-fail-cheana-fein-i-dteangacha-eile\\\/#primaryimage\"},\"image\":{\"@id\":\"https:\\\/\\\/react2020.eu\\\/ga\\\/2020\\\/11\\\/23\\\/ta-fisean-react-ar-fail-cheana-fein-i-dteangacha-eile\\\/#primaryimage\"},\"thumbnailUrl\":\"https:\\\/\\\/react2020.eu\\\/wp-content\\\/uploads\\\/sites\\\/5\\\/2020\\\/11\\\/Captura-react.png\",\"datePublished\":\"2020-11-23T22:13:00+00:00\",\"dateModified\":\"2021-01-15T10:47:45+00:00\",\"breadcrumb\":{\"@id\":\"https:\\\/\\\/react2020.eu\\\/ga\\\/2020\\\/11\\\/23\\\/ta-fisean-react-ar-fail-cheana-fein-i-dteangacha-eile\\\/#breadcrumb\"},\"inLanguage\":\"ga-IE\",\"potentialAction\":[{\"@type\":\"ReadAction\",\"target\":[\"https:\\\/\\\/react2020.eu\\\/ga\\\/2020\\\/11\\\/23\\\/ta-fisean-react-ar-fail-cheana-fein-i-dteangacha-eile\\\/\"]}]},{\"@type\":\"ImageObject\",\"inLanguage\":\"ga-IE\",\"@id\":\"https:\\\/\\\/react2020.eu\\\/ga\\\/2020\\\/11\\\/23\\\/ta-fisean-react-ar-fail-cheana-fein-i-dteangacha-eile\\\/#primaryimage\",\"url\":\"https:\\\/\\\/react2020.eu\\\/wp-content\\\/uploads\\\/sites\\\/5\\\/2020\\\/11\\\/Captura-react.png\",\"contentUrl\":\"https:\\\/\\\/react2020.eu\\\/wp-content\\\/uploads\\\/sites\\\/5\\\/2020\\\/11\\\/Captura-react.png\",\"width\":1103,\"height\":566},{\"@type\":\"BreadcrumbList\",\"@id\":\"https:\\\/\\\/react2020.eu\\\/ga\\\/2020\\\/11\\\/23\\\/ta-fisean-react-ar-fail-cheana-fein-i-dteangacha-eile\\\/#breadcrumb\",\"itemListElement\":[{\"@type\":\"ListItem\",\"position\":1,\"name\":\"Portada\",\"item\":\"https:\\\/\\\/react2020.eu\\\/\"},{\"@type\":\"ListItem\",\"position\":2,\"name\":\"T\u00e1 F\u00edse\u00e1n REACT ar f\u00e1il cheana f\u00e9in i dTeangacha eile!\"}]},{\"@type\":\"WebSite\",\"@id\":\"https:\\\/\\\/react2020.eu\\\/#website\",\"url\":\"https:\\\/\\\/react2020.eu\\\/\",\"name\":\"REACT 2020\",\"description\":\"REACT 2020 \u2013 Renewable Energy for Self-Sustainable Island Communties\",\"publisher\":{\"@id\":\"https:\\\/\\\/react2020.eu\\\/#organization\"},\"potentialAction\":[{\"@type\":\"SearchAction\",\"target\":{\"@type\":\"EntryPoint\",\"urlTemplate\":\"https:\\\/\\\/react2020.eu\\\/?s={search_term_string}\"},\"query-input\":{\"@type\":\"PropertyValueSpecification\",\"valueRequired\":true,\"valueName\":\"search_term_string\"}}],\"inLanguage\":\"ga-IE\"},{\"@type\":\"Organization\",\"@id\":\"https:\\\/\\\/react2020.eu\\\/#organization\",\"name\":\"REACT 2020\",\"url\":\"https:\\\/\\\/react2020.eu\\\/\",\"logo\":{\"@type\":\"ImageObject\",\"inLanguage\":\"ga-IE\",\"@id\":\"https:\\\/\\\/react2020.eu\\\/#\\\/schema\\\/logo\\\/image\\\/\",\"url\":\"https:\\\/\\\/react2020.eu\\\/wp-content\\\/uploads\\\/sites\\\/5\\\/2019\\\/07\\\/1.-REACT_Logo-horizontal_Color_RGB_2.png\",\"contentUrl\":\"https:\\\/\\\/react2020.eu\\\/wp-content\\\/uploads\\\/sites\\\/5\\\/2019\\\/07\\\/1.-REACT_Logo-horizontal_Color_RGB_2.png\",\"width\":1643,\"height\":419,\"caption\":\"REACT 2020\"},\"image\":{\"@id\":\"https:\\\/\\\/react2020.eu\\\/#\\\/schema\\\/logo\\\/image\\\/\"}},{\"@type\":\"Person\",\"@id\":\"https:\\\/\\\/react2020.eu\\\/#\\\/schema\\\/person\\\/e7d9c78a25d3d519f2588384a3fbea90\",\"name\":\"AdminCometPublishing\",\"image\":{\"@type\":\"ImageObject\",\"inLanguage\":\"ga-IE\",\"@id\":\"https:\\\/\\\/secure.gravatar.com\\\/avatar\\\/6ce858727fb26acaa2181992800c32363ecd1b00a21522a41880ad1b33a8ef96?s=96&d=mm&r=g\",\"url\":\"https:\\\/\\\/secure.gravatar.com\\\/avatar\\\/6ce858727fb26acaa2181992800c32363ecd1b00a21522a41880ad1b33a8ef96?s=96&d=mm&r=g\",\"contentUrl\":\"https:\\\/\\\/secure.gravatar.com\\\/avatar\\\/6ce858727fb26acaa2181992800c32363ecd1b00a21522a41880ad1b33a8ef96?s=96&d=mm&r=g\",\"caption\":\"AdminCometPublishing\"},\"sameAs\":[\"https:\\\/\\\/publishing.comet.technology\"],\"url\":\"https:\\\/\\\/react2020.eu\\\/ga\\\/author\\\/admincometpublishing\\\/\"}]}<\/script>\n<!-- \/ Yoast SEO plugin. -->","yoast_head_json":{"title":"T\u00e1 F\u00edse\u00e1n REACT ar f\u00e1il cheana f\u00e9in i dTeangacha eile! - REACT 2020","robots":{"index":"index","follow":"follow","max-snippet":"max-snippet:-1","max-image-preview":"max-image-preview:large","max-video-preview":"max-video-preview:-1"},"canonical":"https:\/\/react2020.eu\/ga\/2020\/11\/23\/ta-fisean-react-ar-fail-cheana-fein-i-dteangacha-eile\/","og_locale":"ga_IE","og_type":"article","og_title":"T\u00e1 F\u00edse\u00e1n REACT ar f\u00e1il cheana f\u00e9in i dTeangacha eile! - REACT 2020","og_description":"Is togra taighde 4 bliana \u00e9 REACT at\u00e1 maoinithe faoi Chl\u00e1r Horizon 2020. Is \u00e9 aidhm an togra n\u00e1 neamhspl\u00e9achas fuinnimh oile\u00e1nda a bhaint amach tr\u00ed \u00fas\u00e1id fhorleathan a bhaint as foins\u00ed fuinneamh inathnuaite, bainisti\u00fa a dh\u00e9anamh ar chathain a \u00fas\u00e1idtear fuinneamh, ag tabhairt san \u00e1ireamh na c\u00f3rais st\u00f3r\u00e1la fuinnimh at\u00e1 ar f\u00e1il, agus dul ... Read more","og_url":"https:\/\/react2020.eu\/ga\/2020\/11\/23\/ta-fisean-react-ar-fail-cheana-fein-i-dteangacha-eile\/","og_site_name":"REACT 2020","article_published_time":"2020-11-23T22:13:00+00:00","article_modified_time":"2021-01-15T10:47:45+00:00","og_image":[{"width":1103,"height":566,"url":"https:\/\/react2020.eu\/wp-content\/uploads\/sites\/5\/2020\/11\/Captura-react.png","type":"image\/png"}],"author":"AdminCometPublishing","twitter_card":"summary_large_image","twitter_misc":{"Written by":"AdminCometPublishing","Est. reading time":"2 minutes"},"schema":{"@context":"https:\/\/schema.org","@graph":[{"@type":"Article","@id":"https:\/\/react2020.eu\/ga\/2020\/11\/23\/ta-fisean-react-ar-fail-cheana-fein-i-dteangacha-eile\/#article","isPartOf":{"@id":"https:\/\/react2020.eu\/ga\/2020\/11\/23\/ta-fisean-react-ar-fail-cheana-fein-i-dteangacha-eile\/"},"author":{"name":"AdminCometPublishing","@id":"https:\/\/react2020.eu\/#\/schema\/person\/e7d9c78a25d3d519f2588384a3fbea90"},"headline":"T\u00e1 F\u00edse\u00e1n REACT ar f\u00e1il cheana f\u00e9in i dTeangacha eile!","datePublished":"2020-11-23T22:13:00+00:00","dateModified":"2021-01-15T10:47:45+00:00","mainEntityOfPage":{"@id":"https:\/\/react2020.eu\/ga\/2020\/11\/23\/ta-fisean-react-ar-fail-cheana-fein-i-dteangacha-eile\/"},"wordCount":336,"publisher":{"@id":"https:\/\/react2020.eu\/#organization"},"image":{"@id":"https:\/\/react2020.eu\/ga\/2020\/11\/23\/ta-fisean-react-ar-fail-cheana-fein-i-dteangacha-eile\/#primaryimage"},"thumbnailUrl":"https:\/\/react2020.eu\/wp-content\/uploads\/sites\/5\/2020\/11\/Captura-react.png","keywords":["climate change","climate deal","community engagement","Energy savings","horizon 2020","islands energy independency","REACT","video"],"articleSection":["REACT"],"inLanguage":"ga-IE"},{"@type":"WebPage","@id":"https:\/\/react2020.eu\/ga\/2020\/11\/23\/ta-fisean-react-ar-fail-cheana-fein-i-dteangacha-eile\/","url":"https:\/\/react2020.eu\/ga\/2020\/11\/23\/ta-fisean-react-ar-fail-cheana-fein-i-dteangacha-eile\/","name":"T\u00e1 F\u00edse\u00e1n REACT ar f\u00e1il cheana f\u00e9in i dTeangacha eile! - REACT 2020","isPartOf":{"@id":"https:\/\/react2020.eu\/#website"},"primaryImageOfPage":{"@id":"https:\/\/react2020.eu\/ga\/2020\/11\/23\/ta-fisean-react-ar-fail-cheana-fein-i-dteangacha-eile\/#primaryimage"},"image":{"@id":"https:\/\/react2020.eu\/ga\/2020\/11\/23\/ta-fisean-react-ar-fail-cheana-fein-i-dteangacha-eile\/#primaryimage"},"thumbnailUrl":"https:\/\/react2020.eu\/wp-content\/uploads\/sites\/5\/2020\/11\/Captura-react.png","datePublished":"2020-11-23T22:13:00+00:00","dateModified":"2021-01-15T10:47:45+00:00","breadcrumb":{"@id":"https:\/\/react2020.eu\/ga\/2020\/11\/23\/ta-fisean-react-ar-fail-cheana-fein-i-dteangacha-eile\/#breadcrumb"},"inLanguage":"ga-IE","potentialAction":[{"@type":"ReadAction","target":["https:\/\/react2020.eu\/ga\/2020\/11\/23\/ta-fisean-react-ar-fail-cheana-fein-i-dteangacha-eile\/"]}]},{"@type":"ImageObject","inLanguage":"ga-IE","@id":"https:\/\/react2020.eu\/ga\/2020\/11\/23\/ta-fisean-react-ar-fail-cheana-fein-i-dteangacha-eile\/#primaryimage","url":"https:\/\/react2020.eu\/wp-content\/uploads\/sites\/5\/2020\/11\/Captura-react.png","contentUrl":"https:\/\/react2020.eu\/wp-content\/uploads\/sites\/5\/2020\/11\/Captura-react.png","width":1103,"height":566},{"@type":"BreadcrumbList","@id":"https:\/\/react2020.eu\/ga\/2020\/11\/23\/ta-fisean-react-ar-fail-cheana-fein-i-dteangacha-eile\/#breadcrumb","itemListElement":[{"@type":"ListItem","position":1,"name":"Portada","item":"https:\/\/react2020.eu\/"},{"@type":"ListItem","position":2,"name":"T\u00e1 F\u00edse\u00e1n REACT ar f\u00e1il cheana f\u00e9in i dTeangacha eile!"}]},{"@type":"WebSite","@id":"https:\/\/react2020.eu\/#website","url":"https:\/\/react2020.eu\/","name":"REACT 2020","description":"REACT 2020 \u2013 Renewable Energy for Self-Sustainable Island Communties","publisher":{"@id":"https:\/\/react2020.eu\/#organization"},"potentialAction":[{"@type":"SearchAction","target":{"@type":"EntryPoint","urlTemplate":"https:\/\/react2020.eu\/?s={search_term_string}"},"query-input":{"@type":"PropertyValueSpecification","valueRequired":true,"valueName":"search_term_string"}}],"inLanguage":"ga-IE"},{"@type":"Organization","@id":"https:\/\/react2020.eu\/#organization","name":"REACT 2020","url":"https:\/\/react2020.eu\/","logo":{"@type":"ImageObject","inLanguage":"ga-IE","@id":"https:\/\/react2020.eu\/#\/schema\/logo\/image\/","url":"https:\/\/react2020.eu\/wp-content\/uploads\/sites\/5\/2019\/07\/1.-REACT_Logo-horizontal_Color_RGB_2.png","contentUrl":"https:\/\/react2020.eu\/wp-content\/uploads\/sites\/5\/2019\/07\/1.-REACT_Logo-horizontal_Color_RGB_2.png","width":1643,"height":419,"caption":"REACT 2020"},"image":{"@id":"https:\/\/react2020.eu\/#\/schema\/logo\/image\/"}},{"@type":"Person","@id":"https:\/\/react2020.eu\/#\/schema\/person\/e7d9c78a25d3d519f2588384a3fbea90","name":"AdminCometPublishing","image":{"@type":"ImageObject","inLanguage":"ga-IE","@id":"https:\/\/secure.gravatar.com\/avatar\/6ce858727fb26acaa2181992800c32363ecd1b00a21522a41880ad1b33a8ef96?s=96&d=mm&r=g","url":"https:\/\/secure.gravatar.com\/avatar\/6ce858727fb26acaa2181992800c32363ecd1b00a21522a41880ad1b33a8ef96?s=96&d=mm&r=g","contentUrl":"https:\/\/secure.gravatar.com\/avatar\/6ce858727fb26acaa2181992800c32363ecd1b00a21522a41880ad1b33a8ef96?s=96&d=mm&r=g","caption":"AdminCometPublishing"},"sameAs":["https:\/\/publishing.comet.technology"],"url":"https:\/\/react2020.eu\/ga\/author\/admincometpublishing\/"}]}},"_links":{"self":[{"href":"https:\/\/react2020.eu\/ga\/wp-json\/wp\/v2\/posts\/23662","targetHints":{"allow":["GET"]}}],"collection":[{"href":"https:\/\/react2020.eu\/ga\/wp-json\/wp\/v2\/posts"}],"about":[{"href":"https:\/\/react2020.eu\/ga\/wp-json\/wp\/v2\/types\/post"}],"author":[{"embeddable":true,"href":"https:\/\/react2020.eu\/ga\/wp-json\/wp\/v2\/users\/1"}],"replies":[{"embeddable":true,"href":"https:\/\/react2020.eu\/ga\/wp-json\/wp\/v2\/comments?post=23662"}],"version-history":[{"count":0,"href":"https:\/\/react2020.eu\/ga\/wp-json\/wp\/v2\/posts\/23662\/revisions"}],"wp:featuredmedia":[{"embeddable":true,"href":"https:\/\/react2020.eu\/ga\/wp-json\/wp\/v2\/media\/22645"}],"wp:attachment":[{"href":"https:\/\/react2020.eu\/ga\/wp-json\/wp\/v2\/media?parent=23662"}],"wp:term":[{"taxonomy":"category","embeddable":true,"href":"https:\/\/react2020.eu\/ga\/wp-json\/wp\/v2\/categories?post=23662"},{"taxonomy":"post_tag","embeddable":true,"href":"https:\/\/react2020.eu\/ga\/wp-json\/wp\/v2\/tags?post=23662"}],"curies":[{"name":"wp","href":"https:\/\/api.w.org\/{rel}","templated":true}]}}