{"id":23628,"date":"2020-02-17T14:47:00","date_gmt":"2020-02-17T14:47:00","guid":{"rendered":"https:\/\/react2020.publishing.comet.technology\/2021\/01\/13\/react-la-graciosa\/"},"modified":"2021-01-15T11:15:32","modified_gmt":"2021-01-15T11:15:32","slug":"react-la-graciosa","status":"publish","type":"post","link":"https:\/\/react2020.eu\/ga\/2020\/02\/17\/react-la-graciosa\/","title":{"rendered":"REACT @ La Graciosa!"},"content":{"rendered":"\n<p>Ar 25 Ean\u00e1ir, 2020, thug an Togra Eorpach REACT cuairt ar oile\u00e1n La Graciosa, ceann de na hoile\u00e1in ph\u00edol\u00f3tacha, chun bualadh leis an bpobal agus na pleananna feabhs\u00fach\u00e1in fuinnimh at\u00e1 curtha le ch\u00e9ile d\u00f3ibh a chur i l\u00e1thair.<\/p>\n\n\n\n<p>Is oile\u00e1n \u00e9 La Graciosa le pobal d\u00edreach os cionn 700 \u00e1itritheoir, lonnaithe laistigh de Thearmann Mara oile\u00e1nra Chinijo. Meastar gurb \u00e9 an \u201ctOcht\u00fa oile\u00e1n\u201d sna hOile\u00e1in Chan\u00e1racha \u00e9 agus is tearmann bithsf\u00e9ir \u00e9 freisin.<\/p>\n\n\n\n<p>Bh\u00ed an Comhairleoir, Alicia P\u00e1ez, \u00f3 Halla na Cathrach Teguise, i gceannas ar an gcuairt, in \u00e9ineacht le cuid de na p\u00e1irtn\u00e9ir\u00ed teicni\u00fala a bhaineann le braisle na Sp\u00e1inne de REACT: <a href=\"http:\/\/www.aielaspalmas.com\/\">Aielpa<\/a>,&nbsp;<a href=\"https:\/\/www.fenieenergia.es\/\">Fenie Energ\u00eda<\/a>,&nbsp;<a href=\"http:\/\/www.suministrosorduna.com\/\">Suministros Ordu\u00f1a<\/a> agus <a href=\"https:\/\/comet.technology\/en\/\">Comet Technology<\/a>.<\/p>\n\n\n\n<div class=\"wp-block-image\"><figure class=\"aligncenter\"><img decoding=\"async\" src=\"https:\/\/react2020.eu\/wp-content\/uploads\/sites\/5\/2020\/02\/20200125_REACT_pilot_Graciosa-70-1024x576.jpg\" alt=\"\" class=\"wp-image-21103\"\/><\/figure><\/div>\n\n\n\n<p><\/p>\n\n\n\n<p>Le linn na h\u00f3c\u00e1ide, pl\u00e9adh cusp\u00f3ir\u00ed agus riachtanais an togra le muintir La Graciosa, agus l\u00e9ir\u00edodh an gh\u00e1 le thart ar 20 rannph\u00e1irt\u00ed a chl\u00e1r\u00fa sa togra p\u00edol\u00f3tach d\u2019fhonn an taighde at\u00e1 beartaithe a dh\u00e9anamh.<\/p>\n\n\n\n<p>Is deis iontach \u00e9 seo d\u2019\u00e1itritheoir\u00ed La Graciosa. <strong>Tugann an togra deis do na rannph\u00e1irtithe a chomhl\u00edonann na riachtanais, suite\u00e1il c\u00f3ras fuinnimh in-athnuaite l\u00e1n-mhaoinithe comhdh\u00e9anta de phain\u00e9il ghr\u00e9ine f\u00f3tavoltach at\u00e1 ceangailte le cadhnra\u00ed litiam n\u00f3 luaidhe, cothabh\u00e1il na suite\u00e1lacha le linn r\u00e9 an togra agus buanseasmhacht na dteicneola\u00edochta\u00ed suite\u00e1ilte i dtithe na rannph\u00e1irtithe ag deireadh an togra.<\/strong><\/p>\n\n\n\n<figure class=\"wp-block-gallery columns-3 is-cropped wp-block-gallery-1 is-layout-flex wp-block-gallery-is-layout-flex\"><ul class=\"blocks-gallery-grid\"><li class=\"blocks-gallery-item\"><figure><img fetchpriority=\"high\" decoding=\"async\" width=\"1024\" height=\"576\" src=\"https:\/\/react2020.eu\/wp-content\/uploads\/sites\/5\/2020\/02\/20200125_REACT_pilot_Graciosa-52-1024x576.jpg\" alt=\"\" data-id=\"22348\" data-full-url=\"https:\/\/react2020.eu\/wp-content\/uploads\/sites\/5\/2020\/02\/20200125_REACT_pilot_Graciosa-52-scaled.jpg\" data-link=\"https:\/\/react2020.eu\/20200125_react_pilot_graciosa-52\/\" class=\"wp-image-22348\" srcset=\"https:\/\/react2020.eu\/wp-content\/uploads\/sites\/5\/2020\/02\/20200125_REACT_pilot_Graciosa-52-1024x576.jpg 1024w, https:\/\/react2020.eu\/wp-content\/uploads\/sites\/5\/2020\/02\/20200125_REACT_pilot_Graciosa-52-300x169.jpg 300w, https:\/\/react2020.eu\/wp-content\/uploads\/sites\/5\/2020\/02\/20200125_REACT_pilot_Graciosa-52-768x432.jpg 768w, https:\/\/react2020.eu\/wp-content\/uploads\/sites\/5\/2020\/02\/20200125_REACT_pilot_Graciosa-52-1536x864.jpg 1536w, https:\/\/react2020.eu\/wp-content\/uploads\/sites\/5\/2020\/02\/20200125_REACT_pilot_Graciosa-52-2048x1152.jpg 2048w\" sizes=\"(max-width: 1024px) 100vw, 1024px\" \/><\/figure><\/li><li class=\"blocks-gallery-item\"><figure><img decoding=\"async\" width=\"1024\" height=\"576\" src=\"https:\/\/react2020.eu\/wp-content\/uploads\/sites\/5\/2020\/02\/20200125_REACT_pilot_Graciosa-44-1024x576.jpg\" alt=\"\" data-id=\"22340\" data-full-url=\"https:\/\/react2020.eu\/wp-content\/uploads\/sites\/5\/2020\/02\/20200125_REACT_pilot_Graciosa-44-scaled.jpg\" data-link=\"https:\/\/react2020.eu\/20200125_react_pilot_graciosa-44\/\" class=\"wp-image-22340\" srcset=\"https:\/\/react2020.eu\/wp-content\/uploads\/sites\/5\/2020\/02\/20200125_REACT_pilot_Graciosa-44-1024x576.jpg 1024w, https:\/\/react2020.eu\/wp-content\/uploads\/sites\/5\/2020\/02\/20200125_REACT_pilot_Graciosa-44-300x169.jpg 300w, https:\/\/react2020.eu\/wp-content\/uploads\/sites\/5\/2020\/02\/20200125_REACT_pilot_Graciosa-44-768x432.jpg 768w, https:\/\/react2020.eu\/wp-content\/uploads\/sites\/5\/2020\/02\/20200125_REACT_pilot_Graciosa-44-1536x864.jpg 1536w, https:\/\/react2020.eu\/wp-content\/uploads\/sites\/5\/2020\/02\/20200125_REACT_pilot_Graciosa-44-2048x1152.jpg 2048w\" sizes=\"(max-width: 1024px) 100vw, 1024px\" \/><\/figure><\/li><li class=\"blocks-gallery-item\"><figure><img decoding=\"async\" width=\"1024\" height=\"576\" src=\"https:\/\/react2020.eu\/wp-content\/uploads\/sites\/5\/2020\/02\/20200125_REACT_pilot_Graciosa-63-1024x576.jpg\" alt=\"\" data-id=\"22352\" data-full-url=\"https:\/\/react2020.eu\/wp-content\/uploads\/sites\/5\/2020\/02\/20200125_REACT_pilot_Graciosa-63-scaled.jpg\" data-link=\"https:\/\/react2020.eu\/20200125_react_pilot_graciosa-63\/\" class=\"wp-image-22352\" srcset=\"https:\/\/react2020.eu\/wp-content\/uploads\/sites\/5\/2020\/02\/20200125_REACT_pilot_Graciosa-63-1024x576.jpg 1024w, https:\/\/react2020.eu\/wp-content\/uploads\/sites\/5\/2020\/02\/20200125_REACT_pilot_Graciosa-63-300x169.jpg 300w, https:\/\/react2020.eu\/wp-content\/uploads\/sites\/5\/2020\/02\/20200125_REACT_pilot_Graciosa-63-768x432.jpg 768w, https:\/\/react2020.eu\/wp-content\/uploads\/sites\/5\/2020\/02\/20200125_REACT_pilot_Graciosa-63-1536x864.jpg 1536w, https:\/\/react2020.eu\/wp-content\/uploads\/sites\/5\/2020\/02\/20200125_REACT_pilot_Graciosa-63-2048x1152.jpg 2048w\" sizes=\"(max-width: 1024px) 100vw, 1024px\" \/><\/figure><\/li><\/ul><\/figure>\n\n\n\n<p>Bunt\u00e1iste eile a bhaineann le togra REACT n\u00e1 a thoilteanas cur le f\u00e9in-inbhuanaitheacht an oile\u00e1in tr\u00ed chomhdh\u00e9anamh me\u00e1nt\u00e9armach na gComhphobal Fuinnimh. Beidh s\u00e9 an-t\u00e1bhachtach le linn thr\u00e9imhse an togra an t-eolas a shol\u00e1thar don phobal chun f\u00e9inbhainisti\u00fa a dh\u00e9anamh, \u00f3s rud \u00e9 gurb iad \u00e1itritheoir\u00ed an oile\u00e1in na daoine a bheidh freagrach as neamhsple\u00e1chas fuinnimh La Graciosa a chur chun cinn sa todhcha\u00ed.<\/p>\n\n\n\n<p>Thug a gcuairt ar an oile\u00e1n deis do ph\u00e1irtn\u00e9ir\u00ed teicni\u00fala an togra t\u00fas a chur le cuairteanna duine le duine ar thithe agus ar \u00e1itribh na ndaoine ar sp\u00e9is leo bheith p\u00e1irteach sa togra. Ba \u00e9 an cusp\u00f3ir n\u00e1 an ch\u00e9ad mheast\u00f3ireacht a dh\u00e9anamh ar na foirgnimh agus ceistneoir a l\u00edonadh chun f\u00e9achaint an gcomhl\u00edontar na bunriachtanais theicni\u00fala at\u00e1 de dh\u00edth chun p\u00e1irt a ghlacadh agus na ceadanna riachtanacha a fh\u00e1il.<\/p>\n\n\n\n<figure class=\"wp-block-gallery columns-2 is-cropped wp-block-gallery-2 is-layout-flex wp-block-gallery-is-layout-flex\"><ul class=\"blocks-gallery-grid\"><li class=\"blocks-gallery-item\"><figure><img loading=\"lazy\" decoding=\"async\" width=\"1024\" height=\"576\" src=\"https:\/\/react2020.eu\/wp-content\/uploads\/sites\/5\/2020\/02\/20200125_REACT_pilot_Graciosa-27-1024x576.jpg\" alt=\"\" data-id=\"22332\" data-full-url=\"https:\/\/react2020.eu\/wp-content\/uploads\/sites\/5\/2020\/02\/20200125_REACT_pilot_Graciosa-27-scaled.jpg\" data-link=\"https:\/\/react2020.eu\/20200125_react_pilot_graciosa-27\/\" class=\"wp-image-22332\" srcset=\"https:\/\/react2020.eu\/wp-content\/uploads\/sites\/5\/2020\/02\/20200125_REACT_pilot_Graciosa-27-1024x576.jpg 1024w, https:\/\/react2020.eu\/wp-content\/uploads\/sites\/5\/2020\/02\/20200125_REACT_pilot_Graciosa-27-300x169.jpg 300w, https:\/\/react2020.eu\/wp-content\/uploads\/sites\/5\/2020\/02\/20200125_REACT_pilot_Graciosa-27-768x432.jpg 768w, https:\/\/react2020.eu\/wp-content\/uploads\/sites\/5\/2020\/02\/20200125_REACT_pilot_Graciosa-27-1536x864.jpg 1536w, https:\/\/react2020.eu\/wp-content\/uploads\/sites\/5\/2020\/02\/20200125_REACT_pilot_Graciosa-27-2048x1152.jpg 2048w\" sizes=\"(max-width: 1024px) 100vw, 1024px\" \/><\/figure><\/li><li class=\"blocks-gallery-item\"><figure><img loading=\"lazy\" decoding=\"async\" width=\"1024\" height=\"576\" src=\"https:\/\/react2020.eu\/wp-content\/uploads\/sites\/5\/2020\/02\/20200125_REACT_pilot_Graciosa-25-1024x576.jpg\" alt=\"\" data-id=\"22328\" data-full-url=\"https:\/\/react2020.eu\/wp-content\/uploads\/sites\/5\/2020\/02\/20200125_REACT_pilot_Graciosa-25-scaled.jpg\" data-link=\"https:\/\/react2020.eu\/20200125_react_pilot_graciosa-25\/\" class=\"wp-image-22328\" srcset=\"https:\/\/react2020.eu\/wp-content\/uploads\/sites\/5\/2020\/02\/20200125_REACT_pilot_Graciosa-25-1024x576.jpg 1024w, https:\/\/react2020.eu\/wp-content\/uploads\/sites\/5\/2020\/02\/20200125_REACT_pilot_Graciosa-25-300x169.jpg 300w, https:\/\/react2020.eu\/wp-content\/uploads\/sites\/5\/2020\/02\/20200125_REACT_pilot_Graciosa-25-768x432.jpg 768w, https:\/\/react2020.eu\/wp-content\/uploads\/sites\/5\/2020\/02\/20200125_REACT_pilot_Graciosa-25-1536x864.jpg 1536w, https:\/\/react2020.eu\/wp-content\/uploads\/sites\/5\/2020\/02\/20200125_REACT_pilot_Graciosa-25-2048x1151.jpg 2048w\" sizes=\"(max-width: 1024px) 100vw, 1024px\" \/><\/figure><\/li><\/ul><\/figure>\n\n\n\n<p>T\u00e1imid f\u00f3s ag lorg daoine le p\u00e1irt a ghlacadh sa togra! M\u00e1 t\u00e1 suim agat p\u00e1irt a ghlacadh, d\u00e9an teagmh\u00e1il linn ag an r\u00edomhphost seo a leanas: <strong>info@react2020.eu<\/strong><\/p>\n\n\n\n<p><a href=\"https:\/\/react2020.eu\/wp-content\/uploads\/sites\/5\/2020\/03\/REACT-Presentacion-La-Graciosa-Enero-2020.pdf\">Agus m\u00e1 chaill t\u00fa an cur i l\u00e1thair, is f\u00e9idir leat an comhad a cuireadh i l\u00e1thair ag an \u00f3c\u00e1id a \u00edosl\u00f3d\u00e1il anseo chun na sonra\u00ed teicni\u00fala go l\u00e9ir a bheith ar eolas agat.<\/a> (Cur i l\u00e1thair Powerpoint i Sp\u00e1innis).<\/p>\n\n\n\n<figure class=\"wp-block-embed is-type-video is-provider-youtube wp-block-embed-youtube wp-embed-aspect-16-9 wp-has-aspect-ratio\"><div class=\"wp-block-embed__wrapper\">\n<iframe title=\"REACT: Presentation in La Graciosa (English)\" width=\"1200\" height=\"675\" src=\"https:\/\/www.youtube.com\/embed\/vcxe1-Im4uM?feature=oembed\" frameborder=\"0\" allow=\"accelerometer; autoplay; clipboard-write; encrypted-media; gyroscope; picture-in-picture\" allowfullscreen><\/iframe>\n<\/div><\/figure>\n\n\n\n<p>Scr\u00edofa ag: Ver\u00f3nica agus Alexandra Zerpa &#8211;&nbsp;<a href=\"https:\/\/comet.technology\/en\/\">COMET<\/a><\/p>\n","protected":false},"excerpt":{"rendered":"<p>Ar 25 Ean\u00e1ir, 2020, thug an Togra Eorpach REACT cuairt ar oile\u00e1n La Graciosa, ceann de na hoile\u00e1in ph\u00edol\u00f3tacha, chun bualadh leis an bpobal agus na pleananna feabhs\u00fach\u00e1in fuinnimh at\u00e1 curtha le ch\u00e9ile d\u00f3ibh a chur i l\u00e1thair. Is oile\u00e1n \u00e9 La Graciosa le pobal d\u00edreach os cionn 700 \u00e1itritheoir, lonnaithe laistigh de Thearmann Mara &#8230; <a title=\"REACT @ La Graciosa!\" class=\"read-more\" href=\"https:\/\/react2020.eu\/ga\/2020\/02\/17\/react-la-graciosa\/\" aria-label=\"Read more about REACT @ La Graciosa!\">Read more<\/a><\/p>\n","protected":false},"author":1,"featured_media":22325,"comment_status":"closed","ping_status":"open","sticky":false,"template":"","format":"standard","meta":{"inline_featured_image":false,"footnotes":""},"categories":[191,166],"tags":[273,274,275,276,190,178,277,236,278,279,280,174,183],"class_list":["post-23628","post","type-post","status-publish","format-standard","has-post-thumbnail","hentry","category-piolotacha","category-uncategorized-ga","tag-aielpa-ga","tag-ayuntamiento-de-teguise-ga","tag-comet-technology-ga","tag-comunidad-energetica-ga","tag-energy-community-ga","tag-energy-storage-ga","tag-fenie-energia-ga","tag-la-graciosa-ga","tag-orduna-ga","tag-pilotos-ga","tag-piolotacha","tag-react-ga","tag-renewable-energy-ga"],"yoast_head":"<!-- This site is optimized with the Yoast SEO plugin v27.4 - https:\/\/yoast.com\/product\/yoast-seo-wordpress\/ -->\n<title>REACT @ La Graciosa! - REACT 2020<\/title>\n<meta name=\"robots\" content=\"index, follow, max-snippet:-1, max-image-preview:large, max-video-preview:-1\" \/>\n<link rel=\"canonical\" href=\"https:\/\/react2020.eu\/ga\/2020\/02\/17\/react-la-graciosa\/\" \/>\n<meta property=\"og:locale\" content=\"ga_IE\" \/>\n<meta property=\"og:type\" content=\"article\" \/>\n<meta property=\"og:title\" content=\"REACT @ La Graciosa! - REACT 2020\" \/>\n<meta property=\"og:description\" content=\"Ar 25 Ean\u00e1ir, 2020, thug an Togra Eorpach REACT cuairt ar oile\u00e1n La Graciosa, ceann de na hoile\u00e1in ph\u00edol\u00f3tacha, chun bualadh leis an bpobal agus na pleananna feabhs\u00fach\u00e1in fuinnimh at\u00e1 curtha le ch\u00e9ile d\u00f3ibh a chur i l\u00e1thair. Is oile\u00e1n \u00e9 La Graciosa le pobal d\u00edreach os cionn 700 \u00e1itritheoir, lonnaithe laistigh de Thearmann Mara ... Read more\" \/>\n<meta property=\"og:url\" content=\"https:\/\/react2020.eu\/ga\/2020\/02\/17\/react-la-graciosa\/\" \/>\n<meta property=\"og:site_name\" content=\"REACT 2020\" \/>\n<meta property=\"article:published_time\" content=\"2020-02-17T14:47:00+00:00\" \/>\n<meta property=\"article:modified_time\" content=\"2021-01-15T11:15:32+00:00\" \/>\n<meta property=\"og:image\" content=\"https:\/\/react2020.eu\/wp-content\/uploads\/sites\/5\/2020\/02\/20200125_REACT_pilot_Graciosa-20-scaled.jpg\" \/>\n\t<meta property=\"og:image:width\" content=\"2560\" \/>\n\t<meta property=\"og:image:height\" content=\"1440\" \/>\n\t<meta property=\"og:image:type\" content=\"image\/jpeg\" \/>\n<meta name=\"author\" content=\"AdminCometPublishing\" \/>\n<meta name=\"twitter:card\" content=\"summary_large_image\" \/>\n<meta name=\"twitter:label1\" content=\"Written by\" \/>\n\t<meta name=\"twitter:data1\" content=\"AdminCometPublishing\" \/>\n\t<meta name=\"twitter:label2\" content=\"Est. reading time\" \/>\n\t<meta name=\"twitter:data2\" content=\"4 minutes\" \/>\n<script type=\"application\/ld+json\" class=\"yoast-schema-graph\">{\"@context\":\"https:\\\/\\\/schema.org\",\"@graph\":[{\"@type\":\"Article\",\"@id\":\"https:\\\/\\\/react2020.eu\\\/ga\\\/2020\\\/02\\\/17\\\/react-la-graciosa\\\/#article\",\"isPartOf\":{\"@id\":\"https:\\\/\\\/react2020.eu\\\/ga\\\/2020\\\/02\\\/17\\\/react-la-graciosa\\\/\"},\"author\":{\"name\":\"AdminCometPublishing\",\"@id\":\"https:\\\/\\\/react2020.eu\\\/#\\\/schema\\\/person\\\/e7d9c78a25d3d519f2588384a3fbea90\"},\"headline\":\"REACT @ La Graciosa!\",\"datePublished\":\"2020-02-17T14:47:00+00:00\",\"dateModified\":\"2021-01-15T11:15:32+00:00\",\"mainEntityOfPage\":{\"@id\":\"https:\\\/\\\/react2020.eu\\\/ga\\\/2020\\\/02\\\/17\\\/react-la-graciosa\\\/\"},\"wordCount\":520,\"publisher\":{\"@id\":\"https:\\\/\\\/react2020.eu\\\/#organization\"},\"image\":{\"@id\":\"https:\\\/\\\/react2020.eu\\\/ga\\\/2020\\\/02\\\/17\\\/react-la-graciosa\\\/#primaryimage\"},\"thumbnailUrl\":\"https:\\\/\\\/react2020.eu\\\/wp-content\\\/uploads\\\/sites\\\/5\\\/2020\\\/02\\\/20200125_REACT_pilot_Graciosa-20-scaled.jpg\",\"keywords\":[\"AIELPA\",\"Ayuntamiento de Teguise\",\"Comet Technology\",\"Comunidad energ\u00e9tica\",\"Energy Community\",\"Energy Storage\",\"Fenie Energ\u00eda\",\"La Graciosa\",\"Ordu\u00f1a\",\"Pilotos\",\"P\u00cdOL\u00d3TACHA\",\"REACT\",\"Renewable Energy\"],\"articleSection\":[\"P\u00cdOL\u00d3TACHA\",\"Uncategorized @ga\"],\"inLanguage\":\"ga-IE\"},{\"@type\":\"WebPage\",\"@id\":\"https:\\\/\\\/react2020.eu\\\/ga\\\/2020\\\/02\\\/17\\\/react-la-graciosa\\\/\",\"url\":\"https:\\\/\\\/react2020.eu\\\/ga\\\/2020\\\/02\\\/17\\\/react-la-graciosa\\\/\",\"name\":\"REACT @ La Graciosa! - REACT 2020\",\"isPartOf\":{\"@id\":\"https:\\\/\\\/react2020.eu\\\/#website\"},\"primaryImageOfPage\":{\"@id\":\"https:\\\/\\\/react2020.eu\\\/ga\\\/2020\\\/02\\\/17\\\/react-la-graciosa\\\/#primaryimage\"},\"image\":{\"@id\":\"https:\\\/\\\/react2020.eu\\\/ga\\\/2020\\\/02\\\/17\\\/react-la-graciosa\\\/#primaryimage\"},\"thumbnailUrl\":\"https:\\\/\\\/react2020.eu\\\/wp-content\\\/uploads\\\/sites\\\/5\\\/2020\\\/02\\\/20200125_REACT_pilot_Graciosa-20-scaled.jpg\",\"datePublished\":\"2020-02-17T14:47:00+00:00\",\"dateModified\":\"2021-01-15T11:15:32+00:00\",\"breadcrumb\":{\"@id\":\"https:\\\/\\\/react2020.eu\\\/ga\\\/2020\\\/02\\\/17\\\/react-la-graciosa\\\/#breadcrumb\"},\"inLanguage\":\"ga-IE\",\"potentialAction\":[{\"@type\":\"ReadAction\",\"target\":[\"https:\\\/\\\/react2020.eu\\\/ga\\\/2020\\\/02\\\/17\\\/react-la-graciosa\\\/\"]}]},{\"@type\":\"ImageObject\",\"inLanguage\":\"ga-IE\",\"@id\":\"https:\\\/\\\/react2020.eu\\\/ga\\\/2020\\\/02\\\/17\\\/react-la-graciosa\\\/#primaryimage\",\"url\":\"https:\\\/\\\/react2020.eu\\\/wp-content\\\/uploads\\\/sites\\\/5\\\/2020\\\/02\\\/20200125_REACT_pilot_Graciosa-20-scaled.jpg\",\"contentUrl\":\"https:\\\/\\\/react2020.eu\\\/wp-content\\\/uploads\\\/sites\\\/5\\\/2020\\\/02\\\/20200125_REACT_pilot_Graciosa-20-scaled.jpg\",\"width\":2560,\"height\":1440},{\"@type\":\"BreadcrumbList\",\"@id\":\"https:\\\/\\\/react2020.eu\\\/ga\\\/2020\\\/02\\\/17\\\/react-la-graciosa\\\/#breadcrumb\",\"itemListElement\":[{\"@type\":\"ListItem\",\"position\":1,\"name\":\"Portada\",\"item\":\"https:\\\/\\\/react2020.eu\\\/\"},{\"@type\":\"ListItem\",\"position\":2,\"name\":\"REACT @ La Graciosa!\"}]},{\"@type\":\"WebSite\",\"@id\":\"https:\\\/\\\/react2020.eu\\\/#website\",\"url\":\"https:\\\/\\\/react2020.eu\\\/\",\"name\":\"REACT 2020\",\"description\":\"REACT 2020 \u2013 Renewable Energy for Self-Sustainable Island Communties\",\"publisher\":{\"@id\":\"https:\\\/\\\/react2020.eu\\\/#organization\"},\"potentialAction\":[{\"@type\":\"SearchAction\",\"target\":{\"@type\":\"EntryPoint\",\"urlTemplate\":\"https:\\\/\\\/react2020.eu\\\/?s={search_term_string}\"},\"query-input\":{\"@type\":\"PropertyValueSpecification\",\"valueRequired\":true,\"valueName\":\"search_term_string\"}}],\"inLanguage\":\"ga-IE\"},{\"@type\":\"Organization\",\"@id\":\"https:\\\/\\\/react2020.eu\\\/#organization\",\"name\":\"REACT 2020\",\"url\":\"https:\\\/\\\/react2020.eu\\\/\",\"logo\":{\"@type\":\"ImageObject\",\"inLanguage\":\"ga-IE\",\"@id\":\"https:\\\/\\\/react2020.eu\\\/#\\\/schema\\\/logo\\\/image\\\/\",\"url\":\"https:\\\/\\\/react2020.eu\\\/wp-content\\\/uploads\\\/sites\\\/5\\\/2019\\\/07\\\/1.-REACT_Logo-horizontal_Color_RGB_2.png\",\"contentUrl\":\"https:\\\/\\\/react2020.eu\\\/wp-content\\\/uploads\\\/sites\\\/5\\\/2019\\\/07\\\/1.-REACT_Logo-horizontal_Color_RGB_2.png\",\"width\":1643,\"height\":419,\"caption\":\"REACT 2020\"},\"image\":{\"@id\":\"https:\\\/\\\/react2020.eu\\\/#\\\/schema\\\/logo\\\/image\\\/\"}},{\"@type\":\"Person\",\"@id\":\"https:\\\/\\\/react2020.eu\\\/#\\\/schema\\\/person\\\/e7d9c78a25d3d519f2588384a3fbea90\",\"name\":\"AdminCometPublishing\",\"image\":{\"@type\":\"ImageObject\",\"inLanguage\":\"ga-IE\",\"@id\":\"https:\\\/\\\/secure.gravatar.com\\\/avatar\\\/6ce858727fb26acaa2181992800c32363ecd1b00a21522a41880ad1b33a8ef96?s=96&d=mm&r=g\",\"url\":\"https:\\\/\\\/secure.gravatar.com\\\/avatar\\\/6ce858727fb26acaa2181992800c32363ecd1b00a21522a41880ad1b33a8ef96?s=96&d=mm&r=g\",\"contentUrl\":\"https:\\\/\\\/secure.gravatar.com\\\/avatar\\\/6ce858727fb26acaa2181992800c32363ecd1b00a21522a41880ad1b33a8ef96?s=96&d=mm&r=g\",\"caption\":\"AdminCometPublishing\"},\"sameAs\":[\"https:\\\/\\\/publishing.comet.technology\"],\"url\":\"https:\\\/\\\/react2020.eu\\\/ga\\\/author\\\/admincometpublishing\\\/\"}]}<\/script>\n<!-- \/ Yoast SEO plugin. -->","yoast_head_json":{"title":"REACT @ La Graciosa! - REACT 2020","robots":{"index":"index","follow":"follow","max-snippet":"max-snippet:-1","max-image-preview":"max-image-preview:large","max-video-preview":"max-video-preview:-1"},"canonical":"https:\/\/react2020.eu\/ga\/2020\/02\/17\/react-la-graciosa\/","og_locale":"ga_IE","og_type":"article","og_title":"REACT @ La Graciosa! - REACT 2020","og_description":"Ar 25 Ean\u00e1ir, 2020, thug an Togra Eorpach REACT cuairt ar oile\u00e1n La Graciosa, ceann de na hoile\u00e1in ph\u00edol\u00f3tacha, chun bualadh leis an bpobal agus na pleananna feabhs\u00fach\u00e1in fuinnimh at\u00e1 curtha le ch\u00e9ile d\u00f3ibh a chur i l\u00e1thair. Is oile\u00e1n \u00e9 La Graciosa le pobal d\u00edreach os cionn 700 \u00e1itritheoir, lonnaithe laistigh de Thearmann Mara ... Read more","og_url":"https:\/\/react2020.eu\/ga\/2020\/02\/17\/react-la-graciosa\/","og_site_name":"REACT 2020","article_published_time":"2020-02-17T14:47:00+00:00","article_modified_time":"2021-01-15T11:15:32+00:00","og_image":[{"width":2560,"height":1440,"url":"https:\/\/react2020.eu\/wp-content\/uploads\/sites\/5\/2020\/02\/20200125_REACT_pilot_Graciosa-20-scaled.jpg","type":"image\/jpeg"}],"author":"AdminCometPublishing","twitter_card":"summary_large_image","twitter_misc":{"Written by":"AdminCometPublishing","Est. reading time":"4 minutes"},"schema":{"@context":"https:\/\/schema.org","@graph":[{"@type":"Article","@id":"https:\/\/react2020.eu\/ga\/2020\/02\/17\/react-la-graciosa\/#article","isPartOf":{"@id":"https:\/\/react2020.eu\/ga\/2020\/02\/17\/react-la-graciosa\/"},"author":{"name":"AdminCometPublishing","@id":"https:\/\/react2020.eu\/#\/schema\/person\/e7d9c78a25d3d519f2588384a3fbea90"},"headline":"REACT @ La Graciosa!","datePublished":"2020-02-17T14:47:00+00:00","dateModified":"2021-01-15T11:15:32+00:00","mainEntityOfPage":{"@id":"https:\/\/react2020.eu\/ga\/2020\/02\/17\/react-la-graciosa\/"},"wordCount":520,"publisher":{"@id":"https:\/\/react2020.eu\/#organization"},"image":{"@id":"https:\/\/react2020.eu\/ga\/2020\/02\/17\/react-la-graciosa\/#primaryimage"},"thumbnailUrl":"https:\/\/react2020.eu\/wp-content\/uploads\/sites\/5\/2020\/02\/20200125_REACT_pilot_Graciosa-20-scaled.jpg","keywords":["AIELPA","Ayuntamiento de Teguise","Comet Technology","Comunidad energ\u00e9tica","Energy Community","Energy Storage","Fenie Energ\u00eda","La Graciosa","Ordu\u00f1a","Pilotos","P\u00cdOL\u00d3TACHA","REACT","Renewable Energy"],"articleSection":["P\u00cdOL\u00d3TACHA","Uncategorized @ga"],"inLanguage":"ga-IE"},{"@type":"WebPage","@id":"https:\/\/react2020.eu\/ga\/2020\/02\/17\/react-la-graciosa\/","url":"https:\/\/react2020.eu\/ga\/2020\/02\/17\/react-la-graciosa\/","name":"REACT @ La Graciosa! - REACT 2020","isPartOf":{"@id":"https:\/\/react2020.eu\/#website"},"primaryImageOfPage":{"@id":"https:\/\/react2020.eu\/ga\/2020\/02\/17\/react-la-graciosa\/#primaryimage"},"image":{"@id":"https:\/\/react2020.eu\/ga\/2020\/02\/17\/react-la-graciosa\/#primaryimage"},"thumbnailUrl":"https:\/\/react2020.eu\/wp-content\/uploads\/sites\/5\/2020\/02\/20200125_REACT_pilot_Graciosa-20-scaled.jpg","datePublished":"2020-02-17T14:47:00+00:00","dateModified":"2021-01-15T11:15:32+00:00","breadcrumb":{"@id":"https:\/\/react2020.eu\/ga\/2020\/02\/17\/react-la-graciosa\/#breadcrumb"},"inLanguage":"ga-IE","potentialAction":[{"@type":"ReadAction","target":["https:\/\/react2020.eu\/ga\/2020\/02\/17\/react-la-graciosa\/"]}]},{"@type":"ImageObject","inLanguage":"ga-IE","@id":"https:\/\/react2020.eu\/ga\/2020\/02\/17\/react-la-graciosa\/#primaryimage","url":"https:\/\/react2020.eu\/wp-content\/uploads\/sites\/5\/2020\/02\/20200125_REACT_pilot_Graciosa-20-scaled.jpg","contentUrl":"https:\/\/react2020.eu\/wp-content\/uploads\/sites\/5\/2020\/02\/20200125_REACT_pilot_Graciosa-20-scaled.jpg","width":2560,"height":1440},{"@type":"BreadcrumbList","@id":"https:\/\/react2020.eu\/ga\/2020\/02\/17\/react-la-graciosa\/#breadcrumb","itemListElement":[{"@type":"ListItem","position":1,"name":"Portada","item":"https:\/\/react2020.eu\/"},{"@type":"ListItem","position":2,"name":"REACT @ La Graciosa!"}]},{"@type":"WebSite","@id":"https:\/\/react2020.eu\/#website","url":"https:\/\/react2020.eu\/","name":"REACT 2020","description":"REACT 2020 \u2013 Renewable Energy for Self-Sustainable Island Communties","publisher":{"@id":"https:\/\/react2020.eu\/#organization"},"potentialAction":[{"@type":"SearchAction","target":{"@type":"EntryPoint","urlTemplate":"https:\/\/react2020.eu\/?s={search_term_string}"},"query-input":{"@type":"PropertyValueSpecification","valueRequired":true,"valueName":"search_term_string"}}],"inLanguage":"ga-IE"},{"@type":"Organization","@id":"https:\/\/react2020.eu\/#organization","name":"REACT 2020","url":"https:\/\/react2020.eu\/","logo":{"@type":"ImageObject","inLanguage":"ga-IE","@id":"https:\/\/react2020.eu\/#\/schema\/logo\/image\/","url":"https:\/\/react2020.eu\/wp-content\/uploads\/sites\/5\/2019\/07\/1.-REACT_Logo-horizontal_Color_RGB_2.png","contentUrl":"https:\/\/react2020.eu\/wp-content\/uploads\/sites\/5\/2019\/07\/1.-REACT_Logo-horizontal_Color_RGB_2.png","width":1643,"height":419,"caption":"REACT 2020"},"image":{"@id":"https:\/\/react2020.eu\/#\/schema\/logo\/image\/"}},{"@type":"Person","@id":"https:\/\/react2020.eu\/#\/schema\/person\/e7d9c78a25d3d519f2588384a3fbea90","name":"AdminCometPublishing","image":{"@type":"ImageObject","inLanguage":"ga-IE","@id":"https:\/\/secure.gravatar.com\/avatar\/6ce858727fb26acaa2181992800c32363ecd1b00a21522a41880ad1b33a8ef96?s=96&d=mm&r=g","url":"https:\/\/secure.gravatar.com\/avatar\/6ce858727fb26acaa2181992800c32363ecd1b00a21522a41880ad1b33a8ef96?s=96&d=mm&r=g","contentUrl":"https:\/\/secure.gravatar.com\/avatar\/6ce858727fb26acaa2181992800c32363ecd1b00a21522a41880ad1b33a8ef96?s=96&d=mm&r=g","caption":"AdminCometPublishing"},"sameAs":["https:\/\/publishing.comet.technology"],"url":"https:\/\/react2020.eu\/ga\/author\/admincometpublishing\/"}]}},"_links":{"self":[{"href":"https:\/\/react2020.eu\/ga\/wp-json\/wp\/v2\/posts\/23628","targetHints":{"allow":["GET"]}}],"collection":[{"href":"https:\/\/react2020.eu\/ga\/wp-json\/wp\/v2\/posts"}],"about":[{"href":"https:\/\/react2020.eu\/ga\/wp-json\/wp\/v2\/types\/post"}],"author":[{"embeddable":true,"href":"https:\/\/react2020.eu\/ga\/wp-json\/wp\/v2\/users\/1"}],"replies":[{"embeddable":true,"href":"https:\/\/react2020.eu\/ga\/wp-json\/wp\/v2\/comments?post=23628"}],"version-history":[{"count":0,"href":"https:\/\/react2020.eu\/ga\/wp-json\/wp\/v2\/posts\/23628\/revisions"}],"wp:featuredmedia":[{"embeddable":true,"href":"https:\/\/react2020.eu\/ga\/wp-json\/wp\/v2\/media\/22325"}],"wp:attachment":[{"href":"https:\/\/react2020.eu\/ga\/wp-json\/wp\/v2\/media?parent=23628"}],"wp:term":[{"taxonomy":"category","embeddable":true,"href":"https:\/\/react2020.eu\/ga\/wp-json\/wp\/v2\/categories?post=23628"},{"taxonomy":"post_tag","embeddable":true,"href":"https:\/\/react2020.eu\/ga\/wp-json\/wp\/v2\/tags?post=23628"}],"curies":[{"name":"wp","href":"https:\/\/api.w.org\/{rel}","templated":true}]}}