{"id":26719,"date":"2023-04-17T16:08:15","date_gmt":"2023-04-17T16:08:15","guid":{"rendered":"https:\/\/react2020.eu\/2023\/04\/17\/react-primer-taller-la-reunion\/"},"modified":"2023-05-10T07:28:49","modified_gmt":"2023-05-10T07:28:49","slug":"react-primer-taller-la-reunion","status":"publish","type":"post","link":"https:\/\/react2020.eu\/es\/2023\/04\/17\/react-primer-taller-la-reunion\/","title":{"rendered":"REACT Primer taller La Reuni\u00f3n"},"content":{"rendered":"\n<p>El mes pasado se llev\u00f3 a cabo el primer Taller REACT en La R\u00e9union, una de las islas seguidoras. Fue organizado por nuestros colegas del ENERGY-Lab, Dominique Grondin y Michel Benne, perteneciente a la Universit\u00e9 de La R\u00e9union. Este taller se llev\u00f3 a cabo en la sede de la Autoridad Regional en Saint-Denis. 36 personas asistieron f\u00edsicamente y 25 online.<\/p>\n\n<figure class=\"wp-block-gallery has-nested-images columns-default is-cropped wp-block-gallery-1 is-layout-flex wp-block-gallery-is-layout-flex\">\n<figure class=\"wp-block-image size-large\"><img fetchpriority=\"high\" decoding=\"async\" width=\"1024\" height=\"461\" data-id=\"26666\" src=\"https:\/\/react2020.eu\/wp-content\/uploads\/sites\/5\/2023\/04\/hemicicle.jpg\" alt=\"\" class=\"wp-image-26666\" srcset=\"https:\/\/react2020.eu\/wp-content\/uploads\/sites\/5\/2023\/04\/hemicicle.jpg 1024w, https:\/\/react2020.eu\/wp-content\/uploads\/sites\/5\/2023\/04\/hemicicle-300x135.jpg 300w, https:\/\/react2020.eu\/wp-content\/uploads\/sites\/5\/2023\/04\/hemicicle-768x346.jpg 768w\" sizes=\"(max-width: 1024px) 100vw, 1024px\" \/><\/figure><\/figure>\n\n<p>D\u00eda 1<\/p>\n\n<p>Durante el primer d\u00eda del taller, tuvimos la oportunidad de escuchar acerca de la pol\u00edtica de transici\u00f3n energ\u00e9tica en La R\u00e9union por parte de Jean-Pierre Chabriat. Tambi\u00e9n pudimos comprender mejor el sistema el\u00e9ctrico de la isla gracias a las explicaciones de Emmanuel Cerqueira de EDF SEI.<\/p>\n\n<p>Tuvimos la oportunidad de escuchar las diferentes pol\u00edticas de transici\u00f3n energ\u00e9tica de las islas seguidoras. Efstratios Mouflouzellis habl\u00f3 sobre la transici\u00f3n energ\u00e9tica de la Regi\u00f3n del Egeo Norte. Stefan Ivanell nos inform\u00f3 sobre el desarrollo de la energ\u00eda e\u00f3lica en Gotland. Michael Short habl\u00f3 sobre la Isla de Wight y Ferran Rosa Gaspar present\u00f3 el caso de las Islas Baleares.<\/p>\n\n<p>Terminamos el d\u00eda siendo informados sobre los resultados y esfuerzos de los proyectos hermanos NESOI, GIFT, INSULAE y MAESHA.<\/p>\n\n<figure class=\"wp-block-gallery has-nested-images columns-default is-cropped wp-block-gallery-2 is-layout-flex wp-block-gallery-is-layout-flex\">\n<figure class=\"wp-block-image size-large\"><img decoding=\"async\" width=\"768\" height=\"1024\" data-id=\"26670\" src=\"https:\/\/react2020.eu\/wp-content\/uploads\/sites\/5\/2023\/04\/panfleto-768x1024.jpg\" alt=\"\" class=\"wp-image-26670\" srcset=\"https:\/\/react2020.eu\/wp-content\/uploads\/sites\/5\/2023\/04\/panfleto-768x1024.jpg 768w, https:\/\/react2020.eu\/wp-content\/uploads\/sites\/5\/2023\/04\/panfleto-225x300.jpg 225w, https:\/\/react2020.eu\/wp-content\/uploads\/sites\/5\/2023\/04\/panfleto-1152x1536.jpg 1152w, https:\/\/react2020.eu\/wp-content\/uploads\/sites\/5\/2023\/04\/panfleto-1536x2048.jpg 1536w, https:\/\/react2020.eu\/wp-content\/uploads\/sites\/5\/2023\/04\/panfleto-1600x2133.jpg 1600w, https:\/\/react2020.eu\/wp-content\/uploads\/sites\/5\/2023\/04\/panfleto-scaled.jpg 1920w\" sizes=\"(max-width: 768px) 100vw, 768px\" \/><\/figure>\n\n\n<figure class=\"wp-block-image size-large\"><img decoding=\"async\" width=\"768\" height=\"1024\" data-id=\"26674\" src=\"https:\/\/react2020.eu\/wp-content\/uploads\/sites\/5\/2023\/04\/presidentes-768x1024.jpg\" alt=\"\" class=\"wp-image-26674\" srcset=\"https:\/\/react2020.eu\/wp-content\/uploads\/sites\/5\/2023\/04\/presidentes-768x1024.jpg 768w, https:\/\/react2020.eu\/wp-content\/uploads\/sites\/5\/2023\/04\/presidentes-225x300.jpg 225w, https:\/\/react2020.eu\/wp-content\/uploads\/sites\/5\/2023\/04\/presidentes-1152x1536.jpg 1152w, https:\/\/react2020.eu\/wp-content\/uploads\/sites\/5\/2023\/04\/presidentes-1536x2048.jpg 1536w, https:\/\/react2020.eu\/wp-content\/uploads\/sites\/5\/2023\/04\/presidentes-1600x2133.jpg 1600w, https:\/\/react2020.eu\/wp-content\/uploads\/sites\/5\/2023\/04\/presidentes-scaled.jpg 1920w\" sizes=\"(max-width: 768px) 100vw, 768px\" \/><\/figure><\/figure>\n\n<p>D\u00eda 2<\/p>\n\n<p>Durante el segundo d\u00eda del taller, los miembros del consorcio REACT que asistieron f\u00edsicamente visitaron la sala de control de EDF donde M. Cerqueira tuvo la amabilidad de mostrarnos no solo la sala de operaci\u00f3n de control de red sino tambi\u00e9n c\u00f3mo funciona actualmente el sistema de energ\u00eda en la isla y las posibilidades y oportunidades de futuro en materia de energ\u00edas renovables. Posteriormente, por la tarde, nos mostraron dos instalaciones del edificio p\u00fablico perteneciente a la autoridad regional: la estaci\u00f3n de aparcamiento de carga de veh\u00edculos el\u00e9ctricos y la cubierta del edificio con todas las instalaciones de paneles solares.<\/p>\n\n<p>Al final de la tarde, Dominique Grondin hizo una presentaci\u00f3n del proyecto REACT a los estudiantes (licenciatura, maestr\u00eda, doctorado) y al personal de investigaci\u00f3n. Posteriormente, Heracles Polatidis imparti\u00f3 una conferencia sobre planificaci\u00f3n energ\u00e9tica. Michael Short dio una conferencia sobre energ\u00eda inteligente a trav\u00e9s de la digitalizaci\u00f3n. Fausto Sainz de Salces present\u00f3 el desarrollo de un software energ\u00e9tico dentro del proyecto REACT.<\/p>\n\n<figure class=\"wp-block-gallery has-nested-images columns-default is-cropped wp-block-gallery-3 is-layout-flex wp-block-gallery-is-layout-flex\">\n<figure class=\"wp-block-image size-large\"><img loading=\"lazy\" decoding=\"async\" width=\"1024\" height=\"768\" data-id=\"26694\" src=\"https:\/\/react2020.eu\/wp-content\/uploads\/sites\/5\/2023\/04\/esta-1-1024x768.jpg\" alt=\"\" class=\"wp-image-26694\" srcset=\"https:\/\/react2020.eu\/wp-content\/uploads\/sites\/5\/2023\/04\/esta-1-1024x768.jpg 1024w, https:\/\/react2020.eu\/wp-content\/uploads\/sites\/5\/2023\/04\/esta-1-300x225.jpg 300w, https:\/\/react2020.eu\/wp-content\/uploads\/sites\/5\/2023\/04\/esta-1-768x576.jpg 768w, https:\/\/react2020.eu\/wp-content\/uploads\/sites\/5\/2023\/04\/esta-1-1536x1152.jpg 1536w, https:\/\/react2020.eu\/wp-content\/uploads\/sites\/5\/2023\/04\/esta-1.jpg 1600w\" sizes=\"(max-width: 1024px) 100vw, 1024px\" \/><\/figure>\n\n\n<figure class=\"wp-block-image size-large\"><img loading=\"lazy\" decoding=\"async\" width=\"768\" height=\"1024\" data-id=\"26708\" src=\"https:\/\/react2020.eu\/wp-content\/uploads\/sites\/5\/2023\/04\/dentro-edificio-768x1024.jpg\" alt=\"\" class=\"wp-image-26708\" srcset=\"https:\/\/react2020.eu\/wp-content\/uploads\/sites\/5\/2023\/04\/dentro-edificio-768x1024.jpg 768w, https:\/\/react2020.eu\/wp-content\/uploads\/sites\/5\/2023\/04\/dentro-edificio-225x300.jpg 225w, https:\/\/react2020.eu\/wp-content\/uploads\/sites\/5\/2023\/04\/dentro-edificio-1152x1536.jpg 1152w, https:\/\/react2020.eu\/wp-content\/uploads\/sites\/5\/2023\/04\/dentro-edificio-1536x2048.jpg 1536w, https:\/\/react2020.eu\/wp-content\/uploads\/sites\/5\/2023\/04\/dentro-edificio-1600x2133.jpg 1600w, https:\/\/react2020.eu\/wp-content\/uploads\/sites\/5\/2023\/04\/dentro-edificio-scaled.jpg 1920w\" sizes=\"(max-width: 768px) 100vw, 768px\" \/><\/figure>\n\n\n<figure class=\"wp-block-image size-large\"><img loading=\"lazy\" decoding=\"async\" width=\"1024\" height=\"768\" data-id=\"26702\" src=\"https:\/\/react2020.eu\/wp-content\/uploads\/sites\/5\/2023\/04\/heracles-1024x768.jpg\" alt=\"\" class=\"wp-image-26702\" srcset=\"https:\/\/react2020.eu\/wp-content\/uploads\/sites\/5\/2023\/04\/heracles-1024x768.jpg 1024w, https:\/\/react2020.eu\/wp-content\/uploads\/sites\/5\/2023\/04\/heracles-300x225.jpg 300w, https:\/\/react2020.eu\/wp-content\/uploads\/sites\/5\/2023\/04\/heracles-768x576.jpg 768w, https:\/\/react2020.eu\/wp-content\/uploads\/sites\/5\/2023\/04\/heracles-1536x1152.jpg 1536w, https:\/\/react2020.eu\/wp-content\/uploads\/sites\/5\/2023\/04\/heracles-2048x1536.jpg 2048w, https:\/\/react2020.eu\/wp-content\/uploads\/sites\/5\/2023\/04\/heracles-1600x1200.jpg 1600w\" sizes=\"(max-width: 1024px) 100vw, 1024px\" \/><\/figure>\n\n\n<figure class=\"wp-block-image size-large\"><img loading=\"lazy\" decoding=\"async\" width=\"1024\" height=\"768\" data-id=\"26706\" src=\"https:\/\/react2020.eu\/wp-content\/uploads\/sites\/5\/2023\/04\/psneles-1024x768.jpg\" alt=\"\" class=\"wp-image-26706\" srcset=\"https:\/\/react2020.eu\/wp-content\/uploads\/sites\/5\/2023\/04\/psneles-1024x768.jpg 1024w, https:\/\/react2020.eu\/wp-content\/uploads\/sites\/5\/2023\/04\/psneles-300x225.jpg 300w, https:\/\/react2020.eu\/wp-content\/uploads\/sites\/5\/2023\/04\/psneles-768x576.jpg 768w, https:\/\/react2020.eu\/wp-content\/uploads\/sites\/5\/2023\/04\/psneles-1536x1152.jpg 1536w, https:\/\/react2020.eu\/wp-content\/uploads\/sites\/5\/2023\/04\/psneles-2048x1536.jpg 2048w, https:\/\/react2020.eu\/wp-content\/uploads\/sites\/5\/2023\/04\/psneles-1600x1200.jpg 1600w\" sizes=\"(max-width: 1024px) 100vw, 1024px\" \/><\/figure>\n\n\n<figure class=\"wp-block-image size-large\"><img loading=\"lazy\" decoding=\"async\" width=\"1024\" height=\"768\" data-id=\"26698\" src=\"https:\/\/react2020.eu\/wp-content\/uploads\/sites\/5\/2023\/04\/paneles-1024x768.jpg\" alt=\"\" class=\"wp-image-26698\" srcset=\"https:\/\/react2020.eu\/wp-content\/uploads\/sites\/5\/2023\/04\/paneles-1024x768.jpg 1024w, https:\/\/react2020.eu\/wp-content\/uploads\/sites\/5\/2023\/04\/paneles-300x225.jpg 300w, https:\/\/react2020.eu\/wp-content\/uploads\/sites\/5\/2023\/04\/paneles-768x576.jpg 768w, https:\/\/react2020.eu\/wp-content\/uploads\/sites\/5\/2023\/04\/paneles-1536x1152.jpg 1536w, https:\/\/react2020.eu\/wp-content\/uploads\/sites\/5\/2023\/04\/paneles-2048x1536.jpg 2048w, https:\/\/react2020.eu\/wp-content\/uploads\/sites\/5\/2023\/04\/paneles-1600x1200.jpg 1600w\" sizes=\"(max-width: 1024px) 100vw, 1024px\" \/><\/figure><\/figure>\n\n<p>D\u00eda 3<\/p>\n\n<p>En el \u00faltimo d\u00eda, la ma\u00f1ana se dedic\u00f3 a presentar los resultados del proyecto REACT. Comenzamos con presentaciones de las principales actividades y resultados llevados a cabo en las islas piloto de las Islas Aran, San Pietro y La Graciosa por parte de cada uno de los socios responsables, Dayanne Peretti (Universidad de Galway), Raphaelle Papa (R2M) y Jose Mar\u00eda Marcos ( Fenie) respectivamente.<\/p>\n\n<p>A continuaci\u00f3n, los equipos de Tekniker y Pupin presentaron el desarrollo de la plataforma REACT. Tuvimos la oportunidad de ver c\u00f3mo funciona para el usuario final.<\/p>\n\n<p>Michael Short de la Universidad de Teesside habl\u00f3 sobre el contexto del usuario y los factores socioecon\u00f3micos involucrados en las soluciones del proyecto.<\/p>\n\n<p>Por la tarde, escuchamos sobre las pr\u00e1cticas del territorio para aumentar la participaci\u00f3n de las energ\u00edas renovables. Se est\u00e1 desarrollando un plan regional para aumentar significativamente la participaci\u00f3n de la energ\u00eda solar fotovoltaica en la matriz energ\u00e9tica. Las empresas solares compartieron las dificultades existentes con el proceso administrativo. Para aumentar la participaci\u00f3n de las energ\u00edas renovables, ahora se est\u00e1n instalando bater\u00edas en la red de transmisi\u00f3n. El principal problema de las renovables intermitentes es la falta de inercia al no estar interconectada la red el\u00e9ctrica. Algunas herramientas son desarrolladas por el equipo de I+D de DSO.<\/p>\n\n<p>Se discuti\u00f3 la forma en que las soluciones REACT pueden ayudar al territorio a alcanzar la autonom\u00eda energ\u00e9tica. Parece que el desarrollo de comunidades energ\u00e9ticas es realmente nuevo en la isla. La autoridad regional quiere promover el autoconsumo de energ\u00eda fotovoltaica para aumentar la participaci\u00f3n de las energ\u00edas renovables y educar a los consumidores para que reduzcan su consumo el\u00e9ctrico. Se podr\u00eda realizar un proyecto sobre esta problem\u00e1tica de la red el\u00e9ctrica.<\/p>\n","protected":false},"excerpt":{"rendered":"<p>El mes pasado se llev\u00f3 a cabo el primer Taller REACT en La R\u00e9union, una de las islas seguidoras. Fue organizado por nuestros colegas del ENERGY-Lab, Dominique Grondin y Michel Benne, perteneciente a la Universit\u00e9 de La R\u00e9union. Este taller se llev\u00f3 a cabo en la sede de la Autoridad Regional en Saint-Denis. 36 personas &#8230; <a title=\"REACT Primer taller La Reuni\u00f3n\" class=\"read-more\" href=\"https:\/\/react2020.eu\/es\/2023\/04\/17\/react-primer-taller-la-reunion\/\" aria-label=\"Leer m\u00e1s sobre REACT Primer taller La Reuni\u00f3n\">Leer m\u00e1s<\/a><\/p>\n","protected":false},"author":4,"featured_media":26717,"comment_status":"closed","ping_status":"closed","sticky":false,"template":"","format":"standard","meta":{"inline_featured_image":false,"footnotes":""},"categories":[8],"tags":[],"class_list":["post-26719","post","type-post","status-publish","format-standard","has-post-thumbnail","hentry","category-sin-categorizar"],"yoast_head":"<!-- This site is optimized with the Yoast SEO plugin v27.4 - https:\/\/yoast.com\/product\/yoast-seo-wordpress\/ -->\n<title>REACT Primer taller La Reuni\u00f3n - REACT 2020<\/title>\n<meta name=\"robots\" content=\"index, follow, max-snippet:-1, max-image-preview:large, max-video-preview:-1\" \/>\n<link rel=\"canonical\" href=\"https:\/\/react2020.eu\/es\/2023\/04\/17\/react-primer-taller-la-reunion\/\" \/>\n<meta property=\"og:locale\" content=\"es_ES\" \/>\n<meta property=\"og:type\" content=\"article\" \/>\n<meta property=\"og:title\" content=\"REACT Primer taller La Reuni\u00f3n - REACT 2020\" \/>\n<meta property=\"og:description\" content=\"El mes pasado se llev\u00f3 a cabo el primer Taller REACT en La R\u00e9union, una de las islas seguidoras. Fue organizado por nuestros colegas del ENERGY-Lab, Dominique Grondin y Michel Benne, perteneciente a la Universit\u00e9 de La R\u00e9union. Este taller se llev\u00f3 a cabo en la sede de la Autoridad Regional en Saint-Denis. 36 personas ... Leer m\u00e1s\" \/>\n<meta property=\"og:url\" content=\"https:\/\/react2020.eu\/es\/2023\/04\/17\/react-primer-taller-la-reunion\/\" \/>\n<meta property=\"og:site_name\" content=\"REACT 2020\" \/>\n<meta property=\"article:published_time\" content=\"2023-04-17T16:08:15+00:00\" \/>\n<meta property=\"article:modified_time\" content=\"2023-05-10T07:28:49+00:00\" \/>\n<meta property=\"og:image\" content=\"https:\/\/react2020.eu\/wp-content\/uploads\/sites\/5\/2023\/04\/IMG20230314142642-scaled.jpg\" \/>\n\t<meta property=\"og:image:width\" content=\"2560\" \/>\n\t<meta property=\"og:image:height\" content=\"1152\" \/>\n\t<meta property=\"og:image:type\" content=\"image\/jpeg\" \/>\n<meta name=\"author\" content=\"faustosainz\" \/>\n<meta name=\"twitter:card\" content=\"summary_large_image\" \/>\n<meta name=\"twitter:label1\" content=\"Escrito por\" \/>\n\t<meta name=\"twitter:data1\" content=\"faustosainz\" \/>\n\t<meta name=\"twitter:label2\" content=\"Tiempo de lectura\" \/>\n\t<meta name=\"twitter:data2\" content=\"3 minutos\" \/>\n<script type=\"application\/ld+json\" class=\"yoast-schema-graph\">{\"@context\":\"https:\\\/\\\/schema.org\",\"@graph\":[{\"@type\":\"Article\",\"@id\":\"https:\\\/\\\/react2020.eu\\\/es\\\/2023\\\/04\\\/17\\\/react-primer-taller-la-reunion\\\/#article\",\"isPartOf\":{\"@id\":\"https:\\\/\\\/react2020.eu\\\/es\\\/2023\\\/04\\\/17\\\/react-primer-taller-la-reunion\\\/\"},\"author\":{\"name\":\"faustosainz\",\"@id\":\"https:\\\/\\\/react2020.eu\\\/#\\\/schema\\\/person\\\/681223bb11ce95d8e3192772e810e453\"},\"headline\":\"REACT Primer taller La Reuni\u00f3n\",\"datePublished\":\"2023-04-17T16:08:15+00:00\",\"dateModified\":\"2023-05-10T07:28:49+00:00\",\"mainEntityOfPage\":{\"@id\":\"https:\\\/\\\/react2020.eu\\\/es\\\/2023\\\/04\\\/17\\\/react-primer-taller-la-reunion\\\/\"},\"wordCount\":705,\"publisher\":{\"@id\":\"https:\\\/\\\/react2020.eu\\\/#organization\"},\"image\":{\"@id\":\"https:\\\/\\\/react2020.eu\\\/es\\\/2023\\\/04\\\/17\\\/react-primer-taller-la-reunion\\\/#primaryimage\"},\"thumbnailUrl\":\"https:\\\/\\\/react2020.eu\\\/wp-content\\\/uploads\\\/sites\\\/5\\\/2023\\\/04\\\/IMG20230314142642-scaled.jpg\",\"articleSection\":[\"Sin categorizar\"],\"inLanguage\":\"es\"},{\"@type\":\"WebPage\",\"@id\":\"https:\\\/\\\/react2020.eu\\\/es\\\/2023\\\/04\\\/17\\\/react-primer-taller-la-reunion\\\/\",\"url\":\"https:\\\/\\\/react2020.eu\\\/es\\\/2023\\\/04\\\/17\\\/react-primer-taller-la-reunion\\\/\",\"name\":\"REACT Primer taller La Reuni\u00f3n - REACT 2020\",\"isPartOf\":{\"@id\":\"https:\\\/\\\/react2020.eu\\\/#website\"},\"primaryImageOfPage\":{\"@id\":\"https:\\\/\\\/react2020.eu\\\/es\\\/2023\\\/04\\\/17\\\/react-primer-taller-la-reunion\\\/#primaryimage\"},\"image\":{\"@id\":\"https:\\\/\\\/react2020.eu\\\/es\\\/2023\\\/04\\\/17\\\/react-primer-taller-la-reunion\\\/#primaryimage\"},\"thumbnailUrl\":\"https:\\\/\\\/react2020.eu\\\/wp-content\\\/uploads\\\/sites\\\/5\\\/2023\\\/04\\\/IMG20230314142642-scaled.jpg\",\"datePublished\":\"2023-04-17T16:08:15+00:00\",\"dateModified\":\"2023-05-10T07:28:49+00:00\",\"breadcrumb\":{\"@id\":\"https:\\\/\\\/react2020.eu\\\/es\\\/2023\\\/04\\\/17\\\/react-primer-taller-la-reunion\\\/#breadcrumb\"},\"inLanguage\":\"es\",\"potentialAction\":[{\"@type\":\"ReadAction\",\"target\":[\"https:\\\/\\\/react2020.eu\\\/es\\\/2023\\\/04\\\/17\\\/react-primer-taller-la-reunion\\\/\"]}]},{\"@type\":\"ImageObject\",\"inLanguage\":\"es\",\"@id\":\"https:\\\/\\\/react2020.eu\\\/es\\\/2023\\\/04\\\/17\\\/react-primer-taller-la-reunion\\\/#primaryimage\",\"url\":\"https:\\\/\\\/react2020.eu\\\/wp-content\\\/uploads\\\/sites\\\/5\\\/2023\\\/04\\\/IMG20230314142642-scaled.jpg\",\"contentUrl\":\"https:\\\/\\\/react2020.eu\\\/wp-content\\\/uploads\\\/sites\\\/5\\\/2023\\\/04\\\/IMG20230314142642-scaled.jpg\",\"width\":2560,\"height\":1152},{\"@type\":\"BreadcrumbList\",\"@id\":\"https:\\\/\\\/react2020.eu\\\/es\\\/2023\\\/04\\\/17\\\/react-primer-taller-la-reunion\\\/#breadcrumb\",\"itemListElement\":[{\"@type\":\"ListItem\",\"position\":1,\"name\":\"Portada\",\"item\":\"https:\\\/\\\/react2020.eu\\\/\"},{\"@type\":\"ListItem\",\"position\":2,\"name\":\"REACT Primer taller La Reuni\u00f3n\"}]},{\"@type\":\"WebSite\",\"@id\":\"https:\\\/\\\/react2020.eu\\\/#website\",\"url\":\"https:\\\/\\\/react2020.eu\\\/\",\"name\":\"REACT 2020\",\"description\":\"REACT 2020 \u2013 Renewable Energy for Self-Sustainable Island Communties\",\"publisher\":{\"@id\":\"https:\\\/\\\/react2020.eu\\\/#organization\"},\"potentialAction\":[{\"@type\":\"SearchAction\",\"target\":{\"@type\":\"EntryPoint\",\"urlTemplate\":\"https:\\\/\\\/react2020.eu\\\/?s={search_term_string}\"},\"query-input\":{\"@type\":\"PropertyValueSpecification\",\"valueRequired\":true,\"valueName\":\"search_term_string\"}}],\"inLanguage\":\"es\"},{\"@type\":\"Organization\",\"@id\":\"https:\\\/\\\/react2020.eu\\\/#organization\",\"name\":\"REACT 2020\",\"url\":\"https:\\\/\\\/react2020.eu\\\/\",\"logo\":{\"@type\":\"ImageObject\",\"inLanguage\":\"es\",\"@id\":\"https:\\\/\\\/react2020.eu\\\/#\\\/schema\\\/logo\\\/image\\\/\",\"url\":\"https:\\\/\\\/react2020.eu\\\/wp-content\\\/uploads\\\/sites\\\/5\\\/2019\\\/07\\\/1.-REACT_Logo-horizontal_Color_RGB_2.png\",\"contentUrl\":\"https:\\\/\\\/react2020.eu\\\/wp-content\\\/uploads\\\/sites\\\/5\\\/2019\\\/07\\\/1.-REACT_Logo-horizontal_Color_RGB_2.png\",\"width\":1643,\"height\":419,\"caption\":\"REACT 2020\"},\"image\":{\"@id\":\"https:\\\/\\\/react2020.eu\\\/#\\\/schema\\\/logo\\\/image\\\/\"}},{\"@type\":\"Person\",\"@id\":\"https:\\\/\\\/react2020.eu\\\/#\\\/schema\\\/person\\\/681223bb11ce95d8e3192772e810e453\",\"name\":\"faustosainz\",\"image\":{\"@type\":\"ImageObject\",\"inLanguage\":\"es\",\"@id\":\"https:\\\/\\\/secure.gravatar.com\\\/avatar\\\/f228e3d248b75040cfb046462552a8a7f74cabbdb83cd079bcc93fd43607e6c1?s=96&d=mm&r=g\",\"url\":\"https:\\\/\\\/secure.gravatar.com\\\/avatar\\\/f228e3d248b75040cfb046462552a8a7f74cabbdb83cd079bcc93fd43607e6c1?s=96&d=mm&r=g\",\"contentUrl\":\"https:\\\/\\\/secure.gravatar.com\\\/avatar\\\/f228e3d248b75040cfb046462552a8a7f74cabbdb83cd079bcc93fd43607e6c1?s=96&d=mm&r=g\",\"caption\":\"faustosainz\"},\"url\":\"https:\\\/\\\/react2020.eu\\\/es\\\/author\\\/faustosainz\\\/\"}]}<\/script>\n<!-- \/ Yoast SEO plugin. -->","yoast_head_json":{"title":"REACT Primer taller La Reuni\u00f3n - REACT 2020","robots":{"index":"index","follow":"follow","max-snippet":"max-snippet:-1","max-image-preview":"max-image-preview:large","max-video-preview":"max-video-preview:-1"},"canonical":"https:\/\/react2020.eu\/es\/2023\/04\/17\/react-primer-taller-la-reunion\/","og_locale":"es_ES","og_type":"article","og_title":"REACT Primer taller La Reuni\u00f3n - REACT 2020","og_description":"El mes pasado se llev\u00f3 a cabo el primer Taller REACT en La R\u00e9union, una de las islas seguidoras. Fue organizado por nuestros colegas del ENERGY-Lab, Dominique Grondin y Michel Benne, perteneciente a la Universit\u00e9 de La R\u00e9union. Este taller se llev\u00f3 a cabo en la sede de la Autoridad Regional en Saint-Denis. 36 personas ... Leer m\u00e1s","og_url":"https:\/\/react2020.eu\/es\/2023\/04\/17\/react-primer-taller-la-reunion\/","og_site_name":"REACT 2020","article_published_time":"2023-04-17T16:08:15+00:00","article_modified_time":"2023-05-10T07:28:49+00:00","og_image":[{"width":2560,"height":1152,"url":"https:\/\/react2020.eu\/wp-content\/uploads\/sites\/5\/2023\/04\/IMG20230314142642-scaled.jpg","type":"image\/jpeg"}],"author":"faustosainz","twitter_card":"summary_large_image","twitter_misc":{"Escrito por":"faustosainz","Tiempo de lectura":"3 minutos"},"schema":{"@context":"https:\/\/schema.org","@graph":[{"@type":"Article","@id":"https:\/\/react2020.eu\/es\/2023\/04\/17\/react-primer-taller-la-reunion\/#article","isPartOf":{"@id":"https:\/\/react2020.eu\/es\/2023\/04\/17\/react-primer-taller-la-reunion\/"},"author":{"name":"faustosainz","@id":"https:\/\/react2020.eu\/#\/schema\/person\/681223bb11ce95d8e3192772e810e453"},"headline":"REACT Primer taller La Reuni\u00f3n","datePublished":"2023-04-17T16:08:15+00:00","dateModified":"2023-05-10T07:28:49+00:00","mainEntityOfPage":{"@id":"https:\/\/react2020.eu\/es\/2023\/04\/17\/react-primer-taller-la-reunion\/"},"wordCount":705,"publisher":{"@id":"https:\/\/react2020.eu\/#organization"},"image":{"@id":"https:\/\/react2020.eu\/es\/2023\/04\/17\/react-primer-taller-la-reunion\/#primaryimage"},"thumbnailUrl":"https:\/\/react2020.eu\/wp-content\/uploads\/sites\/5\/2023\/04\/IMG20230314142642-scaled.jpg","articleSection":["Sin categorizar"],"inLanguage":"es"},{"@type":"WebPage","@id":"https:\/\/react2020.eu\/es\/2023\/04\/17\/react-primer-taller-la-reunion\/","url":"https:\/\/react2020.eu\/es\/2023\/04\/17\/react-primer-taller-la-reunion\/","name":"REACT Primer taller La Reuni\u00f3n - REACT 2020","isPartOf":{"@id":"https:\/\/react2020.eu\/#website"},"primaryImageOfPage":{"@id":"https:\/\/react2020.eu\/es\/2023\/04\/17\/react-primer-taller-la-reunion\/#primaryimage"},"image":{"@id":"https:\/\/react2020.eu\/es\/2023\/04\/17\/react-primer-taller-la-reunion\/#primaryimage"},"thumbnailUrl":"https:\/\/react2020.eu\/wp-content\/uploads\/sites\/5\/2023\/04\/IMG20230314142642-scaled.jpg","datePublished":"2023-04-17T16:08:15+00:00","dateModified":"2023-05-10T07:28:49+00:00","breadcrumb":{"@id":"https:\/\/react2020.eu\/es\/2023\/04\/17\/react-primer-taller-la-reunion\/#breadcrumb"},"inLanguage":"es","potentialAction":[{"@type":"ReadAction","target":["https:\/\/react2020.eu\/es\/2023\/04\/17\/react-primer-taller-la-reunion\/"]}]},{"@type":"ImageObject","inLanguage":"es","@id":"https:\/\/react2020.eu\/es\/2023\/04\/17\/react-primer-taller-la-reunion\/#primaryimage","url":"https:\/\/react2020.eu\/wp-content\/uploads\/sites\/5\/2023\/04\/IMG20230314142642-scaled.jpg","contentUrl":"https:\/\/react2020.eu\/wp-content\/uploads\/sites\/5\/2023\/04\/IMG20230314142642-scaled.jpg","width":2560,"height":1152},{"@type":"BreadcrumbList","@id":"https:\/\/react2020.eu\/es\/2023\/04\/17\/react-primer-taller-la-reunion\/#breadcrumb","itemListElement":[{"@type":"ListItem","position":1,"name":"Portada","item":"https:\/\/react2020.eu\/"},{"@type":"ListItem","position":2,"name":"REACT Primer taller La Reuni\u00f3n"}]},{"@type":"WebSite","@id":"https:\/\/react2020.eu\/#website","url":"https:\/\/react2020.eu\/","name":"REACT 2020","description":"REACT 2020 \u2013 Renewable Energy for Self-Sustainable Island Communties","publisher":{"@id":"https:\/\/react2020.eu\/#organization"},"potentialAction":[{"@type":"SearchAction","target":{"@type":"EntryPoint","urlTemplate":"https:\/\/react2020.eu\/?s={search_term_string}"},"query-input":{"@type":"PropertyValueSpecification","valueRequired":true,"valueName":"search_term_string"}}],"inLanguage":"es"},{"@type":"Organization","@id":"https:\/\/react2020.eu\/#organization","name":"REACT 2020","url":"https:\/\/react2020.eu\/","logo":{"@type":"ImageObject","inLanguage":"es","@id":"https:\/\/react2020.eu\/#\/schema\/logo\/image\/","url":"https:\/\/react2020.eu\/wp-content\/uploads\/sites\/5\/2019\/07\/1.-REACT_Logo-horizontal_Color_RGB_2.png","contentUrl":"https:\/\/react2020.eu\/wp-content\/uploads\/sites\/5\/2019\/07\/1.-REACT_Logo-horizontal_Color_RGB_2.png","width":1643,"height":419,"caption":"REACT 2020"},"image":{"@id":"https:\/\/react2020.eu\/#\/schema\/logo\/image\/"}},{"@type":"Person","@id":"https:\/\/react2020.eu\/#\/schema\/person\/681223bb11ce95d8e3192772e810e453","name":"faustosainz","image":{"@type":"ImageObject","inLanguage":"es","@id":"https:\/\/secure.gravatar.com\/avatar\/f228e3d248b75040cfb046462552a8a7f74cabbdb83cd079bcc93fd43607e6c1?s=96&d=mm&r=g","url":"https:\/\/secure.gravatar.com\/avatar\/f228e3d248b75040cfb046462552a8a7f74cabbdb83cd079bcc93fd43607e6c1?s=96&d=mm&r=g","contentUrl":"https:\/\/secure.gravatar.com\/avatar\/f228e3d248b75040cfb046462552a8a7f74cabbdb83cd079bcc93fd43607e6c1?s=96&d=mm&r=g","caption":"faustosainz"},"url":"https:\/\/react2020.eu\/es\/author\/faustosainz\/"}]}},"_links":{"self":[{"href":"https:\/\/react2020.eu\/es\/wp-json\/wp\/v2\/posts\/26719","targetHints":{"allow":["GET"]}}],"collection":[{"href":"https:\/\/react2020.eu\/es\/wp-json\/wp\/v2\/posts"}],"about":[{"href":"https:\/\/react2020.eu\/es\/wp-json\/wp\/v2\/types\/post"}],"author":[{"embeddable":true,"href":"https:\/\/react2020.eu\/es\/wp-json\/wp\/v2\/users\/4"}],"replies":[{"embeddable":true,"href":"https:\/\/react2020.eu\/es\/wp-json\/wp\/v2\/comments?post=26719"}],"version-history":[{"count":0,"href":"https:\/\/react2020.eu\/es\/wp-json\/wp\/v2\/posts\/26719\/revisions"}],"wp:featuredmedia":[{"embeddable":true,"href":"https:\/\/react2020.eu\/es\/wp-json\/wp\/v2\/media\/26717"}],"wp:attachment":[{"href":"https:\/\/react2020.eu\/es\/wp-json\/wp\/v2\/media?parent=26719"}],"wp:term":[{"taxonomy":"category","embeddable":true,"href":"https:\/\/react2020.eu\/es\/wp-json\/wp\/v2\/categories?post=26719"},{"taxonomy":"post_tag","embeddable":true,"href":"https:\/\/react2020.eu\/es\/wp-json\/wp\/v2\/tags?post=26719"}],"curies":[{"name":"wp","href":"https:\/\/api.w.org\/{rel}","templated":true}]}}