{"id":26659,"date":"2023-04-11T13:32:26","date_gmt":"2023-04-11T13:32:26","guid":{"rendered":"https:\/\/react2020.eu\/2023\/04\/11\/entrevista-con-el-alcalde-de-carloforte\/"},"modified":"2023-05-10T07:28:50","modified_gmt":"2023-05-10T07:28:50","slug":"entrevista-con-el-alcalde-de-carloforte","status":"publish","type":"post","link":"https:\/\/react2020.eu\/es\/2023\/04\/11\/entrevista-con-el-alcalde-de-carloforte\/","title":{"rendered":"Entrevista con el alcalde de Carloforte"},"content":{"rendered":"\n<p>El alcalde de Carloforte, Stefano Rombi, responde a nuestras preguntas. Gracias Stefano por tu compromiso.<\/p>\n\n<p>1. Como alcalde de Carloforte, \u00bfc\u00f3mo describir\u00eda la situaci\u00f3n energ\u00e9tica actual de la isla? \u00bfCu\u00e1les son sus ambiciones y las herramientas urbanas implementadas para la transici\u00f3n energ\u00e9tica<\/p>\n\n<p>La isla de San Pietro est\u00e1 interconectada en t\u00e9rminos energ\u00e9ticos y esto garantiza un suministro de energ\u00eda seguro y continuo. Sin embargo, la administraci\u00f3n municipal se ha comprometido desde hace unos quince a\u00f1os en una serie de acciones a favor de la transformaci\u00f3n de San Pietro en la primera isla italiana capaz de autoproducir y autoconsumir energ\u00eda producida \u00edntegramente a partir de fuentes renovables. Este proceso, que se inici\u00f3 en 2007 con el proyecto (solo parcialmente implementado) \u00abIsla Ecol\u00f3gica del Mediterr\u00e1neo de San Pietro\u00bb ha tenido una importante aceleraci\u00f3n gracias al proyecto H2020 REACT y las oportunidades que ofrece el esquema de la comunidad energ\u00e9tica. Por lo tanto, seguimos trabajando para hacer de San Pietro una isla de impacto cero y, desde este punto de vista, es importante llamar la atenci\u00f3n sobre el pr\u00f3ximo establecimiento de una comunidad energ\u00e9tica que actualmente puede contar con m\u00e1s de 500 usuarios interesados.<\/p>\n\n<figure class=\"wp-block-image size-full\"><img fetchpriority=\"high\" decoding=\"async\" width=\"960\" height=\"960\" src=\"https:\/\/react2020.eu\/wp-content\/uploads\/sites\/5\/2023\/04\/Foto_Stefano-Rombi_2.jpg\" alt=\"\" class=\"wp-image-26648\" srcset=\"https:\/\/react2020.eu\/wp-content\/uploads\/sites\/5\/2023\/04\/Foto_Stefano-Rombi_2.jpg 960w, https:\/\/react2020.eu\/wp-content\/uploads\/sites\/5\/2023\/04\/Foto_Stefano-Rombi_2-300x300.jpg 300w, https:\/\/react2020.eu\/wp-content\/uploads\/sites\/5\/2023\/04\/Foto_Stefano-Rombi_2-150x150.jpg 150w, https:\/\/react2020.eu\/wp-content\/uploads\/sites\/5\/2023\/04\/Foto_Stefano-Rombi_2-768x768.jpg 768w\" sizes=\"(max-width: 960px) 100vw, 960px\" \/><\/figure>\n<p>2. El proyecto REACT est\u00e1 casi llegando a su fin (junio de 2023) y se han llevado a cabo muchas actividades, tanto t\u00e9cnicas (relacionadas con estudios de viabilidad, instalaciones y su seguimiento) como sociales (implicaci\u00f3n de los actores locales) a favor de la Municipalidad y de los ciudadanos de Carloforte. Volviendo a la idea del proyecto REACT, \u00bfqu\u00e9 le llev\u00f3 a nominar a Carloforte como sitio piloto para el proyecto?<\/p>\n\n<p>El proyecto REACT ha constituido un acelerador decisivo en la estrategia del Municipio de Carloforte. Gracias al proyecto, Carloforte pudo potenciar su imagen de municipio insular l\u00edder en la experimentaci\u00f3n con las tecnolog\u00edas m\u00e1s avanzadas en el campo del ahorro energ\u00e9tico, as\u00ed como en la instalaci\u00f3n de paneles fotovoltaicos y sus correspondientes sistemas de acumulaci\u00f3n y bombas de calor de alta eficiencia. Nos hemos adherido a REACT esencialmente por tres motivos: 1. garantizar a nuestros conciudadanos las mejores oportunidades y las tecnolog\u00edas m\u00e1s avanzadas en el campo de las energ\u00edas renovables; 2. demostrar a los socios del proyecto y a la Comisi\u00f3n Europea que el Municipio de Carloforte, gracias tambi\u00e9n a la consultor\u00eda de R2M Energy Srl y R2M Solution Srl, tiene la capacidad de contribuir a proyectos europeos de investigaci\u00f3n e innovaci\u00f3n y llevar a cabo actividades con beneficios tangibles; 3. garantizar a Carloforte ya su comunidad nuevas y diferentes oportunidades de promoci\u00f3n territorial.<\/p>\n\n<p>3. \u00bfLa administraci\u00f3n municipal est\u00e1 satisfecha con los resultados obtenidos? \u00bfC\u00f3mo fue la colaboraci\u00f3n con los distintos socios del consorcio?<\/p>\n\n<p>Sin duda, la administraci\u00f3n est\u00e1 satisfecha con los resultados, cuya consecuci\u00f3n hubiera sido imposible sin la fruct\u00edfera colaboraci\u00f3n que se ha creado entre los socios del proyecto.<\/p>\n\n<p>4. Mirando hacia el futuro: \u00bfcu\u00e1les son sus ambiciones en t\u00e9rminos de independencia energ\u00e9tica y eficiencia energ\u00e9tica? \u00bfExisten iniciativas de apoyo regionales y nacionales (concursos regionales\/nacionales, PNRR, etc.) que podr\u00edan ponerse en sinergia con los fondos europeos existentes para Investigaci\u00f3n e Innovaci\u00f3n?<\/p>\n\n<p>En el futuro inmediato, Carloforte aspira sobre todo a hacer operativa la comunidad de las energ\u00edas renovables. Adem\u00e1s, se pretende potenciar la planta de energ\u00eda solar fotovoltaica ya presente en la localidad de Nasca, en la que se trabaja para duplicar su producci\u00f3n energ\u00e9tica (hoy equivalente a 1 MWp) gracias a los sistemas fotovoltaicos instalados en edificios p\u00fablicos y privados, as\u00ed como una planta de generaci\u00f3n e\u00f3lica. Estos objetivos intermedios est\u00e1n naturalmente destinados a hacer que toda la isla de San Pietro sea completamente aut\u00f3noma desde el punto de vista energ\u00e9tico. Desde este punto de vista, pretendemos aprovechar las oportunidades de financiaci\u00f3n que ofrece la Regi\u00f3n de Cerde\u00f1a y el Estado en relaci\u00f3n con las comunidades de energ\u00edas renovables y el uso de energ\u00edas renovables. Paralelamente, con la ayuda de nuestros consultores, tenemos la intenci\u00f3n de aprovechar todas las oportunidades disponibles a nivel europeo.<\/p>\n\n<figure class=\"wp-block-image size-large\"><img decoding=\"async\" width=\"1024\" height=\"661\" src=\"https:\/\/react2020.eu\/wp-content\/uploads\/sites\/5\/2023\/04\/22_08_05_Evento_CER_CFF-1024x661.jpeg\" alt=\"\" class=\"wp-image-26652\" srcset=\"https:\/\/react2020.eu\/wp-content\/uploads\/sites\/5\/2023\/04\/22_08_05_Evento_CER_CFF-1024x661.jpeg 1024w, https:\/\/react2020.eu\/wp-content\/uploads\/sites\/5\/2023\/04\/22_08_05_Evento_CER_CFF-300x194.jpeg 300w, https:\/\/react2020.eu\/wp-content\/uploads\/sites\/5\/2023\/04\/22_08_05_Evento_CER_CFF-768x495.jpeg 768w, https:\/\/react2020.eu\/wp-content\/uploads\/sites\/5\/2023\/04\/22_08_05_Evento_CER_CFF-1536x991.jpeg 1536w, https:\/\/react2020.eu\/wp-content\/uploads\/sites\/5\/2023\/04\/22_08_05_Evento_CER_CFF-1600x1032.jpeg 1600w, https:\/\/react2020.eu\/wp-content\/uploads\/sites\/5\/2023\/04\/22_08_05_Evento_CER_CFF.jpeg 1899w\" sizes=\"(max-width: 1024px) 100vw, 1024px\" \/><\/figure>\n<p>5. Finalmente: REACT en Carloforte tambi\u00e9n signific\u00f3 lanzar un mensaje claro con la promoci\u00f3n de la comunidad de energ\u00edas renovables gracias al Municipio. \u00bfCu\u00e1l es el estado del arte ahora? \u00bfPuede proporcionarnos datos tangibles? \u00bfQu\u00e9 perspectivas en los pr\u00f3ximos a\u00f1os?<\/p>\n\n<p>El pasado oto\u00f1o de 2022 se inici\u00f3 el proceso de constituci\u00f3n de la comunidad de energ\u00edas renovables de Carloforte que, a la fecha, cuenta con m\u00e1s de 500 usuarios interesados. En esta fase estamos trabajando para que la comunidad energ\u00e9tica sea econ\u00f3micamente sostenible, equilibrando el n\u00famero de consumidores, prosumidores e inversores. Estamos seguros de que podremos ver los primeros resultados en los pr\u00f3ximos 2 a\u00f1os.<\/p>\n","protected":false},"excerpt":{"rendered":"<p>El alcalde de Carloforte, Stefano Rombi, responde a nuestras preguntas. Gracias Stefano por tu compromiso. 1. Como alcalde de Carloforte, \u00bfc\u00f3mo describir\u00eda la situaci\u00f3n energ\u00e9tica actual de la isla? \u00bfCu\u00e1les son sus ambiciones y las herramientas urbanas implementadas para la transici\u00f3n energ\u00e9tica La isla de San Pietro est\u00e1 interconectada en t\u00e9rminos energ\u00e9ticos y esto garantiza &#8230; <a title=\"Entrevista con el alcalde de Carloforte\" class=\"read-more\" href=\"https:\/\/react2020.eu\/es\/2023\/04\/11\/entrevista-con-el-alcalde-de-carloforte\/\" aria-label=\"Leer m\u00e1s sobre Entrevista con el alcalde de Carloforte\">Leer m\u00e1s<\/a><\/p>\n","protected":false},"author":4,"featured_media":26651,"comment_status":"closed","ping_status":"closed","sticky":false,"template":"","format":"standard","meta":{"inline_featured_image":false,"footnotes":""},"categories":[8],"tags":[],"class_list":["post-26659","post","type-post","status-publish","format-standard","has-post-thumbnail","hentry","category-sin-categorizar"],"yoast_head":"<!-- This site is optimized with the Yoast SEO plugin v27.4 - https:\/\/yoast.com\/product\/yoast-seo-wordpress\/ -->\n<title>Entrevista con el alcalde de Carloforte - REACT 2020<\/title>\n<meta name=\"robots\" content=\"index, follow, max-snippet:-1, max-image-preview:large, max-video-preview:-1\" \/>\n<link rel=\"canonical\" href=\"https:\/\/react2020.eu\/es\/2023\/04\/11\/entrevista-con-el-alcalde-de-carloforte\/\" \/>\n<meta property=\"og:locale\" content=\"es_ES\" \/>\n<meta property=\"og:type\" content=\"article\" \/>\n<meta property=\"og:title\" content=\"Entrevista con el alcalde de Carloforte - REACT 2020\" \/>\n<meta property=\"og:description\" content=\"El alcalde de Carloforte, Stefano Rombi, responde a nuestras preguntas. Gracias Stefano por tu compromiso. 1. Como alcalde de Carloforte, \u00bfc\u00f3mo describir\u00eda la situaci\u00f3n energ\u00e9tica actual de la isla? \u00bfCu\u00e1les son sus ambiciones y las herramientas urbanas implementadas para la transici\u00f3n energ\u00e9tica La isla de San Pietro est\u00e1 interconectada en t\u00e9rminos energ\u00e9ticos y esto garantiza ... Leer m\u00e1s\" \/>\n<meta property=\"og:url\" content=\"https:\/\/react2020.eu\/es\/2023\/04\/11\/entrevista-con-el-alcalde-de-carloforte\/\" \/>\n<meta property=\"og:site_name\" content=\"REACT 2020\" \/>\n<meta property=\"article:published_time\" content=\"2023-04-11T13:32:26+00:00\" \/>\n<meta property=\"article:modified_time\" content=\"2023-05-10T07:28:50+00:00\" \/>\n<meta property=\"og:image\" content=\"https:\/\/react2020.eu\/wp-content\/uploads\/sites\/5\/2023\/04\/Foto_Stefano-Rombi_2.jpg\" \/>\n\t<meta property=\"og:image:width\" content=\"960\" \/>\n\t<meta property=\"og:image:height\" content=\"960\" \/>\n\t<meta property=\"og:image:type\" content=\"image\/jpeg\" \/>\n<meta name=\"author\" content=\"faustosainz\" \/>\n<meta name=\"twitter:card\" content=\"summary_large_image\" \/>\n<meta name=\"twitter:label1\" content=\"Escrito por\" \/>\n\t<meta name=\"twitter:data1\" content=\"faustosainz\" \/>\n\t<meta name=\"twitter:label2\" content=\"Tiempo de lectura\" \/>\n\t<meta name=\"twitter:data2\" content=\"4 minutos\" \/>\n<script type=\"application\/ld+json\" class=\"yoast-schema-graph\">{\"@context\":\"https:\\\/\\\/schema.org\",\"@graph\":[{\"@type\":\"Article\",\"@id\":\"https:\\\/\\\/react2020.eu\\\/es\\\/2023\\\/04\\\/11\\\/entrevista-con-el-alcalde-de-carloforte\\\/#article\",\"isPartOf\":{\"@id\":\"https:\\\/\\\/react2020.eu\\\/es\\\/2023\\\/04\\\/11\\\/entrevista-con-el-alcalde-de-carloforte\\\/\"},\"author\":{\"name\":\"faustosainz\",\"@id\":\"https:\\\/\\\/react2020.eu\\\/#\\\/schema\\\/person\\\/681223bb11ce95d8e3192772e810e453\"},\"headline\":\"Entrevista con el alcalde de Carloforte\",\"datePublished\":\"2023-04-11T13:32:26+00:00\",\"dateModified\":\"2023-05-10T07:28:50+00:00\",\"mainEntityOfPage\":{\"@id\":\"https:\\\/\\\/react2020.eu\\\/es\\\/2023\\\/04\\\/11\\\/entrevista-con-el-alcalde-de-carloforte\\\/\"},\"wordCount\":835,\"publisher\":{\"@id\":\"https:\\\/\\\/react2020.eu\\\/#organization\"},\"image\":{\"@id\":\"https:\\\/\\\/react2020.eu\\\/es\\\/2023\\\/04\\\/11\\\/entrevista-con-el-alcalde-de-carloforte\\\/#primaryimage\"},\"thumbnailUrl\":\"https:\\\/\\\/react2020.eu\\\/wp-content\\\/uploads\\\/sites\\\/5\\\/2023\\\/04\\\/Foto_Stefano-Rombi_2.jpg\",\"articleSection\":[\"Sin categorizar\"],\"inLanguage\":\"es\"},{\"@type\":\"WebPage\",\"@id\":\"https:\\\/\\\/react2020.eu\\\/es\\\/2023\\\/04\\\/11\\\/entrevista-con-el-alcalde-de-carloforte\\\/\",\"url\":\"https:\\\/\\\/react2020.eu\\\/es\\\/2023\\\/04\\\/11\\\/entrevista-con-el-alcalde-de-carloforte\\\/\",\"name\":\"Entrevista con el alcalde de Carloforte - REACT 2020\",\"isPartOf\":{\"@id\":\"https:\\\/\\\/react2020.eu\\\/#website\"},\"primaryImageOfPage\":{\"@id\":\"https:\\\/\\\/react2020.eu\\\/es\\\/2023\\\/04\\\/11\\\/entrevista-con-el-alcalde-de-carloforte\\\/#primaryimage\"},\"image\":{\"@id\":\"https:\\\/\\\/react2020.eu\\\/es\\\/2023\\\/04\\\/11\\\/entrevista-con-el-alcalde-de-carloforte\\\/#primaryimage\"},\"thumbnailUrl\":\"https:\\\/\\\/react2020.eu\\\/wp-content\\\/uploads\\\/sites\\\/5\\\/2023\\\/04\\\/Foto_Stefano-Rombi_2.jpg\",\"datePublished\":\"2023-04-11T13:32:26+00:00\",\"dateModified\":\"2023-05-10T07:28:50+00:00\",\"breadcrumb\":{\"@id\":\"https:\\\/\\\/react2020.eu\\\/es\\\/2023\\\/04\\\/11\\\/entrevista-con-el-alcalde-de-carloforte\\\/#breadcrumb\"},\"inLanguage\":\"es\",\"potentialAction\":[{\"@type\":\"ReadAction\",\"target\":[\"https:\\\/\\\/react2020.eu\\\/es\\\/2023\\\/04\\\/11\\\/entrevista-con-el-alcalde-de-carloforte\\\/\"]}]},{\"@type\":\"ImageObject\",\"inLanguage\":\"es\",\"@id\":\"https:\\\/\\\/react2020.eu\\\/es\\\/2023\\\/04\\\/11\\\/entrevista-con-el-alcalde-de-carloforte\\\/#primaryimage\",\"url\":\"https:\\\/\\\/react2020.eu\\\/wp-content\\\/uploads\\\/sites\\\/5\\\/2023\\\/04\\\/Foto_Stefano-Rombi_2.jpg\",\"contentUrl\":\"https:\\\/\\\/react2020.eu\\\/wp-content\\\/uploads\\\/sites\\\/5\\\/2023\\\/04\\\/Foto_Stefano-Rombi_2.jpg\",\"width\":960,\"height\":960},{\"@type\":\"BreadcrumbList\",\"@id\":\"https:\\\/\\\/react2020.eu\\\/es\\\/2023\\\/04\\\/11\\\/entrevista-con-el-alcalde-de-carloforte\\\/#breadcrumb\",\"itemListElement\":[{\"@type\":\"ListItem\",\"position\":1,\"name\":\"Portada\",\"item\":\"https:\\\/\\\/react2020.eu\\\/\"},{\"@type\":\"ListItem\",\"position\":2,\"name\":\"Entrevista con el alcalde de Carloforte\"}]},{\"@type\":\"WebSite\",\"@id\":\"https:\\\/\\\/react2020.eu\\\/#website\",\"url\":\"https:\\\/\\\/react2020.eu\\\/\",\"name\":\"REACT 2020\",\"description\":\"REACT 2020 \u2013 Renewable Energy for Self-Sustainable Island Communties\",\"publisher\":{\"@id\":\"https:\\\/\\\/react2020.eu\\\/#organization\"},\"potentialAction\":[{\"@type\":\"SearchAction\",\"target\":{\"@type\":\"EntryPoint\",\"urlTemplate\":\"https:\\\/\\\/react2020.eu\\\/?s={search_term_string}\"},\"query-input\":{\"@type\":\"PropertyValueSpecification\",\"valueRequired\":true,\"valueName\":\"search_term_string\"}}],\"inLanguage\":\"es\"},{\"@type\":\"Organization\",\"@id\":\"https:\\\/\\\/react2020.eu\\\/#organization\",\"name\":\"REACT 2020\",\"url\":\"https:\\\/\\\/react2020.eu\\\/\",\"logo\":{\"@type\":\"ImageObject\",\"inLanguage\":\"es\",\"@id\":\"https:\\\/\\\/react2020.eu\\\/#\\\/schema\\\/logo\\\/image\\\/\",\"url\":\"https:\\\/\\\/react2020.eu\\\/wp-content\\\/uploads\\\/sites\\\/5\\\/2019\\\/07\\\/1.-REACT_Logo-horizontal_Color_RGB_2.png\",\"contentUrl\":\"https:\\\/\\\/react2020.eu\\\/wp-content\\\/uploads\\\/sites\\\/5\\\/2019\\\/07\\\/1.-REACT_Logo-horizontal_Color_RGB_2.png\",\"width\":1643,\"height\":419,\"caption\":\"REACT 2020\"},\"image\":{\"@id\":\"https:\\\/\\\/react2020.eu\\\/#\\\/schema\\\/logo\\\/image\\\/\"}},{\"@type\":\"Person\",\"@id\":\"https:\\\/\\\/react2020.eu\\\/#\\\/schema\\\/person\\\/681223bb11ce95d8e3192772e810e453\",\"name\":\"faustosainz\",\"image\":{\"@type\":\"ImageObject\",\"inLanguage\":\"es\",\"@id\":\"https:\\\/\\\/secure.gravatar.com\\\/avatar\\\/f228e3d248b75040cfb046462552a8a7f74cabbdb83cd079bcc93fd43607e6c1?s=96&d=mm&r=g\",\"url\":\"https:\\\/\\\/secure.gravatar.com\\\/avatar\\\/f228e3d248b75040cfb046462552a8a7f74cabbdb83cd079bcc93fd43607e6c1?s=96&d=mm&r=g\",\"contentUrl\":\"https:\\\/\\\/secure.gravatar.com\\\/avatar\\\/f228e3d248b75040cfb046462552a8a7f74cabbdb83cd079bcc93fd43607e6c1?s=96&d=mm&r=g\",\"caption\":\"faustosainz\"},\"url\":\"https:\\\/\\\/react2020.eu\\\/es\\\/author\\\/faustosainz\\\/\"}]}<\/script>\n<!-- \/ Yoast SEO plugin. -->","yoast_head_json":{"title":"Entrevista con el alcalde de Carloforte - REACT 2020","robots":{"index":"index","follow":"follow","max-snippet":"max-snippet:-1","max-image-preview":"max-image-preview:large","max-video-preview":"max-video-preview:-1"},"canonical":"https:\/\/react2020.eu\/es\/2023\/04\/11\/entrevista-con-el-alcalde-de-carloforte\/","og_locale":"es_ES","og_type":"article","og_title":"Entrevista con el alcalde de Carloforte - REACT 2020","og_description":"El alcalde de Carloforte, Stefano Rombi, responde a nuestras preguntas. Gracias Stefano por tu compromiso. 1. Como alcalde de Carloforte, \u00bfc\u00f3mo describir\u00eda la situaci\u00f3n energ\u00e9tica actual de la isla? \u00bfCu\u00e1les son sus ambiciones y las herramientas urbanas implementadas para la transici\u00f3n energ\u00e9tica La isla de San Pietro est\u00e1 interconectada en t\u00e9rminos energ\u00e9ticos y esto garantiza ... Leer m\u00e1s","og_url":"https:\/\/react2020.eu\/es\/2023\/04\/11\/entrevista-con-el-alcalde-de-carloforte\/","og_site_name":"REACT 2020","article_published_time":"2023-04-11T13:32:26+00:00","article_modified_time":"2023-05-10T07:28:50+00:00","og_image":[{"width":960,"height":960,"url":"https:\/\/react2020.eu\/wp-content\/uploads\/sites\/5\/2023\/04\/Foto_Stefano-Rombi_2.jpg","type":"image\/jpeg"}],"author":"faustosainz","twitter_card":"summary_large_image","twitter_misc":{"Escrito por":"faustosainz","Tiempo de lectura":"4 minutos"},"schema":{"@context":"https:\/\/schema.org","@graph":[{"@type":"Article","@id":"https:\/\/react2020.eu\/es\/2023\/04\/11\/entrevista-con-el-alcalde-de-carloforte\/#article","isPartOf":{"@id":"https:\/\/react2020.eu\/es\/2023\/04\/11\/entrevista-con-el-alcalde-de-carloforte\/"},"author":{"name":"faustosainz","@id":"https:\/\/react2020.eu\/#\/schema\/person\/681223bb11ce95d8e3192772e810e453"},"headline":"Entrevista con el alcalde de Carloforte","datePublished":"2023-04-11T13:32:26+00:00","dateModified":"2023-05-10T07:28:50+00:00","mainEntityOfPage":{"@id":"https:\/\/react2020.eu\/es\/2023\/04\/11\/entrevista-con-el-alcalde-de-carloforte\/"},"wordCount":835,"publisher":{"@id":"https:\/\/react2020.eu\/#organization"},"image":{"@id":"https:\/\/react2020.eu\/es\/2023\/04\/11\/entrevista-con-el-alcalde-de-carloforte\/#primaryimage"},"thumbnailUrl":"https:\/\/react2020.eu\/wp-content\/uploads\/sites\/5\/2023\/04\/Foto_Stefano-Rombi_2.jpg","articleSection":["Sin categorizar"],"inLanguage":"es"},{"@type":"WebPage","@id":"https:\/\/react2020.eu\/es\/2023\/04\/11\/entrevista-con-el-alcalde-de-carloforte\/","url":"https:\/\/react2020.eu\/es\/2023\/04\/11\/entrevista-con-el-alcalde-de-carloforte\/","name":"Entrevista con el alcalde de Carloforte - REACT 2020","isPartOf":{"@id":"https:\/\/react2020.eu\/#website"},"primaryImageOfPage":{"@id":"https:\/\/react2020.eu\/es\/2023\/04\/11\/entrevista-con-el-alcalde-de-carloforte\/#primaryimage"},"image":{"@id":"https:\/\/react2020.eu\/es\/2023\/04\/11\/entrevista-con-el-alcalde-de-carloforte\/#primaryimage"},"thumbnailUrl":"https:\/\/react2020.eu\/wp-content\/uploads\/sites\/5\/2023\/04\/Foto_Stefano-Rombi_2.jpg","datePublished":"2023-04-11T13:32:26+00:00","dateModified":"2023-05-10T07:28:50+00:00","breadcrumb":{"@id":"https:\/\/react2020.eu\/es\/2023\/04\/11\/entrevista-con-el-alcalde-de-carloforte\/#breadcrumb"},"inLanguage":"es","potentialAction":[{"@type":"ReadAction","target":["https:\/\/react2020.eu\/es\/2023\/04\/11\/entrevista-con-el-alcalde-de-carloforte\/"]}]},{"@type":"ImageObject","inLanguage":"es","@id":"https:\/\/react2020.eu\/es\/2023\/04\/11\/entrevista-con-el-alcalde-de-carloforte\/#primaryimage","url":"https:\/\/react2020.eu\/wp-content\/uploads\/sites\/5\/2023\/04\/Foto_Stefano-Rombi_2.jpg","contentUrl":"https:\/\/react2020.eu\/wp-content\/uploads\/sites\/5\/2023\/04\/Foto_Stefano-Rombi_2.jpg","width":960,"height":960},{"@type":"BreadcrumbList","@id":"https:\/\/react2020.eu\/es\/2023\/04\/11\/entrevista-con-el-alcalde-de-carloforte\/#breadcrumb","itemListElement":[{"@type":"ListItem","position":1,"name":"Portada","item":"https:\/\/react2020.eu\/"},{"@type":"ListItem","position":2,"name":"Entrevista con el alcalde de Carloforte"}]},{"@type":"WebSite","@id":"https:\/\/react2020.eu\/#website","url":"https:\/\/react2020.eu\/","name":"REACT 2020","description":"REACT 2020 \u2013 Renewable Energy for Self-Sustainable Island Communties","publisher":{"@id":"https:\/\/react2020.eu\/#organization"},"potentialAction":[{"@type":"SearchAction","target":{"@type":"EntryPoint","urlTemplate":"https:\/\/react2020.eu\/?s={search_term_string}"},"query-input":{"@type":"PropertyValueSpecification","valueRequired":true,"valueName":"search_term_string"}}],"inLanguage":"es"},{"@type":"Organization","@id":"https:\/\/react2020.eu\/#organization","name":"REACT 2020","url":"https:\/\/react2020.eu\/","logo":{"@type":"ImageObject","inLanguage":"es","@id":"https:\/\/react2020.eu\/#\/schema\/logo\/image\/","url":"https:\/\/react2020.eu\/wp-content\/uploads\/sites\/5\/2019\/07\/1.-REACT_Logo-horizontal_Color_RGB_2.png","contentUrl":"https:\/\/react2020.eu\/wp-content\/uploads\/sites\/5\/2019\/07\/1.-REACT_Logo-horizontal_Color_RGB_2.png","width":1643,"height":419,"caption":"REACT 2020"},"image":{"@id":"https:\/\/react2020.eu\/#\/schema\/logo\/image\/"}},{"@type":"Person","@id":"https:\/\/react2020.eu\/#\/schema\/person\/681223bb11ce95d8e3192772e810e453","name":"faustosainz","image":{"@type":"ImageObject","inLanguage":"es","@id":"https:\/\/secure.gravatar.com\/avatar\/f228e3d248b75040cfb046462552a8a7f74cabbdb83cd079bcc93fd43607e6c1?s=96&d=mm&r=g","url":"https:\/\/secure.gravatar.com\/avatar\/f228e3d248b75040cfb046462552a8a7f74cabbdb83cd079bcc93fd43607e6c1?s=96&d=mm&r=g","contentUrl":"https:\/\/secure.gravatar.com\/avatar\/f228e3d248b75040cfb046462552a8a7f74cabbdb83cd079bcc93fd43607e6c1?s=96&d=mm&r=g","caption":"faustosainz"},"url":"https:\/\/react2020.eu\/es\/author\/faustosainz\/"}]}},"_links":{"self":[{"href":"https:\/\/react2020.eu\/es\/wp-json\/wp\/v2\/posts\/26659","targetHints":{"allow":["GET"]}}],"collection":[{"href":"https:\/\/react2020.eu\/es\/wp-json\/wp\/v2\/posts"}],"about":[{"href":"https:\/\/react2020.eu\/es\/wp-json\/wp\/v2\/types\/post"}],"author":[{"embeddable":true,"href":"https:\/\/react2020.eu\/es\/wp-json\/wp\/v2\/users\/4"}],"replies":[{"embeddable":true,"href":"https:\/\/react2020.eu\/es\/wp-json\/wp\/v2\/comments?post=26659"}],"version-history":[{"count":0,"href":"https:\/\/react2020.eu\/es\/wp-json\/wp\/v2\/posts\/26659\/revisions"}],"wp:featuredmedia":[{"embeddable":true,"href":"https:\/\/react2020.eu\/es\/wp-json\/wp\/v2\/media\/26651"}],"wp:attachment":[{"href":"https:\/\/react2020.eu\/es\/wp-json\/wp\/v2\/media?parent=26659"}],"wp:term":[{"taxonomy":"category","embeddable":true,"href":"https:\/\/react2020.eu\/es\/wp-json\/wp\/v2\/categories?post=26659"},{"taxonomy":"post_tag","embeddable":true,"href":"https:\/\/react2020.eu\/es\/wp-json\/wp\/v2\/tags?post=26659"}],"curies":[{"name":"wp","href":"https:\/\/api.w.org\/{rel}","templated":true}]}}