{"id":26440,"date":"2022-09-22T17:30:40","date_gmt":"2022-09-22T17:30:40","guid":{"rendered":"https:\/\/react2020.eu\/2022\/09\/22\/react-en-sustainable-places-2022\/"},"modified":"2022-09-27T12:38:47","modified_gmt":"2022-09-27T12:38:47","slug":"react-en-sustainable-places-2022","status":"publish","type":"post","link":"https:\/\/react2020.eu\/es\/2022\/09\/22\/react-en-sustainable-places-2022\/","title":{"rendered":"REACT en Sustainable Places 2022"},"content":{"rendered":"\n<p>Del 6 al 9 de septiembre de 2022, el proyecto REACT particip\u00f3 en <a href=\"https:\/\/www.sustainableplaces.eu\/\">Sustainable Places<\/a> 2022, un evento h\u00edbrido (en Niza, Francia, y en l\u00ednea) que este a\u00f1o celebraba su d\u00e9cima edici\u00f3n y ha reunido a casi 150 proyectos de I+D de la UE con un total de mil millones de euros de financiaci\u00f3n comunitaria. Las actividades y resultados de REACT se han presentado a trav\u00e9s de talleres, sesiones de ponencias y la asistencia de socios del proyecto de <a href=\"https:\/\/www.r2msolution.com\/\">R2M<\/a>, <a href=\"https:\/\/comet.technology\/\">COMET<\/a>, <a href=\"http:\/\/www.pupin.rs\/en\/home\/\">Mihajlo Pupin Institute<\/a> y <a href=\"https:\/\/www.tees.ac.uk\/\">Teesside University<\/a>.<\/p>\n\n<figure class=\"wp-block-gallery has-nested-images columns-default is-cropped wp-block-gallery-1 is-layout-flex wp-block-gallery-is-layout-flex\">\n<figure class=\"wp-block-image size-large\"><img fetchpriority=\"high\" decoding=\"async\" width=\"768\" height=\"1024\" data-id=\"26367\" src=\"https:\/\/react2020.eu\/wp-content\/uploads\/sites\/5\/2022\/09\/entradaSP22.jpg\" alt=\"\" class=\"wp-image-26367\" srcset=\"https:\/\/react2020.eu\/wp-content\/uploads\/sites\/5\/2022\/09\/entradaSP22.jpg 768w, https:\/\/react2020.eu\/wp-content\/uploads\/sites\/5\/2022\/09\/entradaSP22-225x300.jpg 225w\" sizes=\"(max-width: 768px) 100vw, 768px\" \/><\/figure>\n\n\n<figure class=\"wp-block-image size-large\"><img decoding=\"async\" width=\"768\" height=\"1024\" data-id=\"26371\" src=\"https:\/\/react2020.eu\/wp-content\/uploads\/sites\/5\/2022\/09\/ROLLUP_REACT-768x1024.jpg\" alt=\"\" class=\"wp-image-26371\" srcset=\"https:\/\/react2020.eu\/wp-content\/uploads\/sites\/5\/2022\/09\/ROLLUP_REACT-768x1024.jpg 768w, https:\/\/react2020.eu\/wp-content\/uploads\/sites\/5\/2022\/09\/ROLLUP_REACT-225x300.jpg 225w, https:\/\/react2020.eu\/wp-content\/uploads\/sites\/5\/2022\/09\/ROLLUP_REACT-1152x1536.jpg 1152w, https:\/\/react2020.eu\/wp-content\/uploads\/sites\/5\/2022\/09\/ROLLUP_REACT.jpg 1328w\" sizes=\"(max-width: 768px) 100vw, 768px\" \/><\/figure><\/figure>\n\n<p>La conferencia ha supuesto una gran oportunidad para poner en valor parte de los \u00faltimos resultados obtenidos en el marco de REACT por varios socios:<\/p>\n\n<p>Por parte de la Universidad de Teesside, la atenci\u00f3n se centr\u00f3 en los aspectos sociales y en la comprensi\u00f3n de los principales impulsores sociales resultado de las entrevistas que investigan tanto las necesidades como las oportunidades de los usuarios finales frente a las plataformas inteligentes de respuesta a la demanda y los conceptos de flexibilidad energ\u00e9tica, y c\u00f3mo favorecer una adopci\u00f3n transparente por parte de los operadores del mercado energ\u00e9tico (proveedores de TIC, ESCos, agregadores de energ\u00eda, DSOs, etc.). La <a href=\"https:\/\/research.tees.ac.uk\/en\/persons\/dana-abi-ghanem\">Dra Dana Abi Ghanem<\/a>, junto con la <a href=\"https:\/\/research.tees.ac.uk\/en\/persons\/tracey-crosbie\">profesora Tracey Crosbie<\/a> (en l\u00ednea), present\u00f3 una investigaci\u00f3n titulada \u00bb Informar sobre una transici\u00f3n equitativa de la energ\u00eda limpia: resultados de una encuesta a residentes en tres islas\u00bb. Las islas corresponden a los tres pilotos del proyecto REACT (La Graciosa, Carloforte y la isla de Ar\u00e1n).<\/p>\n\n<p>Adem\u00e1s, el <a href=\"https:\/\/research.tees.ac.uk\/en\/persons\/michael-short\">profesor Michael Short<\/a> present\u00f3 otras investigaciones recientes sobre el tema: \u00bb Medir la brecha: un enfoque estad\u00edstico para la evaluaci\u00f3n y previsi\u00f3n en l\u00ednea de la participaci\u00f3n humana en los programas de respuesta a la demanda\u00bb. El trabajo se realiz\u00f3 en colaboraci\u00f3n con la profesora Tracey Crosbie.<\/p>\n\n<p>En otra sesi\u00f3n de ponencias, Dana Abi Ghanem explic\u00f3 un trabajo en coautor\u00eda con la Dra. Mina Najafi y la profesora Tracey Crosbie sobre:\u00bbLa configuraci\u00f3n del usuario en el dise\u00f1o y las pruebas de la respuesta a la demanda: Implicaciones para el compromiso de los usuarios con las soluciones de redes inteligentes\u00bb.<\/p>\n\n<p><\/p>\n\n<figure class=\"wp-block-gallery has-nested-images columns-default is-cropped wp-block-gallery-2 is-layout-flex wp-block-gallery-is-layout-flex\">\n<figure class=\"wp-block-image size-large\"><img decoding=\"async\" width=\"800\" height=\"599\" data-id=\"26347\" src=\"https:\/\/react2020.eu\/wp-content\/uploads\/sites\/5\/2022\/09\/1662708983776.jpeg\" alt=\"\" class=\"wp-image-26347\" srcset=\"https:\/\/react2020.eu\/wp-content\/uploads\/sites\/5\/2022\/09\/1662708983776.jpeg 800w, https:\/\/react2020.eu\/wp-content\/uploads\/sites\/5\/2022\/09\/1662708983776-300x225.jpeg 300w, https:\/\/react2020.eu\/wp-content\/uploads\/sites\/5\/2022\/09\/1662708983776-768x575.jpeg 768w\" sizes=\"(max-width: 800px) 100vw, 800px\" \/><\/figure>\n\n\n<figure class=\"wp-block-image size-large\"><img loading=\"lazy\" decoding=\"async\" width=\"800\" height=\"599\" data-id=\"26351\" src=\"https:\/\/react2020.eu\/wp-content\/uploads\/sites\/5\/2022\/09\/1662708980026-1.jpeg\" alt=\"\" class=\"wp-image-26351\" srcset=\"https:\/\/react2020.eu\/wp-content\/uploads\/sites\/5\/2022\/09\/1662708980026-1.jpeg 800w, https:\/\/react2020.eu\/wp-content\/uploads\/sites\/5\/2022\/09\/1662708980026-1-300x225.jpeg 300w, https:\/\/react2020.eu\/wp-content\/uploads\/sites\/5\/2022\/09\/1662708980026-1-768x575.jpeg 768w\" sizes=\"(max-width: 800px) 100vw, 800px\" \/><\/figure><\/figure>\n\n<h2 class=\"wp-block-heading\">Los socios del taller<\/h2>\n\n<p>Durante el taller <a href=\"https:\/\/www.sustainableplaces.eu\/european-islands-clean-energy-transition\/\">Islands\u00a0Clean Energy Transition<\/a>, los proyectos hermanos (<a href=\"https:\/\/islander-project.eu\/\">ISLANDER<\/a>, <a href=\"https:\/\/www.robinson-h2020.eu\/\">ROBINSON<\/a>, <a href=\"https:\/\/www.gift-h2020.eu\/\">GIFT<\/a> y <a href=\"https:\/\/www.nesoi.eu\/\">NESOI<\/a>) y otros proyectos con inquietudes similares (IANOS, INSULAE y MAESHA) exploraron diferentes temas relacionados con las v\u00edas para lograr islas con bajas emisiones de carbono, esquemas de financiaci\u00f3n para alcanzar este objetivo, as\u00ed como los resultados y lecciones aprendidas de los proyectos y de las actividades en sus pilotos.<\/p>\n\n<p>Marko Jeli\u0107, del Instituto Mihajlo Pupin, fue uno de los ponentes que representaron las actividades de REACT.<\/p>\n\n<p>Todos los ponentes hicieron presentaciones interesantes para el p\u00fablico del taller (en persona y en l\u00ednea) sobre c\u00f3mo se enfrentan a un reto com\u00fan: la necesidad de ser aut\u00f3nomos energ\u00e9ticamente al mismo tiempo que desencadenan una v\u00eda de sostenibilidad y resiliencia, basada en las bajas emisiones de carbono. De hecho, todos los proyectos est\u00e1n desarrollando y validando soluciones que emparejan las plantas de fuentes de energ\u00eda renovable (FER) y la flexibilidad de los sistemas locales de gesti\u00f3n de la energ\u00eda, creando a menudo las condiciones para los esquemas de autoconsumo energ\u00e9tico y los modelos de negocio dentro de las comunidades de energ\u00eda renovable (CER).<\/p>\n\n<p>Desde la publicaci\u00f3n de la \u00abDeclaraci\u00f3n de Pol\u00edtica Energ\u00e9tica Limpia para las Islas de la UE\u00bb en 2017, las islas europeas se est\u00e1n convirtiendo en embajadoras de la transici\u00f3n energ\u00e9tica y del uso eficiente de las fuentes de energ\u00eda, y REACT desempe\u00f1a un papel importante dentro de ellas con sus tres proyectos piloto que implementan soluciones de energ\u00eda limpia en La Graciosa, Carloforte y la isla de Ar\u00e1n, as\u00ed como en las cinco islas seguidoras.<\/p>\n\n<h2 class=\"wp-block-heading\">participaci\u00f3n de los usuarios<\/h2>\n\n<p>Todo esto sin olvidar la participaci\u00f3n del usuario. Sin el compromiso del usuario y de la comunidad, el camino del proyecto REACT puede quedar a medias. Son muchas las cuestiones que hay que abordar y los retos que hay que afrontar cuando se coopera en contextos espec\u00edficos como el de las islas peque\u00f1as, donde a veces hay pocas oportunidades de discutir, en debates p\u00fablicos, sobre conceptos como \u00abenerg\u00eda limpia\u00bb, \u00abcomunidades energ\u00e9ticas\u00bb o \u00abflexibilidad energ\u00e9tica\u00bb. Esa es parte de las tareas necesarias: durante el taller se presentaron nuevos enfoques que complementan el compromiso tradicional de los residentes.<\/p>\n\n<h2 class=\"wp-block-heading\">Los retos de la innovaci\u00f3n<\/h2>\n\n<p>Fue \u00fatil conocer los retos de la gesti\u00f3n de la energ\u00eda. Entender que la energ\u00eda cooperativa ahorra costes y aumenta la eficiencia. Adem\u00e1s, fue fascinante aprender que los desarrollos tecnol\u00f3gicos (nuevos materiales, programas inform\u00e1ticos adaptados, etc.) son un reto, pero un avance en la innovaci\u00f3n.<\/p>\n\n<figure class=\"wp-block-image size-full\"><img loading=\"lazy\" decoding=\"async\" width=\"646\" height=\"510\" src=\"https:\/\/react2020.eu\/wp-content\/uploads\/sites\/5\/2022\/09\/image-1.png\" alt=\"\" class=\"wp-image-26355\" srcset=\"https:\/\/react2020.eu\/wp-content\/uploads\/sites\/5\/2022\/09\/image-1.png 646w, https:\/\/react2020.eu\/wp-content\/uploads\/sites\/5\/2022\/09\/image-1-300x237.png 300w\" sizes=\"(max-width: 646px) 100vw, 646px\" \/><figcaption>Nuevos paneles solares de transparencia media<\/figcaption><\/figure>\n<p>Como siempre, el encuentro ha sido un excelente escaparate de proyectos de energ\u00eda verde y una gran oportunidad para entrar en contacto con resultados muy interesantes y fant\u00e1sticos profesionales que agitan nuestras mentes y nos animan a seguir el camino de la investigaci\u00f3n y la innovaci\u00f3n en energ\u00edas limpias.<\/p>\n\n<figure class=\"wp-block-gallery has-nested-images columns-default is-cropped wp-block-gallery-3 is-layout-flex wp-block-gallery-is-layout-flex\">\n<figure class=\"wp-block-image size-large\"><img loading=\"lazy\" decoding=\"async\" width=\"576\" height=\"1024\" data-id=\"26375\" src=\"https:\/\/react2020.eu\/wp-content\/uploads\/sites\/5\/2022\/09\/GENERAL_PUBLICO_1-576x1024.jpg\" alt=\"\" class=\"wp-image-26375\" srcset=\"https:\/\/react2020.eu\/wp-content\/uploads\/sites\/5\/2022\/09\/GENERAL_PUBLICO_1-576x1024.jpg 576w, https:\/\/react2020.eu\/wp-content\/uploads\/sites\/5\/2022\/09\/GENERAL_PUBLICO_1-169x300.jpg 169w, https:\/\/react2020.eu\/wp-content\/uploads\/sites\/5\/2022\/09\/GENERAL_PUBLICO_1-768x1365.jpg 768w, https:\/\/react2020.eu\/wp-content\/uploads\/sites\/5\/2022\/09\/GENERAL_PUBLICO_1-864x1536.jpg 864w, https:\/\/react2020.eu\/wp-content\/uploads\/sites\/5\/2022\/09\/GENERAL_PUBLICO_1.jpg 1080w\" sizes=\"(max-width: 576px) 100vw, 576px\" \/><\/figure>\n\n\n<figure class=\"wp-block-image size-large\"><img loading=\"lazy\" decoding=\"async\" width=\"1024\" height=\"576\" data-id=\"26379\" src=\"https:\/\/react2020.eu\/wp-content\/uploads\/sites\/5\/2022\/09\/Cofeebreak_3-1024x576.jpg\" alt=\"\" class=\"wp-image-26379\" srcset=\"https:\/\/react2020.eu\/wp-content\/uploads\/sites\/5\/2022\/09\/Cofeebreak_3-1024x576.jpg 1024w, https:\/\/react2020.eu\/wp-content\/uploads\/sites\/5\/2022\/09\/Cofeebreak_3-300x169.jpg 300w, https:\/\/react2020.eu\/wp-content\/uploads\/sites\/5\/2022\/09\/Cofeebreak_3-768x432.jpg 768w, https:\/\/react2020.eu\/wp-content\/uploads\/sites\/5\/2022\/09\/Cofeebreak_3-1536x864.jpg 1536w, https:\/\/react2020.eu\/wp-content\/uploads\/sites\/5\/2022\/09\/Cofeebreak_3-1600x900.jpg 1600w, https:\/\/react2020.eu\/wp-content\/uploads\/sites\/5\/2022\/09\/Cofeebreak_3.jpg 1920w\" sizes=\"(max-width: 1024px) 100vw, 1024px\" \/><\/figure><\/figure>\n\n<p>En la SP22 tambi\u00e9n los equipos de Comet Technology y R2M Solution tuvieron la oportunidad de mostrar el roll-up del proyecto y hablar con investigadores, responsables pol\u00edticos, proveedores de tecnolog\u00eda y otras consultor\u00edas que se sumaron a la conferencia.<\/p>\n\n<p>La atenci\u00f3n del p\u00fablico se centr\u00f3 en c\u00f3mo garantizar el acceso a la energ\u00eda a precios asequibles por parte de las comunidades situadas en las islas, al tiempo que se adopta un cambio de mentalidad hacia un estilo de vida descarbonizado y el respeto por los ecosistemas locales y las bellezas medioambientales de las islas.<\/p>\n\n<p>Para ver las presentaciones y el v\u00eddeo del taller, visite: <a href=\"https:\/\/www.sustainableplaces.eu\/european-islands-clean-energy-transition\/\" target=\"_blank\" rel=\"noreferrer noopener\">European Actions towards Geographical Islands Decarbonisation &#8211; Sustainable Places (SP)<\/a><\/p>\n","protected":false},"excerpt":{"rendered":"<p>Del 6 al 9 de septiembre de 2022, el proyecto REACT particip\u00f3 en Sustainable Places 2022, un evento h\u00edbrido (en Niza, Francia, y en l\u00ednea) que este a\u00f1o celebraba su d\u00e9cima edici\u00f3n y ha reunido a casi 150 proyectos de I+D de la UE con un total de mil millones de euros de financiaci\u00f3n comunitaria. &#8230; <a title=\"REACT en Sustainable Places 2022\" class=\"read-more\" href=\"https:\/\/react2020.eu\/es\/2022\/09\/22\/react-en-sustainable-places-2022\/\" aria-label=\"Leer m\u00e1s sobre REACT en Sustainable Places 2022\">Leer m\u00e1s<\/a><\/p>\n","protected":false},"author":4,"featured_media":26342,"comment_status":"closed","ping_status":"closed","sticky":false,"template":"","format":"standard","meta":{"inline_featured_image":false,"footnotes":""},"categories":[8],"tags":[],"class_list":["post-26440","post","type-post","status-publish","format-standard","has-post-thumbnail","hentry","category-sin-categorizar"],"yoast_head":"<!-- This site is optimized with the Yoast SEO plugin v27.4 - https:\/\/yoast.com\/product\/yoast-seo-wordpress\/ -->\n<title>REACT en Sustainable Places 2022 - REACT 2020<\/title>\n<meta name=\"robots\" content=\"index, follow, max-snippet:-1, max-image-preview:large, max-video-preview:-1\" \/>\n<link rel=\"canonical\" href=\"https:\/\/react2020.eu\/es\/2022\/09\/22\/react-en-sustainable-places-2022\/\" \/>\n<meta property=\"og:locale\" content=\"es_ES\" \/>\n<meta property=\"og:type\" content=\"article\" \/>\n<meta property=\"og:title\" content=\"REACT en Sustainable Places 2022 - REACT 2020\" \/>\n<meta property=\"og:description\" content=\"Del 6 al 9 de septiembre de 2022, el proyecto REACT particip\u00f3 en Sustainable Places 2022, un evento h\u00edbrido (en Niza, Francia, y en l\u00ednea) que este a\u00f1o celebraba su d\u00e9cima edici\u00f3n y ha reunido a casi 150 proyectos de I+D de la UE con un total de mil millones de euros de financiaci\u00f3n comunitaria. ... Leer m\u00e1s\" \/>\n<meta property=\"og:url\" content=\"https:\/\/react2020.eu\/es\/2022\/09\/22\/react-en-sustainable-places-2022\/\" \/>\n<meta property=\"og:site_name\" content=\"REACT 2020\" \/>\n<meta property=\"article:published_time\" content=\"2022-09-22T17:30:40+00:00\" \/>\n<meta property=\"article:modified_time\" content=\"2022-09-27T12:38:47+00:00\" \/>\n<meta property=\"og:image\" content=\"https:\/\/react2020.eu\/wp-content\/uploads\/sites\/5\/2022\/09\/image.jpeg\" \/>\n\t<meta property=\"og:image:width\" content=\"442\" \/>\n\t<meta property=\"og:image:height\" content=\"590\" \/>\n\t<meta property=\"og:image:type\" content=\"image\/jpeg\" \/>\n<meta name=\"author\" content=\"faustosainz\" \/>\n<meta name=\"twitter:card\" content=\"summary_large_image\" \/>\n<meta name=\"twitter:label1\" content=\"Escrito por\" \/>\n\t<meta name=\"twitter:data1\" content=\"faustosainz\" \/>\n\t<meta name=\"twitter:label2\" content=\"Tiempo de lectura\" \/>\n\t<meta name=\"twitter:data2\" content=\"5 minutos\" \/>\n<script type=\"application\/ld+json\" class=\"yoast-schema-graph\">{\"@context\":\"https:\\\/\\\/schema.org\",\"@graph\":[{\"@type\":\"Article\",\"@id\":\"https:\\\/\\\/react2020.eu\\\/es\\\/2022\\\/09\\\/22\\\/react-en-sustainable-places-2022\\\/#article\",\"isPartOf\":{\"@id\":\"https:\\\/\\\/react2020.eu\\\/es\\\/2022\\\/09\\\/22\\\/react-en-sustainable-places-2022\\\/\"},\"author\":{\"name\":\"faustosainz\",\"@id\":\"https:\\\/\\\/react2020.eu\\\/#\\\/schema\\\/person\\\/681223bb11ce95d8e3192772e810e453\"},\"headline\":\"REACT en Sustainable Places 2022\",\"datePublished\":\"2022-09-22T17:30:40+00:00\",\"dateModified\":\"2022-09-27T12:38:47+00:00\",\"mainEntityOfPage\":{\"@id\":\"https:\\\/\\\/react2020.eu\\\/es\\\/2022\\\/09\\\/22\\\/react-en-sustainable-places-2022\\\/\"},\"wordCount\":1015,\"publisher\":{\"@id\":\"https:\\\/\\\/react2020.eu\\\/#organization\"},\"image\":{\"@id\":\"https:\\\/\\\/react2020.eu\\\/es\\\/2022\\\/09\\\/22\\\/react-en-sustainable-places-2022\\\/#primaryimage\"},\"thumbnailUrl\":\"https:\\\/\\\/react2020.eu\\\/wp-content\\\/uploads\\\/sites\\\/5\\\/2022\\\/09\\\/image.jpeg\",\"articleSection\":[\"Sin categorizar\"],\"inLanguage\":\"es\"},{\"@type\":\"WebPage\",\"@id\":\"https:\\\/\\\/react2020.eu\\\/es\\\/2022\\\/09\\\/22\\\/react-en-sustainable-places-2022\\\/\",\"url\":\"https:\\\/\\\/react2020.eu\\\/es\\\/2022\\\/09\\\/22\\\/react-en-sustainable-places-2022\\\/\",\"name\":\"REACT en Sustainable Places 2022 - REACT 2020\",\"isPartOf\":{\"@id\":\"https:\\\/\\\/react2020.eu\\\/#website\"},\"primaryImageOfPage\":{\"@id\":\"https:\\\/\\\/react2020.eu\\\/es\\\/2022\\\/09\\\/22\\\/react-en-sustainable-places-2022\\\/#primaryimage\"},\"image\":{\"@id\":\"https:\\\/\\\/react2020.eu\\\/es\\\/2022\\\/09\\\/22\\\/react-en-sustainable-places-2022\\\/#primaryimage\"},\"thumbnailUrl\":\"https:\\\/\\\/react2020.eu\\\/wp-content\\\/uploads\\\/sites\\\/5\\\/2022\\\/09\\\/image.jpeg\",\"datePublished\":\"2022-09-22T17:30:40+00:00\",\"dateModified\":\"2022-09-27T12:38:47+00:00\",\"breadcrumb\":{\"@id\":\"https:\\\/\\\/react2020.eu\\\/es\\\/2022\\\/09\\\/22\\\/react-en-sustainable-places-2022\\\/#breadcrumb\"},\"inLanguage\":\"es\",\"potentialAction\":[{\"@type\":\"ReadAction\",\"target\":[\"https:\\\/\\\/react2020.eu\\\/es\\\/2022\\\/09\\\/22\\\/react-en-sustainable-places-2022\\\/\"]}]},{\"@type\":\"ImageObject\",\"inLanguage\":\"es\",\"@id\":\"https:\\\/\\\/react2020.eu\\\/es\\\/2022\\\/09\\\/22\\\/react-en-sustainable-places-2022\\\/#primaryimage\",\"url\":\"https:\\\/\\\/react2020.eu\\\/wp-content\\\/uploads\\\/sites\\\/5\\\/2022\\\/09\\\/image.jpeg\",\"contentUrl\":\"https:\\\/\\\/react2020.eu\\\/wp-content\\\/uploads\\\/sites\\\/5\\\/2022\\\/09\\\/image.jpeg\",\"width\":442,\"height\":590},{\"@type\":\"BreadcrumbList\",\"@id\":\"https:\\\/\\\/react2020.eu\\\/es\\\/2022\\\/09\\\/22\\\/react-en-sustainable-places-2022\\\/#breadcrumb\",\"itemListElement\":[{\"@type\":\"ListItem\",\"position\":1,\"name\":\"Portada\",\"item\":\"https:\\\/\\\/react2020.eu\\\/\"},{\"@type\":\"ListItem\",\"position\":2,\"name\":\"REACT en Sustainable Places 2022\"}]},{\"@type\":\"WebSite\",\"@id\":\"https:\\\/\\\/react2020.eu\\\/#website\",\"url\":\"https:\\\/\\\/react2020.eu\\\/\",\"name\":\"REACT 2020\",\"description\":\"REACT 2020 \u2013 Renewable Energy for Self-Sustainable Island Communties\",\"publisher\":{\"@id\":\"https:\\\/\\\/react2020.eu\\\/#organization\"},\"potentialAction\":[{\"@type\":\"SearchAction\",\"target\":{\"@type\":\"EntryPoint\",\"urlTemplate\":\"https:\\\/\\\/react2020.eu\\\/?s={search_term_string}\"},\"query-input\":{\"@type\":\"PropertyValueSpecification\",\"valueRequired\":true,\"valueName\":\"search_term_string\"}}],\"inLanguage\":\"es\"},{\"@type\":\"Organization\",\"@id\":\"https:\\\/\\\/react2020.eu\\\/#organization\",\"name\":\"REACT 2020\",\"url\":\"https:\\\/\\\/react2020.eu\\\/\",\"logo\":{\"@type\":\"ImageObject\",\"inLanguage\":\"es\",\"@id\":\"https:\\\/\\\/react2020.eu\\\/#\\\/schema\\\/logo\\\/image\\\/\",\"url\":\"https:\\\/\\\/react2020.eu\\\/wp-content\\\/uploads\\\/sites\\\/5\\\/2019\\\/07\\\/1.-REACT_Logo-horizontal_Color_RGB_2.png\",\"contentUrl\":\"https:\\\/\\\/react2020.eu\\\/wp-content\\\/uploads\\\/sites\\\/5\\\/2019\\\/07\\\/1.-REACT_Logo-horizontal_Color_RGB_2.png\",\"width\":1643,\"height\":419,\"caption\":\"REACT 2020\"},\"image\":{\"@id\":\"https:\\\/\\\/react2020.eu\\\/#\\\/schema\\\/logo\\\/image\\\/\"}},{\"@type\":\"Person\",\"@id\":\"https:\\\/\\\/react2020.eu\\\/#\\\/schema\\\/person\\\/681223bb11ce95d8e3192772e810e453\",\"name\":\"faustosainz\",\"image\":{\"@type\":\"ImageObject\",\"inLanguage\":\"es\",\"@id\":\"https:\\\/\\\/secure.gravatar.com\\\/avatar\\\/f228e3d248b75040cfb046462552a8a7f74cabbdb83cd079bcc93fd43607e6c1?s=96&d=mm&r=g\",\"url\":\"https:\\\/\\\/secure.gravatar.com\\\/avatar\\\/f228e3d248b75040cfb046462552a8a7f74cabbdb83cd079bcc93fd43607e6c1?s=96&d=mm&r=g\",\"contentUrl\":\"https:\\\/\\\/secure.gravatar.com\\\/avatar\\\/f228e3d248b75040cfb046462552a8a7f74cabbdb83cd079bcc93fd43607e6c1?s=96&d=mm&r=g\",\"caption\":\"faustosainz\"},\"url\":\"https:\\\/\\\/react2020.eu\\\/es\\\/author\\\/faustosainz\\\/\"}]}<\/script>\n<!-- \/ Yoast SEO plugin. -->","yoast_head_json":{"title":"REACT en Sustainable Places 2022 - REACT 2020","robots":{"index":"index","follow":"follow","max-snippet":"max-snippet:-1","max-image-preview":"max-image-preview:large","max-video-preview":"max-video-preview:-1"},"canonical":"https:\/\/react2020.eu\/es\/2022\/09\/22\/react-en-sustainable-places-2022\/","og_locale":"es_ES","og_type":"article","og_title":"REACT en Sustainable Places 2022 - REACT 2020","og_description":"Del 6 al 9 de septiembre de 2022, el proyecto REACT particip\u00f3 en Sustainable Places 2022, un evento h\u00edbrido (en Niza, Francia, y en l\u00ednea) que este a\u00f1o celebraba su d\u00e9cima edici\u00f3n y ha reunido a casi 150 proyectos de I+D de la UE con un total de mil millones de euros de financiaci\u00f3n comunitaria. ... Leer m\u00e1s","og_url":"https:\/\/react2020.eu\/es\/2022\/09\/22\/react-en-sustainable-places-2022\/","og_site_name":"REACT 2020","article_published_time":"2022-09-22T17:30:40+00:00","article_modified_time":"2022-09-27T12:38:47+00:00","og_image":[{"width":442,"height":590,"url":"https:\/\/react2020.eu\/wp-content\/uploads\/sites\/5\/2022\/09\/image.jpeg","type":"image\/jpeg"}],"author":"faustosainz","twitter_card":"summary_large_image","twitter_misc":{"Escrito por":"faustosainz","Tiempo de lectura":"5 minutos"},"schema":{"@context":"https:\/\/schema.org","@graph":[{"@type":"Article","@id":"https:\/\/react2020.eu\/es\/2022\/09\/22\/react-en-sustainable-places-2022\/#article","isPartOf":{"@id":"https:\/\/react2020.eu\/es\/2022\/09\/22\/react-en-sustainable-places-2022\/"},"author":{"name":"faustosainz","@id":"https:\/\/react2020.eu\/#\/schema\/person\/681223bb11ce95d8e3192772e810e453"},"headline":"REACT en Sustainable Places 2022","datePublished":"2022-09-22T17:30:40+00:00","dateModified":"2022-09-27T12:38:47+00:00","mainEntityOfPage":{"@id":"https:\/\/react2020.eu\/es\/2022\/09\/22\/react-en-sustainable-places-2022\/"},"wordCount":1015,"publisher":{"@id":"https:\/\/react2020.eu\/#organization"},"image":{"@id":"https:\/\/react2020.eu\/es\/2022\/09\/22\/react-en-sustainable-places-2022\/#primaryimage"},"thumbnailUrl":"https:\/\/react2020.eu\/wp-content\/uploads\/sites\/5\/2022\/09\/image.jpeg","articleSection":["Sin categorizar"],"inLanguage":"es"},{"@type":"WebPage","@id":"https:\/\/react2020.eu\/es\/2022\/09\/22\/react-en-sustainable-places-2022\/","url":"https:\/\/react2020.eu\/es\/2022\/09\/22\/react-en-sustainable-places-2022\/","name":"REACT en Sustainable Places 2022 - REACT 2020","isPartOf":{"@id":"https:\/\/react2020.eu\/#website"},"primaryImageOfPage":{"@id":"https:\/\/react2020.eu\/es\/2022\/09\/22\/react-en-sustainable-places-2022\/#primaryimage"},"image":{"@id":"https:\/\/react2020.eu\/es\/2022\/09\/22\/react-en-sustainable-places-2022\/#primaryimage"},"thumbnailUrl":"https:\/\/react2020.eu\/wp-content\/uploads\/sites\/5\/2022\/09\/image.jpeg","datePublished":"2022-09-22T17:30:40+00:00","dateModified":"2022-09-27T12:38:47+00:00","breadcrumb":{"@id":"https:\/\/react2020.eu\/es\/2022\/09\/22\/react-en-sustainable-places-2022\/#breadcrumb"},"inLanguage":"es","potentialAction":[{"@type":"ReadAction","target":["https:\/\/react2020.eu\/es\/2022\/09\/22\/react-en-sustainable-places-2022\/"]}]},{"@type":"ImageObject","inLanguage":"es","@id":"https:\/\/react2020.eu\/es\/2022\/09\/22\/react-en-sustainable-places-2022\/#primaryimage","url":"https:\/\/react2020.eu\/wp-content\/uploads\/sites\/5\/2022\/09\/image.jpeg","contentUrl":"https:\/\/react2020.eu\/wp-content\/uploads\/sites\/5\/2022\/09\/image.jpeg","width":442,"height":590},{"@type":"BreadcrumbList","@id":"https:\/\/react2020.eu\/es\/2022\/09\/22\/react-en-sustainable-places-2022\/#breadcrumb","itemListElement":[{"@type":"ListItem","position":1,"name":"Portada","item":"https:\/\/react2020.eu\/"},{"@type":"ListItem","position":2,"name":"REACT en Sustainable Places 2022"}]},{"@type":"WebSite","@id":"https:\/\/react2020.eu\/#website","url":"https:\/\/react2020.eu\/","name":"REACT 2020","description":"REACT 2020 \u2013 Renewable Energy for Self-Sustainable Island Communties","publisher":{"@id":"https:\/\/react2020.eu\/#organization"},"potentialAction":[{"@type":"SearchAction","target":{"@type":"EntryPoint","urlTemplate":"https:\/\/react2020.eu\/?s={search_term_string}"},"query-input":{"@type":"PropertyValueSpecification","valueRequired":true,"valueName":"search_term_string"}}],"inLanguage":"es"},{"@type":"Organization","@id":"https:\/\/react2020.eu\/#organization","name":"REACT 2020","url":"https:\/\/react2020.eu\/","logo":{"@type":"ImageObject","inLanguage":"es","@id":"https:\/\/react2020.eu\/#\/schema\/logo\/image\/","url":"https:\/\/react2020.eu\/wp-content\/uploads\/sites\/5\/2019\/07\/1.-REACT_Logo-horizontal_Color_RGB_2.png","contentUrl":"https:\/\/react2020.eu\/wp-content\/uploads\/sites\/5\/2019\/07\/1.-REACT_Logo-horizontal_Color_RGB_2.png","width":1643,"height":419,"caption":"REACT 2020"},"image":{"@id":"https:\/\/react2020.eu\/#\/schema\/logo\/image\/"}},{"@type":"Person","@id":"https:\/\/react2020.eu\/#\/schema\/person\/681223bb11ce95d8e3192772e810e453","name":"faustosainz","image":{"@type":"ImageObject","inLanguage":"es","@id":"https:\/\/secure.gravatar.com\/avatar\/f228e3d248b75040cfb046462552a8a7f74cabbdb83cd079bcc93fd43607e6c1?s=96&d=mm&r=g","url":"https:\/\/secure.gravatar.com\/avatar\/f228e3d248b75040cfb046462552a8a7f74cabbdb83cd079bcc93fd43607e6c1?s=96&d=mm&r=g","contentUrl":"https:\/\/secure.gravatar.com\/avatar\/f228e3d248b75040cfb046462552a8a7f74cabbdb83cd079bcc93fd43607e6c1?s=96&d=mm&r=g","caption":"faustosainz"},"url":"https:\/\/react2020.eu\/es\/author\/faustosainz\/"}]}},"_links":{"self":[{"href":"https:\/\/react2020.eu\/es\/wp-json\/wp\/v2\/posts\/26440","targetHints":{"allow":["GET"]}}],"collection":[{"href":"https:\/\/react2020.eu\/es\/wp-json\/wp\/v2\/posts"}],"about":[{"href":"https:\/\/react2020.eu\/es\/wp-json\/wp\/v2\/types\/post"}],"author":[{"embeddable":true,"href":"https:\/\/react2020.eu\/es\/wp-json\/wp\/v2\/users\/4"}],"replies":[{"embeddable":true,"href":"https:\/\/react2020.eu\/es\/wp-json\/wp\/v2\/comments?post=26440"}],"version-history":[{"count":0,"href":"https:\/\/react2020.eu\/es\/wp-json\/wp\/v2\/posts\/26440\/revisions"}],"wp:featuredmedia":[{"embeddable":true,"href":"https:\/\/react2020.eu\/es\/wp-json\/wp\/v2\/media\/26342"}],"wp:attachment":[{"href":"https:\/\/react2020.eu\/es\/wp-json\/wp\/v2\/media?parent=26440"}],"wp:term":[{"taxonomy":"category","embeddable":true,"href":"https:\/\/react2020.eu\/es\/wp-json\/wp\/v2\/categories?post=26440"},{"taxonomy":"post_tag","embeddable":true,"href":"https:\/\/react2020.eu\/es\/wp-json\/wp\/v2\/tags?post=26440"}],"curies":[{"name":"wp","href":"https:\/\/api.w.org\/{rel}","templated":true}]}}