{"id":26150,"date":"2022-07-05T06:42:45","date_gmt":"2022-07-05T06:42:45","guid":{"rendered":"https:\/\/react2020.eu\/2022\/07\/05\/como-la-ia-puede-respaldar-los-programas-de-respuesta-a-la-demanda\/"},"modified":"2022-09-22T17:30:26","modified_gmt":"2022-09-22T17:30:26","slug":"como-la-ia-puede-respaldar-los-programas-de-respuesta-a-la-demanda","status":"publish","type":"post","link":"https:\/\/react2020.eu\/es\/2022\/07\/05\/como-la-ia-puede-respaldar-los-programas-de-respuesta-a-la-demanda\/","title":{"rendered":"C\u00f3mo la IA puede respaldar los programas de respuesta a la demanda"},"content":{"rendered":"\n<p>Hasta hace poco, la combinaci\u00f3n energ\u00e9tica ha estado dominada de manera desproporcionada por los combustibles f\u00f3siles que requieren ser quemados y, por lo tanto, contaminan nuestro medio ambiente para producir la energ\u00eda el\u00e9ctrica que todos necesitamos para nuestra vida diaria. Al hacerlo, sin darnos cuenta, hemos optado por sacrificar nuestro h\u00e1bitat por la prosperidad industrial y econ\u00f3mica. Para tratar de mitigar estos efectos negativos y tratar de detener una mayor contaminaci\u00f3n del medio ambiente, se deben realizar esfuerzos significativos por nuestra parte. Por ejemplo; introducir y seguir aumentando la penetraci\u00f3n de fuentes de energ\u00eda renovables en el lado de la producci\u00f3n de energ\u00eda el\u00e9ctrica. De esta forma, se podr\u00eda satisfacer la demanda el\u00e9ctrica bas\u00e1ndonos en energ\u00edas limpias ya accesibles, como la solar o la e\u00f3lica, sin da\u00f1ar el medio ambiente. Esto tambi\u00e9n se aplica a las peque\u00f1as comunidades insulares, como las que participan en el proyecto REACT, que generalmente dependen del continente para el suministro de energ\u00eda. Esta situaci\u00f3n a menudo da como resultado una alta dependencia energ\u00e9tica y econ\u00f3mica de factores externos, por lo que lograr la autosuficiencia es un objetivo crucial para el cual es necesario el aumento de la generaci\u00f3n de energ\u00eda renovable.<\/p>\n\n<p>Sin embargo, la producci\u00f3n de fuentes de energ\u00eda renovable depende en gran medida de las condiciones meteorol\u00f3gicas que son de naturaleza estoc\u00e1stica, por lo que la producci\u00f3n de energ\u00eda renovable no se puede controlar, aumentar o disminuir de acuerdo con la demanda actual. Por ejemplo, los picos de demanda son comunes entre las 6 p. m. y las 8 p. m., cuando muchas personas regresan a casa del trabajo. Desafortunadamente, este momento no coincide con la mayor radiaci\u00f3n solar durante el d\u00eda y, por lo tanto, con la producci\u00f3n m\u00e1xima de energ\u00eda de las c\u00e9lulas solares. Por otro lado, el desajuste entre el lado de la producci\u00f3n y el de la demanda puede causar inestabilidad en la red el\u00e9ctrica y, en consecuencia, la prioridad para encontrar una soluci\u00f3n a este problema es muy alta. Teniendo todo esto en cuenta, se puede concluir que es necesaria una planificaci\u00f3n cuidadosa y garantizar un despacho de energ\u00eda \u00f3ptimo para tener un sistema de suministro de energ\u00eda estable mientras se utiliza una alta penetraci\u00f3n de fuentes de energ\u00eda renovable. Por lo tanto, se requieren estimaciones de la producci\u00f3n de energ\u00eda renovable esperada, as\u00ed como de la demanda de los usuarios, para poder llevar a cabo la planificaci\u00f3n del balance energ\u00e9tico. Justo aqu\u00ed es cuando la inteligencia artificial, o m\u00e1s precisamente, las t\u00e9cnicas de aprendizaje autom\u00e1tico, pueden jugar un papel importante en las plataformas que buscan implementar diferentes programas de respuesta a la demanda como REACT.<\/p>\n\n<figure class=\"wp-block-image size-full is-resized\"><img fetchpriority=\"high\" decoding=\"async\" src=\"https:\/\/react2020.eu\/wp-content\/uploads\/sites\/5\/2022\/07\/image.png\" alt=\"\" class=\"wp-image-26138\" width=\"931\" height=\"454\" srcset=\"https:\/\/react2020.eu\/wp-content\/uploads\/sites\/5\/2022\/07\/image.png 734w, https:\/\/react2020.eu\/wp-content\/uploads\/sites\/5\/2022\/07\/image-300x146.png 300w\" sizes=\"(max-width: 931px) 100vw, 931px\" \/><\/figure>\n<p>Los modelos de aprendizaje autom\u00e1tico tienen muchos par\u00e1metros num\u00e9ricos que se ajustan de acuerdo con la cantidad de datos hist\u00f3ricos disponibles, de modo que sus predicciones sean lo m\u00e1s similares posible al comportamiento anterior del mundo real. En otras palabras, los modelos de aprendizaje autom\u00e1tico obtienen par\u00e1metros de entrada relevantes, extraen informaci\u00f3n relevante de ellos y proporcionan resultados estimados. Por ejemplo, si quisi\u00e9ramos estimar la producci\u00f3n solar fotovoltaica (FV), el primer paso ser\u00eda detectar qu\u00e9 factores influyen en su producci\u00f3n. La m\u00e1s importante es, definitivamente, la radiaci\u00f3n solar ya que a mayor radiaci\u00f3n solar se espera mayor producci\u00f3n fotovoltaica. Adem\u00e1s, una mayor cobertura de nubes dar\u00eda como resultado una menor producci\u00f3n y, por lo tanto, tambi\u00e9n deber\u00eda considerarse. Adem\u00e1s, la temperatura exterior afecta la eficiencia de los paneles fotovoltaicos, ya que son m\u00e1s eficientes cuando la temperatura es m\u00e1s baja. Una vez que se seleccionan todos los par\u00e1metros de entrada relevantes, la producci\u00f3n esperada se puede estimar en funci\u00f3n de sus valores.<\/p>\n\n<p>Tambi\u00e9n se podr\u00eda llevar a cabo un enfoque similar para los pronosticadores de la demanda. Uno de los factores m\u00e1s comunes para la predicci\u00f3n de la carga el\u00e9ctrica son los par\u00e1metros relacionados con el tiempo. Como ya se ha comentado, es habitual que los picos de demanda se presenten en las primeras horas de la ma\u00f1ana y la tarde durante los d\u00edas laborables, mientras que la demanda es notablemente menor en horario laboral o nocturno. Por otro lado, la forma de la curva de carga durante los fines de semana o d\u00edas festivos cambia significativamente ya que hay m\u00e1s usuarios presentes en casa. De manera similar, la estacionalidad tambi\u00e9n puede afectar el consumo total de energ\u00eda. Por ejemplo, en climas m\u00e1s fr\u00edos, la energ\u00eda el\u00e9ctrica se usa a veces durante el invierno para calefacci\u00f3n, mientras que ese no es el caso durante el verano. Por lo tanto, todas estas conclusiones se utilizan durante la fase de dise\u00f1o del modelo ML, para que pueda lograr la mayor precisi\u00f3n posible.<\/p>\n\n<p>En resumen, como se ilustra en la figura a continuaci\u00f3n, los modelos de aprendizaje autom\u00e1tico detectan cu\u00e1les son los factores m\u00e1s importantes para sus predicciones y requieren una gran cantidad de datos hist\u00f3ricos correspondientes. Esos datos son utilizados adem\u00e1s por algoritmos especializados que proporcionan modelos optimizados capaces de calcular predicciones precisas.<\/p>\n\n<p><\/p>\n\n<p>En este art\u00edculo, presentamos algunas aplicaciones del aprendizaje autom\u00e1tico en proyectos relacionados con la energ\u00eda y tratamos de acercar el aprendizaje autom\u00e1tico a los usuarios finales. Sin embargo, su potencial va mucho m\u00e1s all\u00e1 de lo presentado aqu\u00ed, entonces, \u00bfpodr\u00eda usted pensar en otras aplicaciones de la inteligencia artificial que podr\u00edan ser \u00fatiles en el futuro?<\/p>\n\n<p>Dea Puji\u0107 del Instituto Mihajlo Pupin, Universidad de Belgrado.<\/p>\n\n<p>Para crear esta publicaci\u00f3n se usaron los siguientes \u00edconos:<\/p>\n\n<p>https:\/\/www.flaticon.com\/free-icons\/bucket created by justicon &#8211; Flaticon<\/p>\n\n<p>https:\/\/www.flaticon.com\/free-icons\/machine-learning created by Freepik &#8211; Flaticon<\/p>\n\n<p>https:\/\/www.flaticon.com\/free-icons\/arrow created by Creatype &#8211; Flaticon<\/p>\n\n<p>https:\/\/www.flaticon.com\/free-icons\/machine-learning created by Eucalyp &#8211; Flaticon<\/p>\n\n<p>https:\/\/www.flaticon.com\/free-icons\/prediction created by Parzival\u2019 1997 &#8211; Flaticon<\/p>\n","protected":false},"excerpt":{"rendered":"<p>Hasta hace poco, la combinaci\u00f3n energ\u00e9tica ha estado dominada de manera desproporcionada por los combustibles f\u00f3siles que requieren ser quemados y, por lo tanto, contaminan nuestro medio ambiente para producir la energ\u00eda el\u00e9ctrica que todos necesitamos para nuestra vida diaria. Al hacerlo, sin darnos cuenta, hemos optado por sacrificar nuestro h\u00e1bitat por la prosperidad industrial &#8230; <a title=\"C\u00f3mo la IA puede respaldar los programas de respuesta a la demanda\" class=\"read-more\" href=\"https:\/\/react2020.eu\/es\/2022\/07\/05\/como-la-ia-puede-respaldar-los-programas-de-respuesta-a-la-demanda\/\" aria-label=\"Leer m\u00e1s sobre C\u00f3mo la IA puede respaldar los programas de respuesta a la demanda\">Leer m\u00e1s<\/a><\/p>\n","protected":false},"author":4,"featured_media":26147,"comment_status":"closed","ping_status":"closed","sticky":false,"template":"","format":"standard","meta":{"inline_featured_image":false,"footnotes":""},"categories":[8],"tags":[],"class_list":["post-26150","post","type-post","status-publish","format-standard","has-post-thumbnail","hentry","category-sin-categorizar"],"yoast_head":"<!-- This site is optimized with the Yoast SEO plugin v27.4 - https:\/\/yoast.com\/product\/yoast-seo-wordpress\/ -->\n<title>C\u00f3mo la IA puede respaldar los programas de respuesta a la demanda - REACT 2020<\/title>\n<meta name=\"robots\" content=\"index, follow, max-snippet:-1, max-image-preview:large, max-video-preview:-1\" \/>\n<link rel=\"canonical\" href=\"https:\/\/react2020.eu\/es\/2022\/07\/05\/como-la-ia-puede-respaldar-los-programas-de-respuesta-a-la-demanda\/\" \/>\n<meta property=\"og:locale\" content=\"es_ES\" \/>\n<meta property=\"og:type\" content=\"article\" \/>\n<meta property=\"og:title\" content=\"C\u00f3mo la IA puede respaldar los programas de respuesta a la demanda - REACT 2020\" \/>\n<meta property=\"og:description\" content=\"Hasta hace poco, la combinaci\u00f3n energ\u00e9tica ha estado dominada de manera desproporcionada por los combustibles f\u00f3siles que requieren ser quemados y, por lo tanto, contaminan nuestro medio ambiente para producir la energ\u00eda el\u00e9ctrica que todos necesitamos para nuestra vida diaria. Al hacerlo, sin darnos cuenta, hemos optado por sacrificar nuestro h\u00e1bitat por la prosperidad industrial ... Leer m\u00e1s\" \/>\n<meta property=\"og:url\" content=\"https:\/\/react2020.eu\/es\/2022\/07\/05\/como-la-ia-puede-respaldar-los-programas-de-respuesta-a-la-demanda\/\" \/>\n<meta property=\"og:site_name\" content=\"REACT 2020\" \/>\n<meta property=\"article:published_time\" content=\"2022-07-05T06:42:45+00:00\" \/>\n<meta property=\"article:modified_time\" content=\"2022-09-22T17:30:26+00:00\" \/>\n<meta property=\"og:image\" content=\"https:\/\/react2020.eu\/wp-content\/uploads\/sites\/5\/2022\/07\/Captura-de-pantalla-2022-07-05-a-las-8.26.29.png\" \/>\n\t<meta property=\"og:image:width\" content=\"2560\" \/>\n\t<meta property=\"og:image:height\" content=\"1600\" \/>\n\t<meta property=\"og:image:type\" content=\"image\/png\" \/>\n<meta name=\"author\" content=\"faustosainz\" \/>\n<meta name=\"twitter:card\" content=\"summary_large_image\" \/>\n<meta name=\"twitter:label1\" content=\"Escrito por\" \/>\n\t<meta name=\"twitter:data1\" content=\"faustosainz\" \/>\n\t<meta name=\"twitter:label2\" content=\"Tiempo de lectura\" \/>\n\t<meta name=\"twitter:data2\" content=\"5 minutos\" \/>\n<script type=\"application\/ld+json\" class=\"yoast-schema-graph\">{\"@context\":\"https:\\\/\\\/schema.org\",\"@graph\":[{\"@type\":\"Article\",\"@id\":\"https:\\\/\\\/react2020.eu\\\/es\\\/2022\\\/07\\\/05\\\/como-la-ia-puede-respaldar-los-programas-de-respuesta-a-la-demanda\\\/#article\",\"isPartOf\":{\"@id\":\"https:\\\/\\\/react2020.eu\\\/es\\\/2022\\\/07\\\/05\\\/como-la-ia-puede-respaldar-los-programas-de-respuesta-a-la-demanda\\\/\"},\"author\":{\"name\":\"faustosainz\",\"@id\":\"https:\\\/\\\/react2020.eu\\\/#\\\/schema\\\/person\\\/681223bb11ce95d8e3192772e810e453\"},\"headline\":\"C\u00f3mo la IA puede respaldar los programas de respuesta a la demanda\",\"datePublished\":\"2022-07-05T06:42:45+00:00\",\"dateModified\":\"2022-09-22T17:30:26+00:00\",\"mainEntityOfPage\":{\"@id\":\"https:\\\/\\\/react2020.eu\\\/es\\\/2022\\\/07\\\/05\\\/como-la-ia-puede-respaldar-los-programas-de-respuesta-a-la-demanda\\\/\"},\"wordCount\":1072,\"publisher\":{\"@id\":\"https:\\\/\\\/react2020.eu\\\/#organization\"},\"image\":{\"@id\":\"https:\\\/\\\/react2020.eu\\\/es\\\/2022\\\/07\\\/05\\\/como-la-ia-puede-respaldar-los-programas-de-respuesta-a-la-demanda\\\/#primaryimage\"},\"thumbnailUrl\":\"https:\\\/\\\/react2020.eu\\\/wp-content\\\/uploads\\\/sites\\\/5\\\/2022\\\/07\\\/Captura-de-pantalla-2022-07-05-a-las-8.26.29.png\",\"articleSection\":[\"Sin categorizar\"],\"inLanguage\":\"es\"},{\"@type\":\"WebPage\",\"@id\":\"https:\\\/\\\/react2020.eu\\\/es\\\/2022\\\/07\\\/05\\\/como-la-ia-puede-respaldar-los-programas-de-respuesta-a-la-demanda\\\/\",\"url\":\"https:\\\/\\\/react2020.eu\\\/es\\\/2022\\\/07\\\/05\\\/como-la-ia-puede-respaldar-los-programas-de-respuesta-a-la-demanda\\\/\",\"name\":\"C\u00f3mo la IA puede respaldar los programas de respuesta a la demanda - REACT 2020\",\"isPartOf\":{\"@id\":\"https:\\\/\\\/react2020.eu\\\/#website\"},\"primaryImageOfPage\":{\"@id\":\"https:\\\/\\\/react2020.eu\\\/es\\\/2022\\\/07\\\/05\\\/como-la-ia-puede-respaldar-los-programas-de-respuesta-a-la-demanda\\\/#primaryimage\"},\"image\":{\"@id\":\"https:\\\/\\\/react2020.eu\\\/es\\\/2022\\\/07\\\/05\\\/como-la-ia-puede-respaldar-los-programas-de-respuesta-a-la-demanda\\\/#primaryimage\"},\"thumbnailUrl\":\"https:\\\/\\\/react2020.eu\\\/wp-content\\\/uploads\\\/sites\\\/5\\\/2022\\\/07\\\/Captura-de-pantalla-2022-07-05-a-las-8.26.29.png\",\"datePublished\":\"2022-07-05T06:42:45+00:00\",\"dateModified\":\"2022-09-22T17:30:26+00:00\",\"breadcrumb\":{\"@id\":\"https:\\\/\\\/react2020.eu\\\/es\\\/2022\\\/07\\\/05\\\/como-la-ia-puede-respaldar-los-programas-de-respuesta-a-la-demanda\\\/#breadcrumb\"},\"inLanguage\":\"es\",\"potentialAction\":[{\"@type\":\"ReadAction\",\"target\":[\"https:\\\/\\\/react2020.eu\\\/es\\\/2022\\\/07\\\/05\\\/como-la-ia-puede-respaldar-los-programas-de-respuesta-a-la-demanda\\\/\"]}]},{\"@type\":\"ImageObject\",\"inLanguage\":\"es\",\"@id\":\"https:\\\/\\\/react2020.eu\\\/es\\\/2022\\\/07\\\/05\\\/como-la-ia-puede-respaldar-los-programas-de-respuesta-a-la-demanda\\\/#primaryimage\",\"url\":\"https:\\\/\\\/react2020.eu\\\/wp-content\\\/uploads\\\/sites\\\/5\\\/2022\\\/07\\\/Captura-de-pantalla-2022-07-05-a-las-8.26.29.png\",\"contentUrl\":\"https:\\\/\\\/react2020.eu\\\/wp-content\\\/uploads\\\/sites\\\/5\\\/2022\\\/07\\\/Captura-de-pantalla-2022-07-05-a-las-8.26.29.png\",\"width\":2560,\"height\":1600},{\"@type\":\"BreadcrumbList\",\"@id\":\"https:\\\/\\\/react2020.eu\\\/es\\\/2022\\\/07\\\/05\\\/como-la-ia-puede-respaldar-los-programas-de-respuesta-a-la-demanda\\\/#breadcrumb\",\"itemListElement\":[{\"@type\":\"ListItem\",\"position\":1,\"name\":\"Portada\",\"item\":\"https:\\\/\\\/react2020.eu\\\/\"},{\"@type\":\"ListItem\",\"position\":2,\"name\":\"C\u00f3mo la IA puede respaldar los programas de respuesta a la demanda\"}]},{\"@type\":\"WebSite\",\"@id\":\"https:\\\/\\\/react2020.eu\\\/#website\",\"url\":\"https:\\\/\\\/react2020.eu\\\/\",\"name\":\"REACT 2020\",\"description\":\"REACT 2020 \u2013 Renewable Energy for Self-Sustainable Island Communties\",\"publisher\":{\"@id\":\"https:\\\/\\\/react2020.eu\\\/#organization\"},\"potentialAction\":[{\"@type\":\"SearchAction\",\"target\":{\"@type\":\"EntryPoint\",\"urlTemplate\":\"https:\\\/\\\/react2020.eu\\\/?s={search_term_string}\"},\"query-input\":{\"@type\":\"PropertyValueSpecification\",\"valueRequired\":true,\"valueName\":\"search_term_string\"}}],\"inLanguage\":\"es\"},{\"@type\":\"Organization\",\"@id\":\"https:\\\/\\\/react2020.eu\\\/#organization\",\"name\":\"REACT 2020\",\"url\":\"https:\\\/\\\/react2020.eu\\\/\",\"logo\":{\"@type\":\"ImageObject\",\"inLanguage\":\"es\",\"@id\":\"https:\\\/\\\/react2020.eu\\\/#\\\/schema\\\/logo\\\/image\\\/\",\"url\":\"https:\\\/\\\/react2020.eu\\\/wp-content\\\/uploads\\\/sites\\\/5\\\/2019\\\/07\\\/1.-REACT_Logo-horizontal_Color_RGB_2.png\",\"contentUrl\":\"https:\\\/\\\/react2020.eu\\\/wp-content\\\/uploads\\\/sites\\\/5\\\/2019\\\/07\\\/1.-REACT_Logo-horizontal_Color_RGB_2.png\",\"width\":1643,\"height\":419,\"caption\":\"REACT 2020\"},\"image\":{\"@id\":\"https:\\\/\\\/react2020.eu\\\/#\\\/schema\\\/logo\\\/image\\\/\"}},{\"@type\":\"Person\",\"@id\":\"https:\\\/\\\/react2020.eu\\\/#\\\/schema\\\/person\\\/681223bb11ce95d8e3192772e810e453\",\"name\":\"faustosainz\",\"image\":{\"@type\":\"ImageObject\",\"inLanguage\":\"es\",\"@id\":\"https:\\\/\\\/secure.gravatar.com\\\/avatar\\\/f228e3d248b75040cfb046462552a8a7f74cabbdb83cd079bcc93fd43607e6c1?s=96&d=mm&r=g\",\"url\":\"https:\\\/\\\/secure.gravatar.com\\\/avatar\\\/f228e3d248b75040cfb046462552a8a7f74cabbdb83cd079bcc93fd43607e6c1?s=96&d=mm&r=g\",\"contentUrl\":\"https:\\\/\\\/secure.gravatar.com\\\/avatar\\\/f228e3d248b75040cfb046462552a8a7f74cabbdb83cd079bcc93fd43607e6c1?s=96&d=mm&r=g\",\"caption\":\"faustosainz\"},\"url\":\"https:\\\/\\\/react2020.eu\\\/es\\\/author\\\/faustosainz\\\/\"}]}<\/script>\n<!-- \/ Yoast SEO plugin. -->","yoast_head_json":{"title":"C\u00f3mo la IA puede respaldar los programas de respuesta a la demanda - REACT 2020","robots":{"index":"index","follow":"follow","max-snippet":"max-snippet:-1","max-image-preview":"max-image-preview:large","max-video-preview":"max-video-preview:-1"},"canonical":"https:\/\/react2020.eu\/es\/2022\/07\/05\/como-la-ia-puede-respaldar-los-programas-de-respuesta-a-la-demanda\/","og_locale":"es_ES","og_type":"article","og_title":"C\u00f3mo la IA puede respaldar los programas de respuesta a la demanda - REACT 2020","og_description":"Hasta hace poco, la combinaci\u00f3n energ\u00e9tica ha estado dominada de manera desproporcionada por los combustibles f\u00f3siles que requieren ser quemados y, por lo tanto, contaminan nuestro medio ambiente para producir la energ\u00eda el\u00e9ctrica que todos necesitamos para nuestra vida diaria. Al hacerlo, sin darnos cuenta, hemos optado por sacrificar nuestro h\u00e1bitat por la prosperidad industrial ... Leer m\u00e1s","og_url":"https:\/\/react2020.eu\/es\/2022\/07\/05\/como-la-ia-puede-respaldar-los-programas-de-respuesta-a-la-demanda\/","og_site_name":"REACT 2020","article_published_time":"2022-07-05T06:42:45+00:00","article_modified_time":"2022-09-22T17:30:26+00:00","og_image":[{"width":2560,"height":1600,"url":"https:\/\/react2020.eu\/wp-content\/uploads\/sites\/5\/2022\/07\/Captura-de-pantalla-2022-07-05-a-las-8.26.29.png","type":"image\/png"}],"author":"faustosainz","twitter_card":"summary_large_image","twitter_misc":{"Escrito por":"faustosainz","Tiempo de lectura":"5 minutos"},"schema":{"@context":"https:\/\/schema.org","@graph":[{"@type":"Article","@id":"https:\/\/react2020.eu\/es\/2022\/07\/05\/como-la-ia-puede-respaldar-los-programas-de-respuesta-a-la-demanda\/#article","isPartOf":{"@id":"https:\/\/react2020.eu\/es\/2022\/07\/05\/como-la-ia-puede-respaldar-los-programas-de-respuesta-a-la-demanda\/"},"author":{"name":"faustosainz","@id":"https:\/\/react2020.eu\/#\/schema\/person\/681223bb11ce95d8e3192772e810e453"},"headline":"C\u00f3mo la IA puede respaldar los programas de respuesta a la demanda","datePublished":"2022-07-05T06:42:45+00:00","dateModified":"2022-09-22T17:30:26+00:00","mainEntityOfPage":{"@id":"https:\/\/react2020.eu\/es\/2022\/07\/05\/como-la-ia-puede-respaldar-los-programas-de-respuesta-a-la-demanda\/"},"wordCount":1072,"publisher":{"@id":"https:\/\/react2020.eu\/#organization"},"image":{"@id":"https:\/\/react2020.eu\/es\/2022\/07\/05\/como-la-ia-puede-respaldar-los-programas-de-respuesta-a-la-demanda\/#primaryimage"},"thumbnailUrl":"https:\/\/react2020.eu\/wp-content\/uploads\/sites\/5\/2022\/07\/Captura-de-pantalla-2022-07-05-a-las-8.26.29.png","articleSection":["Sin categorizar"],"inLanguage":"es"},{"@type":"WebPage","@id":"https:\/\/react2020.eu\/es\/2022\/07\/05\/como-la-ia-puede-respaldar-los-programas-de-respuesta-a-la-demanda\/","url":"https:\/\/react2020.eu\/es\/2022\/07\/05\/como-la-ia-puede-respaldar-los-programas-de-respuesta-a-la-demanda\/","name":"C\u00f3mo la IA puede respaldar los programas de respuesta a la demanda - REACT 2020","isPartOf":{"@id":"https:\/\/react2020.eu\/#website"},"primaryImageOfPage":{"@id":"https:\/\/react2020.eu\/es\/2022\/07\/05\/como-la-ia-puede-respaldar-los-programas-de-respuesta-a-la-demanda\/#primaryimage"},"image":{"@id":"https:\/\/react2020.eu\/es\/2022\/07\/05\/como-la-ia-puede-respaldar-los-programas-de-respuesta-a-la-demanda\/#primaryimage"},"thumbnailUrl":"https:\/\/react2020.eu\/wp-content\/uploads\/sites\/5\/2022\/07\/Captura-de-pantalla-2022-07-05-a-las-8.26.29.png","datePublished":"2022-07-05T06:42:45+00:00","dateModified":"2022-09-22T17:30:26+00:00","breadcrumb":{"@id":"https:\/\/react2020.eu\/es\/2022\/07\/05\/como-la-ia-puede-respaldar-los-programas-de-respuesta-a-la-demanda\/#breadcrumb"},"inLanguage":"es","potentialAction":[{"@type":"ReadAction","target":["https:\/\/react2020.eu\/es\/2022\/07\/05\/como-la-ia-puede-respaldar-los-programas-de-respuesta-a-la-demanda\/"]}]},{"@type":"ImageObject","inLanguage":"es","@id":"https:\/\/react2020.eu\/es\/2022\/07\/05\/como-la-ia-puede-respaldar-los-programas-de-respuesta-a-la-demanda\/#primaryimage","url":"https:\/\/react2020.eu\/wp-content\/uploads\/sites\/5\/2022\/07\/Captura-de-pantalla-2022-07-05-a-las-8.26.29.png","contentUrl":"https:\/\/react2020.eu\/wp-content\/uploads\/sites\/5\/2022\/07\/Captura-de-pantalla-2022-07-05-a-las-8.26.29.png","width":2560,"height":1600},{"@type":"BreadcrumbList","@id":"https:\/\/react2020.eu\/es\/2022\/07\/05\/como-la-ia-puede-respaldar-los-programas-de-respuesta-a-la-demanda\/#breadcrumb","itemListElement":[{"@type":"ListItem","position":1,"name":"Portada","item":"https:\/\/react2020.eu\/"},{"@type":"ListItem","position":2,"name":"C\u00f3mo la IA puede respaldar los programas de respuesta a la demanda"}]},{"@type":"WebSite","@id":"https:\/\/react2020.eu\/#website","url":"https:\/\/react2020.eu\/","name":"REACT 2020","description":"REACT 2020 \u2013 Renewable Energy for Self-Sustainable Island Communties","publisher":{"@id":"https:\/\/react2020.eu\/#organization"},"potentialAction":[{"@type":"SearchAction","target":{"@type":"EntryPoint","urlTemplate":"https:\/\/react2020.eu\/?s={search_term_string}"},"query-input":{"@type":"PropertyValueSpecification","valueRequired":true,"valueName":"search_term_string"}}],"inLanguage":"es"},{"@type":"Organization","@id":"https:\/\/react2020.eu\/#organization","name":"REACT 2020","url":"https:\/\/react2020.eu\/","logo":{"@type":"ImageObject","inLanguage":"es","@id":"https:\/\/react2020.eu\/#\/schema\/logo\/image\/","url":"https:\/\/react2020.eu\/wp-content\/uploads\/sites\/5\/2019\/07\/1.-REACT_Logo-horizontal_Color_RGB_2.png","contentUrl":"https:\/\/react2020.eu\/wp-content\/uploads\/sites\/5\/2019\/07\/1.-REACT_Logo-horizontal_Color_RGB_2.png","width":1643,"height":419,"caption":"REACT 2020"},"image":{"@id":"https:\/\/react2020.eu\/#\/schema\/logo\/image\/"}},{"@type":"Person","@id":"https:\/\/react2020.eu\/#\/schema\/person\/681223bb11ce95d8e3192772e810e453","name":"faustosainz","image":{"@type":"ImageObject","inLanguage":"es","@id":"https:\/\/secure.gravatar.com\/avatar\/f228e3d248b75040cfb046462552a8a7f74cabbdb83cd079bcc93fd43607e6c1?s=96&d=mm&r=g","url":"https:\/\/secure.gravatar.com\/avatar\/f228e3d248b75040cfb046462552a8a7f74cabbdb83cd079bcc93fd43607e6c1?s=96&d=mm&r=g","contentUrl":"https:\/\/secure.gravatar.com\/avatar\/f228e3d248b75040cfb046462552a8a7f74cabbdb83cd079bcc93fd43607e6c1?s=96&d=mm&r=g","caption":"faustosainz"},"url":"https:\/\/react2020.eu\/es\/author\/faustosainz\/"}]}},"_links":{"self":[{"href":"https:\/\/react2020.eu\/es\/wp-json\/wp\/v2\/posts\/26150","targetHints":{"allow":["GET"]}}],"collection":[{"href":"https:\/\/react2020.eu\/es\/wp-json\/wp\/v2\/posts"}],"about":[{"href":"https:\/\/react2020.eu\/es\/wp-json\/wp\/v2\/types\/post"}],"author":[{"embeddable":true,"href":"https:\/\/react2020.eu\/es\/wp-json\/wp\/v2\/users\/4"}],"replies":[{"embeddable":true,"href":"https:\/\/react2020.eu\/es\/wp-json\/wp\/v2\/comments?post=26150"}],"version-history":[{"count":0,"href":"https:\/\/react2020.eu\/es\/wp-json\/wp\/v2\/posts\/26150\/revisions"}],"wp:featuredmedia":[{"embeddable":true,"href":"https:\/\/react2020.eu\/es\/wp-json\/wp\/v2\/media\/26147"}],"wp:attachment":[{"href":"https:\/\/react2020.eu\/es\/wp-json\/wp\/v2\/media?parent=26150"}],"wp:term":[{"taxonomy":"category","embeddable":true,"href":"https:\/\/react2020.eu\/es\/wp-json\/wp\/v2\/categories?post=26150"},{"taxonomy":"post_tag","embeddable":true,"href":"https:\/\/react2020.eu\/es\/wp-json\/wp\/v2\/tags?post=26150"}],"curies":[{"name":"wp","href":"https:\/\/api.w.org\/{rel}","templated":true}]}}