{"id":25582,"date":"2021-12-01T16:08:40","date_gmt":"2021-12-01T16:08:40","guid":{"rendered":"https:\/\/react2020.eu\/2021\/12\/01\/vi-asamblea-general-en-soave\/"},"modified":"2021-12-01T16:08:40","modified_gmt":"2021-12-01T16:08:40","slug":"vi-asamblea-general-en-soave","status":"publish","type":"post","link":"https:\/\/react2020.eu\/es\/2021\/12\/01\/vi-asamblea-general-en-soave\/","title":{"rendered":"VI Asamblea General en Soave"},"content":{"rendered":"\n<p>Soave ha sido un lugar perfecto para albergar la VI Asamblea General en modo h\u00edbrido, tras la larga pausa en las reuniones cara a cara debido al Covid-19. Ha sido una reuni\u00f3n productiva e inspiradora para todo el consorcio. Se ha informado sobre los avances en las instalaciones en los tres pilotos, y podemos decir ahora que la implementaci\u00f3n de tecnolog\u00edas software y hardware avanzan a buen ritmo despu\u00e9s de los problemas en los \u00faltimos a\u00f1os. El per\u00edodo de la pandemia obviamente afect\u00f3 el ritmo de la instalaci\u00f3n del material y los tres pilotos en edificios p\u00fablicos y privados por igual.<\/p>\n\n<figure class=\"wp-block-image size-large\"><img fetchpriority=\"high\" decoding=\"async\" width=\"768\" height=\"1024\" src=\"https:\/\/react2020.eu\/wp-content\/uploads\/sites\/5\/2021\/11\/hybrid-768x1024.jpg\" alt=\"\" class=\"wp-image-25521\" srcset=\"https:\/\/react2020.eu\/wp-content\/uploads\/sites\/5\/2021\/11\/hybrid-768x1024.jpg 768w, https:\/\/react2020.eu\/wp-content\/uploads\/sites\/5\/2021\/11\/hybrid-225x300.jpg 225w, https:\/\/react2020.eu\/wp-content\/uploads\/sites\/5\/2021\/11\/hybrid-1152x1536.jpg 1152w, https:\/\/react2020.eu\/wp-content\/uploads\/sites\/5\/2021\/11\/hybrid.jpg 1200w\" sizes=\"(max-width: 768px) 100vw, 768px\" \/><\/figure>\n<p>La prueba en la configuraci\u00f3n de algunos sistemas, la integraci\u00f3n y la validaci\u00f3n de los sistemas residenciales est\u00e1n procediendo al despliegue de la conexi\u00f3n entre los componentes en los escenarios de integraci\u00f3n de la plataforma de reacci\u00f3n para bombas de calor y otras tecnolog\u00edas. Tambi\u00e9n hablamos sobre la adaptabilidad de la soluci\u00f3n REACT. Todos coincidimos en la importancia del compromiso y en c\u00f3mo un buen dise\u00f1o y desarrollo tecnol\u00f3gico puede ayudar a la adopci\u00f3n de tecnolog\u00eda por parte de los posibles usuarios.<\/p>\n\n<figure class=\"wp-block-image size-large\"><img decoding=\"async\" width=\"1024\" height=\"768\" src=\"https:\/\/react2020.eu\/wp-content\/uploads\/sites\/5\/2021\/11\/IMG_20211117_125741960-1024x768.jpg\" alt=\"\" class=\"wp-image-25545\" srcset=\"https:\/\/react2020.eu\/wp-content\/uploads\/sites\/5\/2021\/11\/IMG_20211117_125741960-1024x768.jpg 1024w, https:\/\/react2020.eu\/wp-content\/uploads\/sites\/5\/2021\/11\/IMG_20211117_125741960-300x225.jpg 300w, https:\/\/react2020.eu\/wp-content\/uploads\/sites\/5\/2021\/11\/IMG_20211117_125741960-768x576.jpg 768w, https:\/\/react2020.eu\/wp-content\/uploads\/sites\/5\/2021\/11\/IMG_20211117_125741960-1536x1152.jpg 1536w, https:\/\/react2020.eu\/wp-content\/uploads\/sites\/5\/2021\/11\/IMG_20211117_125741960.jpg 1600w\" sizes=\"(max-width: 1024px) 100vw, 1024px\" \/><\/figure>\n<p>Hubo una interesante reflexi\u00f3n sobre la funcionalidad actual presentada por los casos de uso y c\u00f3mo algunos de ellos necesitan ser validados y cu\u00e1n diferentes est\u00e1n representados todos los interesados y sus necesidades reflejadas en los casos de uso para su validaci\u00f3n. A su vez, estos se reflejar\u00e1n en el dise\u00f1o y la configuraci\u00f3n de la aplicaci\u00f3n para que, por ejemplo, un usuario pueda decidir sobre la informaci\u00f3n que recompensa el futuro y los ahorros relacionados con el consumo energ\u00e9tico actual.<\/p>\n\n<figure class=\"wp-block-image size-large\"><img decoding=\"async\" width=\"768\" height=\"1024\" src=\"https:\/\/react2020.eu\/wp-content\/uploads\/sites\/5\/2021\/11\/IMG_20211117_101029951-768x1024.jpg\" alt=\"\" class=\"wp-image-25525\" srcset=\"https:\/\/react2020.eu\/wp-content\/uploads\/sites\/5\/2021\/11\/IMG_20211117_101029951-768x1024.jpg 768w, https:\/\/react2020.eu\/wp-content\/uploads\/sites\/5\/2021\/11\/IMG_20211117_101029951-225x300.jpg 225w, https:\/\/react2020.eu\/wp-content\/uploads\/sites\/5\/2021\/11\/IMG_20211117_101029951-1152x1536.jpg 1152w, https:\/\/react2020.eu\/wp-content\/uploads\/sites\/5\/2021\/11\/IMG_20211117_101029951.jpg 1200w\" sizes=\"(max-width: 768px) 100vw, 768px\" \/><\/figure>\n<p>Todos estos esfuerzos deben conducir al objetivo m\u00e1s general de promover la transici\u00f3n energ\u00e9tica y, para ello, la informaci\u00f3n debe presentarse de manera comprensible y f\u00e1cil de actuar. Por lo tanto, parece necesario adaptar los mensajes y utilizar los canales, herramientas e interfaces correctos para lograr los objetivos finales del proyecto en la poblaci\u00f3n en general.<\/p>\n\n<p>El consorcio tambi\u00e9n habl\u00f3 sobre el an\u00e1lisis PESTEL realizado en los pa\u00edses piloto y todos obtuvimos informaci\u00f3n sobre la situaci\u00f3n legal y social en las tres islas. Es importante que el mensaje llegue a la poblaci\u00f3n en general y tambi\u00e9n genere oportunidades comerciales, as\u00ed como transici\u00f3n energ\u00e9tica y conciencia de la comunidad energ\u00e9tica.<\/p>\n\n<figure class=\"wp-block-image size-large\"><img loading=\"lazy\" decoding=\"async\" width=\"1024\" height=\"768\" src=\"https:\/\/react2020.eu\/wp-content\/uploads\/sites\/5\/2021\/11\/IMG_20211116_090615998-1024x768.jpg\" alt=\"\" class=\"wp-image-25533\" srcset=\"https:\/\/react2020.eu\/wp-content\/uploads\/sites\/5\/2021\/11\/IMG_20211116_090615998-1024x768.jpg 1024w, https:\/\/react2020.eu\/wp-content\/uploads\/sites\/5\/2021\/11\/IMG_20211116_090615998-300x225.jpg 300w, https:\/\/react2020.eu\/wp-content\/uploads\/sites\/5\/2021\/11\/IMG_20211116_090615998-768x576.jpg 768w, https:\/\/react2020.eu\/wp-content\/uploads\/sites\/5\/2021\/11\/IMG_20211116_090615998-1536x1152.jpg 1536w, https:\/\/react2020.eu\/wp-content\/uploads\/sites\/5\/2021\/11\/IMG_20211116_090615998.jpg 1600w\" sizes=\"(max-width: 1024px) 100vw, 1024px\" \/><\/figure>\n<figure class=\"wp-block-image size-large\"><img loading=\"lazy\" decoding=\"async\" width=\"1024\" height=\"768\" src=\"https:\/\/react2020.eu\/wp-content\/uploads\/sites\/5\/2021\/11\/IMG_20211116_191404485-1024x768.jpg\" alt=\"\" class=\"wp-image-25537\" srcset=\"https:\/\/react2020.eu\/wp-content\/uploads\/sites\/5\/2021\/11\/IMG_20211116_191404485-1024x768.jpg 1024w, https:\/\/react2020.eu\/wp-content\/uploads\/sites\/5\/2021\/11\/IMG_20211116_191404485-300x225.jpg 300w, https:\/\/react2020.eu\/wp-content\/uploads\/sites\/5\/2021\/11\/IMG_20211116_191404485-768x576.jpg 768w, https:\/\/react2020.eu\/wp-content\/uploads\/sites\/5\/2021\/11\/IMG_20211116_191404485-1536x1152.jpg 1536w, https:\/\/react2020.eu\/wp-content\/uploads\/sites\/5\/2021\/11\/IMG_20211116_191404485-2048x1536.jpg 2048w, https:\/\/react2020.eu\/wp-content\/uploads\/sites\/5\/2021\/11\/IMG_20211116_191404485-1600x1200.jpg 1600w\" sizes=\"(max-width: 1024px) 100vw, 1024px\" \/><\/figure>\n<p>La \u00faltima tarde visitamos nuestras instalaciones anfitrionas MIDAC, donde nos guiaron por la f\u00e1brica y nos informaron sobre el proceso de producci\u00f3n de bater\u00edas. Agradecemos mucho al personal de MIDAC por tan gran experiencia did\u00e1ctica llevada a cabo de la manera m\u00e1s agradable y eficaz. Fue muy satisfactorio estar en contacto directo con el proceso de fabricaci\u00f3n de las bater\u00edas y que sus productores nos explicaran los detalles del proceso.<\/p>\n\n<figure class=\"wp-block-image size-large\"><img loading=\"lazy\" decoding=\"async\" width=\"1024\" height=\"768\" src=\"https:\/\/react2020.eu\/wp-content\/uploads\/sites\/5\/2021\/11\/IMG_20211117_164139831-1024x768.jpg\" alt=\"\" class=\"wp-image-25541\" srcset=\"https:\/\/react2020.eu\/wp-content\/uploads\/sites\/5\/2021\/11\/IMG_20211117_164139831-1024x768.jpg 1024w, https:\/\/react2020.eu\/wp-content\/uploads\/sites\/5\/2021\/11\/IMG_20211117_164139831-300x225.jpg 300w, https:\/\/react2020.eu\/wp-content\/uploads\/sites\/5\/2021\/11\/IMG_20211117_164139831-768x576.jpg 768w, https:\/\/react2020.eu\/wp-content\/uploads\/sites\/5\/2021\/11\/IMG_20211117_164139831-1536x1152.jpg 1536w, https:\/\/react2020.eu\/wp-content\/uploads\/sites\/5\/2021\/11\/IMG_20211117_164139831.jpg 1600w\" sizes=\"(max-width: 1024px) 100vw, 1024px\" \/><\/figure>\n<p>Ahora estamos esperando los desarrollos de los pr\u00f3ximos meses y sus presentaciones en la pr\u00f3xima reuni\u00f3n cuando se expongan  resultados tangibles.<\/p>\n","protected":false},"excerpt":{"rendered":"<p>Soave ha sido un lugar perfecto para albergar la VI Asamblea General en modo h\u00edbrido, tras la larga pausa en las reuniones cara a cara debido al Covid-19. Ha sido una reuni\u00f3n productiva e inspiradora para todo el consorcio. Se ha informado sobre los avances en las instalaciones en los tres pilotos, y podemos decir &#8230; <a title=\"VI Asamblea General en Soave\" class=\"read-more\" href=\"https:\/\/react2020.eu\/es\/2021\/12\/01\/vi-asamblea-general-en-soave\/\" aria-label=\"Leer m\u00e1s sobre VI Asamblea General en Soave\">Leer m\u00e1s<\/a><\/p>\n","protected":false},"author":4,"featured_media":25553,"comment_status":"closed","ping_status":"closed","sticky":false,"template":"","format":"standard","meta":{"inline_featured_image":false,"footnotes":""},"categories":[8],"tags":[],"class_list":["post-25582","post","type-post","status-publish","format-standard","has-post-thumbnail","hentry","category-sin-categorizar"],"yoast_head":"<!-- This site is optimized with the Yoast SEO plugin v27.4 - https:\/\/yoast.com\/product\/yoast-seo-wordpress\/ -->\n<title>VI Asamblea General en Soave - REACT 2020<\/title>\n<meta name=\"robots\" content=\"index, follow, max-snippet:-1, max-image-preview:large, max-video-preview:-1\" \/>\n<link rel=\"canonical\" href=\"https:\/\/react2020.eu\/es\/2021\/12\/01\/vi-asamblea-general-en-soave\/\" \/>\n<meta property=\"og:locale\" content=\"es_ES\" \/>\n<meta property=\"og:type\" content=\"article\" \/>\n<meta property=\"og:title\" content=\"VI Asamblea General en Soave - REACT 2020\" \/>\n<meta property=\"og:description\" content=\"Soave ha sido un lugar perfecto para albergar la VI Asamblea General en modo h\u00edbrido, tras la larga pausa en las reuniones cara a cara debido al Covid-19. Ha sido una reuni\u00f3n productiva e inspiradora para todo el consorcio. Se ha informado sobre los avances en las instalaciones en los tres pilotos, y podemos decir ... Leer m\u00e1s\" \/>\n<meta property=\"og:url\" content=\"https:\/\/react2020.eu\/es\/2021\/12\/01\/vi-asamblea-general-en-soave\/\" \/>\n<meta property=\"og:site_name\" content=\"REACT 2020\" \/>\n<meta property=\"article:published_time\" content=\"2021-12-01T16:08:40+00:00\" \/>\n<meta property=\"og:image\" content=\"https:\/\/react2020.eu\/wp-content\/uploads\/sites\/5\/2021\/11\/showroom.jpg\" \/>\n\t<meta property=\"og:image:width\" content=\"1600\" \/>\n\t<meta property=\"og:image:height\" content=\"1200\" \/>\n\t<meta property=\"og:image:type\" content=\"image\/jpeg\" \/>\n<meta name=\"author\" content=\"faustosainz\" \/>\n<meta name=\"twitter:card\" content=\"summary_large_image\" \/>\n<meta name=\"twitter:label1\" content=\"Escrito por\" \/>\n\t<meta name=\"twitter:data1\" content=\"faustosainz\" \/>\n\t<meta name=\"twitter:label2\" content=\"Tiempo de lectura\" \/>\n\t<meta name=\"twitter:data2\" content=\"3 minutos\" \/>\n<script type=\"application\/ld+json\" class=\"yoast-schema-graph\">{\"@context\":\"https:\\\/\\\/schema.org\",\"@graph\":[{\"@type\":\"Article\",\"@id\":\"https:\\\/\\\/react2020.eu\\\/es\\\/2021\\\/12\\\/01\\\/vi-asamblea-general-en-soave\\\/#article\",\"isPartOf\":{\"@id\":\"https:\\\/\\\/react2020.eu\\\/es\\\/2021\\\/12\\\/01\\\/vi-asamblea-general-en-soave\\\/\"},\"author\":{\"name\":\"faustosainz\",\"@id\":\"https:\\\/\\\/react2020.eu\\\/#\\\/schema\\\/person\\\/681223bb11ce95d8e3192772e810e453\"},\"headline\":\"VI Asamblea General en Soave\",\"datePublished\":\"2021-12-01T16:08:40+00:00\",\"mainEntityOfPage\":{\"@id\":\"https:\\\/\\\/react2020.eu\\\/es\\\/2021\\\/12\\\/01\\\/vi-asamblea-general-en-soave\\\/\"},\"wordCount\":530,\"publisher\":{\"@id\":\"https:\\\/\\\/react2020.eu\\\/#organization\"},\"image\":{\"@id\":\"https:\\\/\\\/react2020.eu\\\/es\\\/2021\\\/12\\\/01\\\/vi-asamblea-general-en-soave\\\/#primaryimage\"},\"thumbnailUrl\":\"https:\\\/\\\/react2020.eu\\\/wp-content\\\/uploads\\\/sites\\\/5\\\/2021\\\/11\\\/showroom.jpg\",\"articleSection\":[\"Sin categorizar\"],\"inLanguage\":\"es\"},{\"@type\":\"WebPage\",\"@id\":\"https:\\\/\\\/react2020.eu\\\/es\\\/2021\\\/12\\\/01\\\/vi-asamblea-general-en-soave\\\/\",\"url\":\"https:\\\/\\\/react2020.eu\\\/es\\\/2021\\\/12\\\/01\\\/vi-asamblea-general-en-soave\\\/\",\"name\":\"VI Asamblea General en Soave - REACT 2020\",\"isPartOf\":{\"@id\":\"https:\\\/\\\/react2020.eu\\\/#website\"},\"primaryImageOfPage\":{\"@id\":\"https:\\\/\\\/react2020.eu\\\/es\\\/2021\\\/12\\\/01\\\/vi-asamblea-general-en-soave\\\/#primaryimage\"},\"image\":{\"@id\":\"https:\\\/\\\/react2020.eu\\\/es\\\/2021\\\/12\\\/01\\\/vi-asamblea-general-en-soave\\\/#primaryimage\"},\"thumbnailUrl\":\"https:\\\/\\\/react2020.eu\\\/wp-content\\\/uploads\\\/sites\\\/5\\\/2021\\\/11\\\/showroom.jpg\",\"datePublished\":\"2021-12-01T16:08:40+00:00\",\"breadcrumb\":{\"@id\":\"https:\\\/\\\/react2020.eu\\\/es\\\/2021\\\/12\\\/01\\\/vi-asamblea-general-en-soave\\\/#breadcrumb\"},\"inLanguage\":\"es\",\"potentialAction\":[{\"@type\":\"ReadAction\",\"target\":[\"https:\\\/\\\/react2020.eu\\\/es\\\/2021\\\/12\\\/01\\\/vi-asamblea-general-en-soave\\\/\"]}]},{\"@type\":\"ImageObject\",\"inLanguage\":\"es\",\"@id\":\"https:\\\/\\\/react2020.eu\\\/es\\\/2021\\\/12\\\/01\\\/vi-asamblea-general-en-soave\\\/#primaryimage\",\"url\":\"https:\\\/\\\/react2020.eu\\\/wp-content\\\/uploads\\\/sites\\\/5\\\/2021\\\/11\\\/showroom.jpg\",\"contentUrl\":\"https:\\\/\\\/react2020.eu\\\/wp-content\\\/uploads\\\/sites\\\/5\\\/2021\\\/11\\\/showroom.jpg\",\"width\":1600,\"height\":1200},{\"@type\":\"BreadcrumbList\",\"@id\":\"https:\\\/\\\/react2020.eu\\\/es\\\/2021\\\/12\\\/01\\\/vi-asamblea-general-en-soave\\\/#breadcrumb\",\"itemListElement\":[{\"@type\":\"ListItem\",\"position\":1,\"name\":\"Portada\",\"item\":\"https:\\\/\\\/react2020.eu\\\/\"},{\"@type\":\"ListItem\",\"position\":2,\"name\":\"VI Asamblea General en Soave\"}]},{\"@type\":\"WebSite\",\"@id\":\"https:\\\/\\\/react2020.eu\\\/#website\",\"url\":\"https:\\\/\\\/react2020.eu\\\/\",\"name\":\"REACT 2020\",\"description\":\"REACT 2020 \u2013 Renewable Energy for Self-Sustainable Island Communties\",\"publisher\":{\"@id\":\"https:\\\/\\\/react2020.eu\\\/#organization\"},\"potentialAction\":[{\"@type\":\"SearchAction\",\"target\":{\"@type\":\"EntryPoint\",\"urlTemplate\":\"https:\\\/\\\/react2020.eu\\\/?s={search_term_string}\"},\"query-input\":{\"@type\":\"PropertyValueSpecification\",\"valueRequired\":true,\"valueName\":\"search_term_string\"}}],\"inLanguage\":\"es\"},{\"@type\":\"Organization\",\"@id\":\"https:\\\/\\\/react2020.eu\\\/#organization\",\"name\":\"REACT 2020\",\"url\":\"https:\\\/\\\/react2020.eu\\\/\",\"logo\":{\"@type\":\"ImageObject\",\"inLanguage\":\"es\",\"@id\":\"https:\\\/\\\/react2020.eu\\\/#\\\/schema\\\/logo\\\/image\\\/\",\"url\":\"https:\\\/\\\/react2020.eu\\\/wp-content\\\/uploads\\\/sites\\\/5\\\/2019\\\/07\\\/1.-REACT_Logo-horizontal_Color_RGB_2.png\",\"contentUrl\":\"https:\\\/\\\/react2020.eu\\\/wp-content\\\/uploads\\\/sites\\\/5\\\/2019\\\/07\\\/1.-REACT_Logo-horizontal_Color_RGB_2.png\",\"width\":1643,\"height\":419,\"caption\":\"REACT 2020\"},\"image\":{\"@id\":\"https:\\\/\\\/react2020.eu\\\/#\\\/schema\\\/logo\\\/image\\\/\"}},{\"@type\":\"Person\",\"@id\":\"https:\\\/\\\/react2020.eu\\\/#\\\/schema\\\/person\\\/681223bb11ce95d8e3192772e810e453\",\"name\":\"faustosainz\",\"image\":{\"@type\":\"ImageObject\",\"inLanguage\":\"es\",\"@id\":\"https:\\\/\\\/secure.gravatar.com\\\/avatar\\\/f228e3d248b75040cfb046462552a8a7f74cabbdb83cd079bcc93fd43607e6c1?s=96&d=mm&r=g\",\"url\":\"https:\\\/\\\/secure.gravatar.com\\\/avatar\\\/f228e3d248b75040cfb046462552a8a7f74cabbdb83cd079bcc93fd43607e6c1?s=96&d=mm&r=g\",\"contentUrl\":\"https:\\\/\\\/secure.gravatar.com\\\/avatar\\\/f228e3d248b75040cfb046462552a8a7f74cabbdb83cd079bcc93fd43607e6c1?s=96&d=mm&r=g\",\"caption\":\"faustosainz\"},\"url\":\"https:\\\/\\\/react2020.eu\\\/es\\\/author\\\/faustosainz\\\/\"}]}<\/script>\n<!-- \/ Yoast SEO plugin. -->","yoast_head_json":{"title":"VI Asamblea General en Soave - REACT 2020","robots":{"index":"index","follow":"follow","max-snippet":"max-snippet:-1","max-image-preview":"max-image-preview:large","max-video-preview":"max-video-preview:-1"},"canonical":"https:\/\/react2020.eu\/es\/2021\/12\/01\/vi-asamblea-general-en-soave\/","og_locale":"es_ES","og_type":"article","og_title":"VI Asamblea General en Soave - REACT 2020","og_description":"Soave ha sido un lugar perfecto para albergar la VI Asamblea General en modo h\u00edbrido, tras la larga pausa en las reuniones cara a cara debido al Covid-19. Ha sido una reuni\u00f3n productiva e inspiradora para todo el consorcio. Se ha informado sobre los avances en las instalaciones en los tres pilotos, y podemos decir ... Leer m\u00e1s","og_url":"https:\/\/react2020.eu\/es\/2021\/12\/01\/vi-asamblea-general-en-soave\/","og_site_name":"REACT 2020","article_published_time":"2021-12-01T16:08:40+00:00","og_image":[{"width":1600,"height":1200,"url":"https:\/\/react2020.eu\/wp-content\/uploads\/sites\/5\/2021\/11\/showroom.jpg","type":"image\/jpeg"}],"author":"faustosainz","twitter_card":"summary_large_image","twitter_misc":{"Escrito por":"faustosainz","Tiempo de lectura":"3 minutos"},"schema":{"@context":"https:\/\/schema.org","@graph":[{"@type":"Article","@id":"https:\/\/react2020.eu\/es\/2021\/12\/01\/vi-asamblea-general-en-soave\/#article","isPartOf":{"@id":"https:\/\/react2020.eu\/es\/2021\/12\/01\/vi-asamblea-general-en-soave\/"},"author":{"name":"faustosainz","@id":"https:\/\/react2020.eu\/#\/schema\/person\/681223bb11ce95d8e3192772e810e453"},"headline":"VI Asamblea General en Soave","datePublished":"2021-12-01T16:08:40+00:00","mainEntityOfPage":{"@id":"https:\/\/react2020.eu\/es\/2021\/12\/01\/vi-asamblea-general-en-soave\/"},"wordCount":530,"publisher":{"@id":"https:\/\/react2020.eu\/#organization"},"image":{"@id":"https:\/\/react2020.eu\/es\/2021\/12\/01\/vi-asamblea-general-en-soave\/#primaryimage"},"thumbnailUrl":"https:\/\/react2020.eu\/wp-content\/uploads\/sites\/5\/2021\/11\/showroom.jpg","articleSection":["Sin categorizar"],"inLanguage":"es"},{"@type":"WebPage","@id":"https:\/\/react2020.eu\/es\/2021\/12\/01\/vi-asamblea-general-en-soave\/","url":"https:\/\/react2020.eu\/es\/2021\/12\/01\/vi-asamblea-general-en-soave\/","name":"VI Asamblea General en Soave - REACT 2020","isPartOf":{"@id":"https:\/\/react2020.eu\/#website"},"primaryImageOfPage":{"@id":"https:\/\/react2020.eu\/es\/2021\/12\/01\/vi-asamblea-general-en-soave\/#primaryimage"},"image":{"@id":"https:\/\/react2020.eu\/es\/2021\/12\/01\/vi-asamblea-general-en-soave\/#primaryimage"},"thumbnailUrl":"https:\/\/react2020.eu\/wp-content\/uploads\/sites\/5\/2021\/11\/showroom.jpg","datePublished":"2021-12-01T16:08:40+00:00","breadcrumb":{"@id":"https:\/\/react2020.eu\/es\/2021\/12\/01\/vi-asamblea-general-en-soave\/#breadcrumb"},"inLanguage":"es","potentialAction":[{"@type":"ReadAction","target":["https:\/\/react2020.eu\/es\/2021\/12\/01\/vi-asamblea-general-en-soave\/"]}]},{"@type":"ImageObject","inLanguage":"es","@id":"https:\/\/react2020.eu\/es\/2021\/12\/01\/vi-asamblea-general-en-soave\/#primaryimage","url":"https:\/\/react2020.eu\/wp-content\/uploads\/sites\/5\/2021\/11\/showroom.jpg","contentUrl":"https:\/\/react2020.eu\/wp-content\/uploads\/sites\/5\/2021\/11\/showroom.jpg","width":1600,"height":1200},{"@type":"BreadcrumbList","@id":"https:\/\/react2020.eu\/es\/2021\/12\/01\/vi-asamblea-general-en-soave\/#breadcrumb","itemListElement":[{"@type":"ListItem","position":1,"name":"Portada","item":"https:\/\/react2020.eu\/"},{"@type":"ListItem","position":2,"name":"VI Asamblea General en Soave"}]},{"@type":"WebSite","@id":"https:\/\/react2020.eu\/#website","url":"https:\/\/react2020.eu\/","name":"REACT 2020","description":"REACT 2020 \u2013 Renewable Energy for Self-Sustainable Island Communties","publisher":{"@id":"https:\/\/react2020.eu\/#organization"},"potentialAction":[{"@type":"SearchAction","target":{"@type":"EntryPoint","urlTemplate":"https:\/\/react2020.eu\/?s={search_term_string}"},"query-input":{"@type":"PropertyValueSpecification","valueRequired":true,"valueName":"search_term_string"}}],"inLanguage":"es"},{"@type":"Organization","@id":"https:\/\/react2020.eu\/#organization","name":"REACT 2020","url":"https:\/\/react2020.eu\/","logo":{"@type":"ImageObject","inLanguage":"es","@id":"https:\/\/react2020.eu\/#\/schema\/logo\/image\/","url":"https:\/\/react2020.eu\/wp-content\/uploads\/sites\/5\/2019\/07\/1.-REACT_Logo-horizontal_Color_RGB_2.png","contentUrl":"https:\/\/react2020.eu\/wp-content\/uploads\/sites\/5\/2019\/07\/1.-REACT_Logo-horizontal_Color_RGB_2.png","width":1643,"height":419,"caption":"REACT 2020"},"image":{"@id":"https:\/\/react2020.eu\/#\/schema\/logo\/image\/"}},{"@type":"Person","@id":"https:\/\/react2020.eu\/#\/schema\/person\/681223bb11ce95d8e3192772e810e453","name":"faustosainz","image":{"@type":"ImageObject","inLanguage":"es","@id":"https:\/\/secure.gravatar.com\/avatar\/f228e3d248b75040cfb046462552a8a7f74cabbdb83cd079bcc93fd43607e6c1?s=96&d=mm&r=g","url":"https:\/\/secure.gravatar.com\/avatar\/f228e3d248b75040cfb046462552a8a7f74cabbdb83cd079bcc93fd43607e6c1?s=96&d=mm&r=g","contentUrl":"https:\/\/secure.gravatar.com\/avatar\/f228e3d248b75040cfb046462552a8a7f74cabbdb83cd079bcc93fd43607e6c1?s=96&d=mm&r=g","caption":"faustosainz"},"url":"https:\/\/react2020.eu\/es\/author\/faustosainz\/"}]}},"_links":{"self":[{"href":"https:\/\/react2020.eu\/es\/wp-json\/wp\/v2\/posts\/25582","targetHints":{"allow":["GET"]}}],"collection":[{"href":"https:\/\/react2020.eu\/es\/wp-json\/wp\/v2\/posts"}],"about":[{"href":"https:\/\/react2020.eu\/es\/wp-json\/wp\/v2\/types\/post"}],"author":[{"embeddable":true,"href":"https:\/\/react2020.eu\/es\/wp-json\/wp\/v2\/users\/4"}],"replies":[{"embeddable":true,"href":"https:\/\/react2020.eu\/es\/wp-json\/wp\/v2\/comments?post=25582"}],"version-history":[{"count":0,"href":"https:\/\/react2020.eu\/es\/wp-json\/wp\/v2\/posts\/25582\/revisions"}],"wp:featuredmedia":[{"embeddable":true,"href":"https:\/\/react2020.eu\/es\/wp-json\/wp\/v2\/media\/25553"}],"wp:attachment":[{"href":"https:\/\/react2020.eu\/es\/wp-json\/wp\/v2\/media?parent=25582"}],"wp:term":[{"taxonomy":"category","embeddable":true,"href":"https:\/\/react2020.eu\/es\/wp-json\/wp\/v2\/categories?post=25582"},{"taxonomy":"post_tag","embeddable":true,"href":"https:\/\/react2020.eu\/es\/wp-json\/wp\/v2\/tags?post=25582"}],"curies":[{"name":"wp","href":"https:\/\/api.w.org\/{rel}","templated":true}]}}