{"id":25402,"date":"2021-07-05T12:42:18","date_gmt":"2021-07-05T12:42:18","guid":{"rendered":"https:\/\/react2020.eu\/2021\/07\/05\/el-equipo-de-react-se-reune-virtualmente-para-su-quinta-asamblea-general\/"},"modified":"2021-07-05T12:45:17","modified_gmt":"2021-07-05T12:45:17","slug":"el-equipo-de-react-se-reune-virtualmente-para-su-quinta-asamblea-general","status":"publish","type":"post","link":"https:\/\/react2020.eu\/es\/2021\/07\/05\/el-equipo-de-react-se-reune-virtualmente-para-su-quinta-asamblea-general\/","title":{"rendered":"\u00a1El equipo de REACT se reune virtualmente para su quinta Asamblea General!"},"content":{"rendered":"\n<p>Los pasados 22 y 23 de Junio, el consorcio de REACT se reuni\u00f3 virtualmente para su quinta Asamblea General, organizada en dos intensas sesiones de medio d\u00eda cada una. El <em>meeting<\/em> virtual reuni\u00f3\u00a0 los 24 socios para revisar los progresos y discutir los siguientes pasos en cuanto a la implementaci\u00f3n de las soluciones t\u00e9cnicas, as\u00ed como otros problemas sociales importantes. Los l\u00edderes de los paquetes de trabajo (Work Package) pudieron presentar los progresos realizados con las tecnolog\u00edas, las actividades de demostraci\u00f3n, explotacion, comunicaci\u00f3n y coordinaci\u00f3n de los paquetes de trabajo.<\/p>\n\n<p>El evento se estructur\u00f3 para que pudi\u00e9ramos ver primero cu\u00e1les fueron los avances en las islas pilotos y luego los avances t\u00e9cnicos y sociales. Durante el primer d\u00eda de sesi\u00f3n, el coordinador del proyecto, Veolia, empez\u00f3 d\u00e1ndonos la bienvenida y repasando brevemente el estado de la gesti\u00f3n del proyecto, luego los socios responsables de las islas nos actualizaron sobre sus avances y finalmente los aspectos t\u00e9cnicos y m\u00e1s sociales fueron presentados por los socios involucrados.<\/p>\n\n<p>El primer grupo de instalaciones de nuestro sitio piloto en Carloforte, Cerde\u00f1a ya hab\u00eda comenzado, despu\u00e9s de algunos problemas esperados debido a la pandemia. Las bater\u00edas de almacenamiento se encuentran ya instaladas en varios edificios p\u00fablicos y privados que se han sumado a la iniciativa del proyecto. Tambi\u00e9n se presentaron los avances en los paneles solares y bater\u00edas instalados en La Graciosa y los avances en las instalaciones de Aran. Se pudo ver un gran trabajo y avance en forma de materializaci\u00f3n del concepto de autosuficiencia energ\u00e9tica en las islas gracias a los socios <a href=\"https:\/\/www.linkedin.com\/company\/midac-batteries-spa\/\">Midac Batteries SpA<\/a>,\u00a0<a href=\"https:\/\/www.linkedin.com\/company\/mitsubishi-electric-europe-bv\/\">Mitsubishi Electric Europe BV<\/a>\u00a0y <a href=\"https:\/\/www.linkedin.com\/company\/r2m-solution\/\">R2M Solution<\/a>.<\/p>\n\n<div class=\"wp-block-media-text alignwide is-stacked-on-mobile\"><figure class=\"wp-block-media-text__media\"><img fetchpriority=\"high\" decoding=\"async\" width=\"1024\" height=\"640\" src=\"https:\/\/react2020.eu\/wp-content\/uploads\/sites\/5\/2021\/06\/R14.png\" alt=\"\" class=\"wp-image-25335 size-full\" srcset=\"https:\/\/react2020.eu\/wp-content\/uploads\/sites\/5\/2021\/06\/R14.png 1024w, https:\/\/react2020.eu\/wp-content\/uploads\/sites\/5\/2021\/06\/R14-300x188.png 300w, https:\/\/react2020.eu\/wp-content\/uploads\/sites\/5\/2021\/06\/R14-768x480.png 768w\" sizes=\"(max-width: 1024px) 100vw, 1024px\" \/><\/figure><div class=\"wp-block-media-text__content\">\n<p>Las presentaciones t\u00e9cnicas sobre los avances en la arquitectura de la plataforma, el middleware e interfaces de comunicaci\u00f3n, la cuadr\u00edcula sem\u00e1ntica y su operatividad fueron presentadas por diferentes socios. <a href=\"https:\/\/www.linkedin.com\/company\/tekniker\/\">Tekniker <\/a>tambi\u00e9n realiz\u00f3 una gran presentaci\u00f3n de la aplicaci\u00f3n REACT para <em>smartphones<\/em> y <em>tablets. <\/em>El prototipo ha sido evaluado en cuanto a usabilidad, est\u00e1 muy bien ordenado y proporciona todas las funcionalidades necesarias y la informaci\u00f3n de consumo energ\u00e9tico.<\/p>\n<\/div><\/div>\n\n<div style=\"height:20px\" aria-hidden=\"true\" class=\"wp-block-spacer\"><\/div>\n\n<p>En la isla de Mallorca donde se realiz\u00f3 un estudio, se realizaron entrevistas a un grupo perteneciente a la poblaci\u00f3n general y el an\u00e1lisis preliminar de los resultados mostr\u00f3 que la mayor\u00eda de los encuestados no sab\u00eda mucho sobre Demand Response y menos a\u00fan sobre Comunidades Energ\u00e9ticas. Obviamente, esta falta de conocimiento generalizada es preocupante y debe abordarse primero, ya que quien ignora un hecho dif\u00edcilmente puede tomar decisiones al respecto.<\/p>\n\n<p>Para conseguir que las personas adquieran conocimientos necesitamos que est\u00e9n comprometidas e interesadas en el \u00e1rea que queremos promover. Surgen, por tanto, preguntas gratificantes: \u00bfPueden las redes sociales ser canales eficientes para transmitir la informaci\u00f3n deseada? \u00bfCu\u00e1les son los beneficios de usar las redes sociales para involucrar a las personas en experimentos y proyectos? \u00bfExiste alg\u00fan otro medio para generar inter\u00e9s en la gente que pueda utilizarse de forma masiva y con menos esfuerzo?<\/p>\n\n<p>Las islas de Gotland, Reuni\u00f3n y Lesbos tambi\u00e9n est\u00e1n realizando investigaciones sobre la percepci\u00f3n de los residentes acerca del Demand Response y la gesti\u00f3n de la energ\u00eda. Los socios involucrados en estas actividades son la <a href=\"https:\/\/www.linkedin.com\/company\/uppsala-university\/\">Uppsala University<\/a>,\u00a0<a href=\"https:\/\/www.linkedin.com\/school\/374020\/?legacySchoolId=374020\">Universit\u00e9 de La R\u00e9union<\/a> y\u00a0<a href=\"https:\/\/www.linkedin.com\/school\/12842\/?legacySchoolId=12842\">University of the Aegean<\/a>. Esperamos tener los resultados de esta investigaci\u00f3n a finales del verano. Te mantendremos informado.<\/p>\n\n<figure class=\"wp-block-gallery columns-3 is-cropped wp-block-gallery-1 is-layout-flex wp-block-gallery-is-layout-flex\"><ul class=\"blocks-gallery-grid\"><li class=\"blocks-gallery-item\"><figure><a href=\"https:\/\/react2020.eu\/wp-content\/uploads\/sites\/5\/2021\/07\/R5.png\"><img decoding=\"async\" width=\"1024\" height=\"640\" src=\"https:\/\/react2020.eu\/wp-content\/uploads\/sites\/5\/2021\/07\/R5.png\" alt=\"\" data-id=\"25372\" data-full-url=\"https:\/\/react2020.eu\/wp-content\/uploads\/sites\/5\/2021\/07\/R5.png\" data-link=\"https:\/\/react2020.eu\/?attachment_id=25372#main\" class=\"wp-image-25372\" srcset=\"https:\/\/react2020.eu\/wp-content\/uploads\/sites\/5\/2021\/07\/R5.png 1024w, https:\/\/react2020.eu\/wp-content\/uploads\/sites\/5\/2021\/07\/R5-300x188.png 300w, https:\/\/react2020.eu\/wp-content\/uploads\/sites\/5\/2021\/07\/R5-768x480.png 768w\" sizes=\"(max-width: 1024px) 100vw, 1024px\" \/><\/a><\/figure><\/li><li class=\"blocks-gallery-item\"><figure><a href=\"https:\/\/react2020.eu\/wp-content\/uploads\/sites\/5\/2021\/07\/R1.png\"><img decoding=\"async\" width=\"1024\" height=\"640\" src=\"https:\/\/react2020.eu\/wp-content\/uploads\/sites\/5\/2021\/07\/R1.png\" alt=\"\" data-id=\"25376\" data-full-url=\"https:\/\/react2020.eu\/wp-content\/uploads\/sites\/5\/2021\/07\/R1.png\" data-link=\"https:\/\/react2020.eu\/?attachment_id=25376#main\" class=\"wp-image-25376\" srcset=\"https:\/\/react2020.eu\/wp-content\/uploads\/sites\/5\/2021\/07\/R1.png 1024w, https:\/\/react2020.eu\/wp-content\/uploads\/sites\/5\/2021\/07\/R1-300x188.png 300w, https:\/\/react2020.eu\/wp-content\/uploads\/sites\/5\/2021\/07\/R1-768x480.png 768w\" sizes=\"(max-width: 1024px) 100vw, 1024px\" \/><\/a><\/figure><\/li><li class=\"blocks-gallery-item\"><figure><a href=\"https:\/\/react2020.eu\/wp-content\/uploads\/sites\/5\/2021\/07\/R4.png\"><img loading=\"lazy\" decoding=\"async\" width=\"1024\" height=\"640\" src=\"https:\/\/react2020.eu\/wp-content\/uploads\/sites\/5\/2021\/07\/R4.png\" alt=\"\" data-id=\"25380\" data-full-url=\"https:\/\/react2020.eu\/wp-content\/uploads\/sites\/5\/2021\/07\/R4.png\" data-link=\"https:\/\/react2020.eu\/?attachment_id=25380#main\" class=\"wp-image-25380\" srcset=\"https:\/\/react2020.eu\/wp-content\/uploads\/sites\/5\/2021\/07\/R4.png 1024w, https:\/\/react2020.eu\/wp-content\/uploads\/sites\/5\/2021\/07\/R4-300x188.png 300w, https:\/\/react2020.eu\/wp-content\/uploads\/sites\/5\/2021\/07\/R4-768x480.png 768w\" sizes=\"(max-width: 1024px) 100vw, 1024px\" \/><\/a><\/figure><\/li><\/ul><\/figure>\n<p>La reuni\u00f3n concluy\u00f3 con grandes esperanzas de que la pr\u00f3xima vez podamos reunirnos en persona y con una visi\u00f3n clara de los pasos a tomar por todos los socios durante los pr\u00f3ximos 6 meses.<\/p>\n\n<p>\u00a1Continuaremos con nuestros esfuerzos hacia una <a href=\"https:\/\/www.linkedin.com\/feed\/hashtag\/?keywords=energysustainability&amp;highlightedUpdateUrns=urn%3Ali%3Aactivity%3A6812791957660684288\">sostenibilidad energ\u00e9tica<\/a> en las comunidades isle\u00f1as!<\/p>\n","protected":false},"excerpt":{"rendered":"<p>Los pasados 22 y 23 de Junio, el consorcio de REACT se reuni\u00f3 virtualmente para su quinta Asamblea General, organizada en dos intensas sesiones de medio d\u00eda cada una. El meeting virtual reuni\u00f3\u00a0 los 24 socios para revisar los progresos y discutir los siguientes pasos en cuanto a la implementaci\u00f3n de las soluciones t\u00e9cnicas, as\u00ed &#8230; <a title=\"\u00a1El equipo de REACT se reune virtualmente para su quinta Asamblea General!\" class=\"read-more\" href=\"https:\/\/react2020.eu\/es\/2021\/07\/05\/el-equipo-de-react-se-reune-virtualmente-para-su-quinta-asamblea-general\/\" aria-label=\"Leer m\u00e1s sobre \u00a1El equipo de REACT se reune virtualmente para su quinta Asamblea General!\">Leer m\u00e1s<\/a><\/p>\n","protected":false},"author":1,"featured_media":25338,"comment_status":"closed","ping_status":"closed","sticky":false,"template":"","format":"standard","meta":{"inline_featured_image":false,"footnotes":""},"categories":[269],"tags":[699,700,701,697,698,433,702],"class_list":["post-25402","post","type-post","status-publish","format-standard","has-post-thumbnail","hentry","category-general-assembly-es","tag-midac-batteries-spa-es","tag-mitsubishi-electric-europe-bv-es","tag-r2m-solution-es","tag-tekniker-es","tag-university-of-the-aegean-es","tag-uppsala-university-es","tag-virtual-general-assembly-es"],"yoast_head":"<!-- This site is optimized with the Yoast SEO plugin v27.4 - https:\/\/yoast.com\/product\/yoast-seo-wordpress\/ -->\n<title>\u00a1El equipo de REACT se reune virtualmente para su quinta Asamblea General! - REACT 2020<\/title>\n<meta name=\"robots\" content=\"index, follow, max-snippet:-1, max-image-preview:large, max-video-preview:-1\" \/>\n<link rel=\"canonical\" href=\"https:\/\/react2020.eu\/es\/2021\/07\/05\/el-equipo-de-react-se-reune-virtualmente-para-su-quinta-asamblea-general\/\" \/>\n<meta property=\"og:locale\" content=\"es_ES\" \/>\n<meta property=\"og:type\" content=\"article\" \/>\n<meta property=\"og:title\" content=\"\u00a1El equipo de REACT se reune virtualmente para su quinta Asamblea General! - REACT 2020\" \/>\n<meta property=\"og:description\" content=\"Los pasados 22 y 23 de Junio, el consorcio de REACT se reuni\u00f3 virtualmente para su quinta Asamblea General, organizada en dos intensas sesiones de medio d\u00eda cada una. El meeting virtual reuni\u00f3\u00a0 los 24 socios para revisar los progresos y discutir los siguientes pasos en cuanto a la implementaci\u00f3n de las soluciones t\u00e9cnicas, as\u00ed ... Leer m\u00e1s\" \/>\n<meta property=\"og:url\" content=\"https:\/\/react2020.eu\/es\/2021\/07\/05\/el-equipo-de-react-se-reune-virtualmente-para-su-quinta-asamblea-general\/\" \/>\n<meta property=\"og:site_name\" content=\"REACT 2020\" \/>\n<meta property=\"article:published_time\" content=\"2021-07-05T12:42:18+00:00\" \/>\n<meta property=\"article:modified_time\" content=\"2021-07-05T12:45:17+00:00\" \/>\n<meta property=\"og:image\" content=\"https:\/\/react2020.eu\/wp-content\/uploads\/sites\/5\/2021\/06\/R14.png\" \/>\n\t<meta property=\"og:image:width\" content=\"1024\" \/>\n\t<meta property=\"og:image:height\" content=\"640\" \/>\n\t<meta property=\"og:image:type\" content=\"image\/png\" \/>\n<meta name=\"author\" content=\"AdminCometPublishing\" \/>\n<meta name=\"twitter:card\" content=\"summary_large_image\" \/>\n<meta name=\"twitter:label1\" content=\"Escrito por\" \/>\n\t<meta name=\"twitter:data1\" content=\"AdminCometPublishing\" \/>\n\t<meta name=\"twitter:label2\" content=\"Tiempo de lectura\" \/>\n\t<meta name=\"twitter:data2\" content=\"3 minutos\" \/>\n<script type=\"application\/ld+json\" class=\"yoast-schema-graph\">{\"@context\":\"https:\\\/\\\/schema.org\",\"@graph\":[{\"@type\":\"Article\",\"@id\":\"https:\\\/\\\/react2020.eu\\\/es\\\/2021\\\/07\\\/05\\\/el-equipo-de-react-se-reune-virtualmente-para-su-quinta-asamblea-general\\\/#article\",\"isPartOf\":{\"@id\":\"https:\\\/\\\/react2020.eu\\\/es\\\/2021\\\/07\\\/05\\\/el-equipo-de-react-se-reune-virtualmente-para-su-quinta-asamblea-general\\\/\"},\"author\":{\"name\":\"AdminCometPublishing\",\"@id\":\"https:\\\/\\\/react2020.eu\\\/#\\\/schema\\\/person\\\/e7d9c78a25d3d519f2588384a3fbea90\"},\"headline\":\"\u00a1El equipo de REACT se reune virtualmente para su quinta Asamblea General!\",\"datePublished\":\"2021-07-05T12:42:18+00:00\",\"dateModified\":\"2021-07-05T12:45:17+00:00\",\"mainEntityOfPage\":{\"@id\":\"https:\\\/\\\/react2020.eu\\\/es\\\/2021\\\/07\\\/05\\\/el-equipo-de-react-se-reune-virtualmente-para-su-quinta-asamblea-general\\\/\"},\"wordCount\":658,\"publisher\":{\"@id\":\"https:\\\/\\\/react2020.eu\\\/#organization\"},\"image\":{\"@id\":\"https:\\\/\\\/react2020.eu\\\/es\\\/2021\\\/07\\\/05\\\/el-equipo-de-react-se-reune-virtualmente-para-su-quinta-asamblea-general\\\/#primaryimage\"},\"thumbnailUrl\":\"https:\\\/\\\/react2020.eu\\\/wp-content\\\/uploads\\\/sites\\\/5\\\/2021\\\/06\\\/R14.png\",\"keywords\":[\"Midac Batteries SpA\",\"Mitsubishi Electric Europe BV\",\"R2M Solution\",\"Tekniker\",\"University of the Aegean\",\"Uppsala University\",\"Virtual General Assembly\"],\"articleSection\":[\"General Assembly\"],\"inLanguage\":\"es\"},{\"@type\":\"WebPage\",\"@id\":\"https:\\\/\\\/react2020.eu\\\/es\\\/2021\\\/07\\\/05\\\/el-equipo-de-react-se-reune-virtualmente-para-su-quinta-asamblea-general\\\/\",\"url\":\"https:\\\/\\\/react2020.eu\\\/es\\\/2021\\\/07\\\/05\\\/el-equipo-de-react-se-reune-virtualmente-para-su-quinta-asamblea-general\\\/\",\"name\":\"\u00a1El equipo de REACT se reune virtualmente para su quinta Asamblea General! - REACT 2020\",\"isPartOf\":{\"@id\":\"https:\\\/\\\/react2020.eu\\\/#website\"},\"primaryImageOfPage\":{\"@id\":\"https:\\\/\\\/react2020.eu\\\/es\\\/2021\\\/07\\\/05\\\/el-equipo-de-react-se-reune-virtualmente-para-su-quinta-asamblea-general\\\/#primaryimage\"},\"image\":{\"@id\":\"https:\\\/\\\/react2020.eu\\\/es\\\/2021\\\/07\\\/05\\\/el-equipo-de-react-se-reune-virtualmente-para-su-quinta-asamblea-general\\\/#primaryimage\"},\"thumbnailUrl\":\"https:\\\/\\\/react2020.eu\\\/wp-content\\\/uploads\\\/sites\\\/5\\\/2021\\\/06\\\/R14.png\",\"datePublished\":\"2021-07-05T12:42:18+00:00\",\"dateModified\":\"2021-07-05T12:45:17+00:00\",\"breadcrumb\":{\"@id\":\"https:\\\/\\\/react2020.eu\\\/es\\\/2021\\\/07\\\/05\\\/el-equipo-de-react-se-reune-virtualmente-para-su-quinta-asamblea-general\\\/#breadcrumb\"},\"inLanguage\":\"es\",\"potentialAction\":[{\"@type\":\"ReadAction\",\"target\":[\"https:\\\/\\\/react2020.eu\\\/es\\\/2021\\\/07\\\/05\\\/el-equipo-de-react-se-reune-virtualmente-para-su-quinta-asamblea-general\\\/\"]}]},{\"@type\":\"ImageObject\",\"inLanguage\":\"es\",\"@id\":\"https:\\\/\\\/react2020.eu\\\/es\\\/2021\\\/07\\\/05\\\/el-equipo-de-react-se-reune-virtualmente-para-su-quinta-asamblea-general\\\/#primaryimage\",\"url\":\"https:\\\/\\\/react2020.eu\\\/wp-content\\\/uploads\\\/sites\\\/5\\\/2021\\\/06\\\/R14.png\",\"contentUrl\":\"https:\\\/\\\/react2020.eu\\\/wp-content\\\/uploads\\\/sites\\\/5\\\/2021\\\/06\\\/R14.png\",\"width\":1024,\"height\":640},{\"@type\":\"BreadcrumbList\",\"@id\":\"https:\\\/\\\/react2020.eu\\\/es\\\/2021\\\/07\\\/05\\\/el-equipo-de-react-se-reune-virtualmente-para-su-quinta-asamblea-general\\\/#breadcrumb\",\"itemListElement\":[{\"@type\":\"ListItem\",\"position\":1,\"name\":\"Portada\",\"item\":\"https:\\\/\\\/react2020.eu\\\/\"},{\"@type\":\"ListItem\",\"position\":2,\"name\":\"\u00a1El equipo de REACT se reune virtualmente para su quinta Asamblea General!\"}]},{\"@type\":\"WebSite\",\"@id\":\"https:\\\/\\\/react2020.eu\\\/#website\",\"url\":\"https:\\\/\\\/react2020.eu\\\/\",\"name\":\"REACT 2020\",\"description\":\"REACT 2020 \u2013 Renewable Energy for Self-Sustainable Island Communties\",\"publisher\":{\"@id\":\"https:\\\/\\\/react2020.eu\\\/#organization\"},\"potentialAction\":[{\"@type\":\"SearchAction\",\"target\":{\"@type\":\"EntryPoint\",\"urlTemplate\":\"https:\\\/\\\/react2020.eu\\\/?s={search_term_string}\"},\"query-input\":{\"@type\":\"PropertyValueSpecification\",\"valueRequired\":true,\"valueName\":\"search_term_string\"}}],\"inLanguage\":\"es\"},{\"@type\":\"Organization\",\"@id\":\"https:\\\/\\\/react2020.eu\\\/#organization\",\"name\":\"REACT 2020\",\"url\":\"https:\\\/\\\/react2020.eu\\\/\",\"logo\":{\"@type\":\"ImageObject\",\"inLanguage\":\"es\",\"@id\":\"https:\\\/\\\/react2020.eu\\\/#\\\/schema\\\/logo\\\/image\\\/\",\"url\":\"https:\\\/\\\/react2020.eu\\\/wp-content\\\/uploads\\\/sites\\\/5\\\/2019\\\/07\\\/1.-REACT_Logo-horizontal_Color_RGB_2.png\",\"contentUrl\":\"https:\\\/\\\/react2020.eu\\\/wp-content\\\/uploads\\\/sites\\\/5\\\/2019\\\/07\\\/1.-REACT_Logo-horizontal_Color_RGB_2.png\",\"width\":1643,\"height\":419,\"caption\":\"REACT 2020\"},\"image\":{\"@id\":\"https:\\\/\\\/react2020.eu\\\/#\\\/schema\\\/logo\\\/image\\\/\"}},{\"@type\":\"Person\",\"@id\":\"https:\\\/\\\/react2020.eu\\\/#\\\/schema\\\/person\\\/e7d9c78a25d3d519f2588384a3fbea90\",\"name\":\"AdminCometPublishing\",\"image\":{\"@type\":\"ImageObject\",\"inLanguage\":\"es\",\"@id\":\"https:\\\/\\\/secure.gravatar.com\\\/avatar\\\/6ce858727fb26acaa2181992800c32363ecd1b00a21522a41880ad1b33a8ef96?s=96&d=mm&r=g\",\"url\":\"https:\\\/\\\/secure.gravatar.com\\\/avatar\\\/6ce858727fb26acaa2181992800c32363ecd1b00a21522a41880ad1b33a8ef96?s=96&d=mm&r=g\",\"contentUrl\":\"https:\\\/\\\/secure.gravatar.com\\\/avatar\\\/6ce858727fb26acaa2181992800c32363ecd1b00a21522a41880ad1b33a8ef96?s=96&d=mm&r=g\",\"caption\":\"AdminCometPublishing\"},\"sameAs\":[\"https:\\\/\\\/publishing.comet.technology\"],\"url\":\"https:\\\/\\\/react2020.eu\\\/es\\\/author\\\/admincometpublishing\\\/\"}]}<\/script>\n<!-- \/ Yoast SEO plugin. -->","yoast_head_json":{"title":"\u00a1El equipo de REACT se reune virtualmente para su quinta Asamblea General! - REACT 2020","robots":{"index":"index","follow":"follow","max-snippet":"max-snippet:-1","max-image-preview":"max-image-preview:large","max-video-preview":"max-video-preview:-1"},"canonical":"https:\/\/react2020.eu\/es\/2021\/07\/05\/el-equipo-de-react-se-reune-virtualmente-para-su-quinta-asamblea-general\/","og_locale":"es_ES","og_type":"article","og_title":"\u00a1El equipo de REACT se reune virtualmente para su quinta Asamblea General! - REACT 2020","og_description":"Los pasados 22 y 23 de Junio, el consorcio de REACT se reuni\u00f3 virtualmente para su quinta Asamblea General, organizada en dos intensas sesiones de medio d\u00eda cada una. El meeting virtual reuni\u00f3\u00a0 los 24 socios para revisar los progresos y discutir los siguientes pasos en cuanto a la implementaci\u00f3n de las soluciones t\u00e9cnicas, as\u00ed ... Leer m\u00e1s","og_url":"https:\/\/react2020.eu\/es\/2021\/07\/05\/el-equipo-de-react-se-reune-virtualmente-para-su-quinta-asamblea-general\/","og_site_name":"REACT 2020","article_published_time":"2021-07-05T12:42:18+00:00","article_modified_time":"2021-07-05T12:45:17+00:00","og_image":[{"width":1024,"height":640,"url":"https:\/\/react2020.eu\/wp-content\/uploads\/sites\/5\/2021\/06\/R14.png","type":"image\/png"}],"author":"AdminCometPublishing","twitter_card":"summary_large_image","twitter_misc":{"Escrito por":"AdminCometPublishing","Tiempo de lectura":"3 minutos"},"schema":{"@context":"https:\/\/schema.org","@graph":[{"@type":"Article","@id":"https:\/\/react2020.eu\/es\/2021\/07\/05\/el-equipo-de-react-se-reune-virtualmente-para-su-quinta-asamblea-general\/#article","isPartOf":{"@id":"https:\/\/react2020.eu\/es\/2021\/07\/05\/el-equipo-de-react-se-reune-virtualmente-para-su-quinta-asamblea-general\/"},"author":{"name":"AdminCometPublishing","@id":"https:\/\/react2020.eu\/#\/schema\/person\/e7d9c78a25d3d519f2588384a3fbea90"},"headline":"\u00a1El equipo de REACT se reune virtualmente para su quinta Asamblea General!","datePublished":"2021-07-05T12:42:18+00:00","dateModified":"2021-07-05T12:45:17+00:00","mainEntityOfPage":{"@id":"https:\/\/react2020.eu\/es\/2021\/07\/05\/el-equipo-de-react-se-reune-virtualmente-para-su-quinta-asamblea-general\/"},"wordCount":658,"publisher":{"@id":"https:\/\/react2020.eu\/#organization"},"image":{"@id":"https:\/\/react2020.eu\/es\/2021\/07\/05\/el-equipo-de-react-se-reune-virtualmente-para-su-quinta-asamblea-general\/#primaryimage"},"thumbnailUrl":"https:\/\/react2020.eu\/wp-content\/uploads\/sites\/5\/2021\/06\/R14.png","keywords":["Midac Batteries SpA","Mitsubishi Electric Europe BV","R2M Solution","Tekniker","University of the Aegean","Uppsala University","Virtual General Assembly"],"articleSection":["General Assembly"],"inLanguage":"es"},{"@type":"WebPage","@id":"https:\/\/react2020.eu\/es\/2021\/07\/05\/el-equipo-de-react-se-reune-virtualmente-para-su-quinta-asamblea-general\/","url":"https:\/\/react2020.eu\/es\/2021\/07\/05\/el-equipo-de-react-se-reune-virtualmente-para-su-quinta-asamblea-general\/","name":"\u00a1El equipo de REACT se reune virtualmente para su quinta Asamblea General! - REACT 2020","isPartOf":{"@id":"https:\/\/react2020.eu\/#website"},"primaryImageOfPage":{"@id":"https:\/\/react2020.eu\/es\/2021\/07\/05\/el-equipo-de-react-se-reune-virtualmente-para-su-quinta-asamblea-general\/#primaryimage"},"image":{"@id":"https:\/\/react2020.eu\/es\/2021\/07\/05\/el-equipo-de-react-se-reune-virtualmente-para-su-quinta-asamblea-general\/#primaryimage"},"thumbnailUrl":"https:\/\/react2020.eu\/wp-content\/uploads\/sites\/5\/2021\/06\/R14.png","datePublished":"2021-07-05T12:42:18+00:00","dateModified":"2021-07-05T12:45:17+00:00","breadcrumb":{"@id":"https:\/\/react2020.eu\/es\/2021\/07\/05\/el-equipo-de-react-se-reune-virtualmente-para-su-quinta-asamblea-general\/#breadcrumb"},"inLanguage":"es","potentialAction":[{"@type":"ReadAction","target":["https:\/\/react2020.eu\/es\/2021\/07\/05\/el-equipo-de-react-se-reune-virtualmente-para-su-quinta-asamblea-general\/"]}]},{"@type":"ImageObject","inLanguage":"es","@id":"https:\/\/react2020.eu\/es\/2021\/07\/05\/el-equipo-de-react-se-reune-virtualmente-para-su-quinta-asamblea-general\/#primaryimage","url":"https:\/\/react2020.eu\/wp-content\/uploads\/sites\/5\/2021\/06\/R14.png","contentUrl":"https:\/\/react2020.eu\/wp-content\/uploads\/sites\/5\/2021\/06\/R14.png","width":1024,"height":640},{"@type":"BreadcrumbList","@id":"https:\/\/react2020.eu\/es\/2021\/07\/05\/el-equipo-de-react-se-reune-virtualmente-para-su-quinta-asamblea-general\/#breadcrumb","itemListElement":[{"@type":"ListItem","position":1,"name":"Portada","item":"https:\/\/react2020.eu\/"},{"@type":"ListItem","position":2,"name":"\u00a1El equipo de REACT se reune virtualmente para su quinta Asamblea General!"}]},{"@type":"WebSite","@id":"https:\/\/react2020.eu\/#website","url":"https:\/\/react2020.eu\/","name":"REACT 2020","description":"REACT 2020 \u2013 Renewable Energy for Self-Sustainable Island Communties","publisher":{"@id":"https:\/\/react2020.eu\/#organization"},"potentialAction":[{"@type":"SearchAction","target":{"@type":"EntryPoint","urlTemplate":"https:\/\/react2020.eu\/?s={search_term_string}"},"query-input":{"@type":"PropertyValueSpecification","valueRequired":true,"valueName":"search_term_string"}}],"inLanguage":"es"},{"@type":"Organization","@id":"https:\/\/react2020.eu\/#organization","name":"REACT 2020","url":"https:\/\/react2020.eu\/","logo":{"@type":"ImageObject","inLanguage":"es","@id":"https:\/\/react2020.eu\/#\/schema\/logo\/image\/","url":"https:\/\/react2020.eu\/wp-content\/uploads\/sites\/5\/2019\/07\/1.-REACT_Logo-horizontal_Color_RGB_2.png","contentUrl":"https:\/\/react2020.eu\/wp-content\/uploads\/sites\/5\/2019\/07\/1.-REACT_Logo-horizontal_Color_RGB_2.png","width":1643,"height":419,"caption":"REACT 2020"},"image":{"@id":"https:\/\/react2020.eu\/#\/schema\/logo\/image\/"}},{"@type":"Person","@id":"https:\/\/react2020.eu\/#\/schema\/person\/e7d9c78a25d3d519f2588384a3fbea90","name":"AdminCometPublishing","image":{"@type":"ImageObject","inLanguage":"es","@id":"https:\/\/secure.gravatar.com\/avatar\/6ce858727fb26acaa2181992800c32363ecd1b00a21522a41880ad1b33a8ef96?s=96&d=mm&r=g","url":"https:\/\/secure.gravatar.com\/avatar\/6ce858727fb26acaa2181992800c32363ecd1b00a21522a41880ad1b33a8ef96?s=96&d=mm&r=g","contentUrl":"https:\/\/secure.gravatar.com\/avatar\/6ce858727fb26acaa2181992800c32363ecd1b00a21522a41880ad1b33a8ef96?s=96&d=mm&r=g","caption":"AdminCometPublishing"},"sameAs":["https:\/\/publishing.comet.technology"],"url":"https:\/\/react2020.eu\/es\/author\/admincometpublishing\/"}]}},"_links":{"self":[{"href":"https:\/\/react2020.eu\/es\/wp-json\/wp\/v2\/posts\/25402","targetHints":{"allow":["GET"]}}],"collection":[{"href":"https:\/\/react2020.eu\/es\/wp-json\/wp\/v2\/posts"}],"about":[{"href":"https:\/\/react2020.eu\/es\/wp-json\/wp\/v2\/types\/post"}],"author":[{"embeddable":true,"href":"https:\/\/react2020.eu\/es\/wp-json\/wp\/v2\/users\/1"}],"replies":[{"embeddable":true,"href":"https:\/\/react2020.eu\/es\/wp-json\/wp\/v2\/comments?post=25402"}],"version-history":[{"count":0,"href":"https:\/\/react2020.eu\/es\/wp-json\/wp\/v2\/posts\/25402\/revisions"}],"wp:featuredmedia":[{"embeddable":true,"href":"https:\/\/react2020.eu\/es\/wp-json\/wp\/v2\/media\/25338"}],"wp:attachment":[{"href":"https:\/\/react2020.eu\/es\/wp-json\/wp\/v2\/media?parent=25402"}],"wp:term":[{"taxonomy":"category","embeddable":true,"href":"https:\/\/react2020.eu\/es\/wp-json\/wp\/v2\/categories?post=25402"},{"taxonomy":"post_tag","embeddable":true,"href":"https:\/\/react2020.eu\/es\/wp-json\/wp\/v2\/tags?post=25402"}],"curies":[{"name":"wp","href":"https:\/\/api.w.org\/{rel}","templated":true}]}}