{"id":23707,"date":"2020-11-06T09:34:00","date_gmt":"2020-11-06T09:34:00","guid":{"rendered":"https:\/\/react2020.publishing.comet.technology\/2021\/01\/14\/segunda-visita-de-react-a-la-isla-de-san-pietro\/"},"modified":"2021-01-15T10:50:58","modified_gmt":"2021-01-15T10:50:58","slug":"segunda-visita-de-react-a-la-isla-de-san-pietro","status":"publish","type":"post","link":"https:\/\/react2020.eu\/es\/2020\/11\/06\/segunda-visita-de-react-a-la-isla-de-san-pietro\/","title":{"rendered":"Segunda visita de REACT a la isla de San Pietro"},"content":{"rendered":"\n<p>El grupo italiano (<a href=\"http:\/\/www.midacbatteries.com\/en\">Midac<\/a>,&nbsp;<a href=\"http:\/\/Mitsubishi Electric Europe B.V. - Filiale italiana\">Mitsubishi Electric Italia<\/a>,&nbsp;<a href=\"https:\/\/www.r2msolution.com\/\">R2M<\/a>, junto con Western) visit\u00f3, del 20 al 22 de octubre, el piloto italiano: La isla de San Pietro. A pesar de la pandemia del COVID-19, el proyecto REACT no se ha detenido, y los socioshan seguido trabajando a favor del desarrollo de las comunidades energ\u00e9ticas de la isla. El objetivo de la visita fue recoger toda la informaci\u00f3n necesaria para determinar el tipo, modelo y capacidad m\u00e1s adecuados de las tecnolog\u00edas que se instalar\u00e1n en cada caso (bombas de calor y bater\u00edas), seg\u00fan las caracter\u00edsticas de las viviendas, y los h\u00e1bitos y necesidades de los participantes. La visita tambi\u00e9n fue fundamental para analizar la viabilidad de las instalaciones, intercambiado informaci\u00f3n con los participantes y evaluando los espacios disponibles en cada vivienda, para as\u00ed definir con los habitantes la instalaci\u00f3n m\u00e1s adecuada, en funci\u00f3n de los requisitos t\u00e9cnicos y de sus preferencias.<\/p>\n\n\n\n<figure class=\"wp-block-image size-large\"><img decoding=\"async\" src=\"https:\/\/react2020.eu\/wp-content\/uploads\/sites\/5\/2020\/11\/Screenshot-2020-11-06-at-16.05.48-1024x467.png\" alt=\"\" class=\"wp-image-21439\"\/><\/figure>\n\n\n\n<p>Durante los tres d\u00edas de visita, los socios tambi\u00e9n visitaron los edificios p\u00fablicos involucrados en el proyecto, inspeccionaron los medidores inteligentes instalados, que ya est\u00e1n enviando datos a la plataforma REACT, y se reunieron con el ingeniero t\u00e9cnico del proyecto del <a href=\"https:\/\/www.comune.carloforte.su.it\/it\">Municipio de Carloforte.<\/a>&nbsp;Se trataron diversos temas, desde cuestiones t\u00e9cnicas y diferentes posibilidades de instalaci\u00f3n para la mejora energ\u00e9tica de cada una de las viviendas, hasta la importancia y los beneficios de participar en una comunidad energ\u00e9tica local.<\/p>\n\n\n\n<figure class=\"wp-block-image size-large\"><img decoding=\"async\" src=\"https:\/\/react2020.eu\/wp-content\/uploads\/sites\/5\/2020\/11\/Screenshot-2020-11-06-at-16.11.33-1024x888.png\" alt=\"\" class=\"wp-image-21440\"\/><\/figure>\n\n\n\n<p>\u00a1La visita fue un gran paso adelante! M\u00e1s de 30 viviendas respondieron a las encuestas, y muchas otras expresaron su inter\u00e9s en participar en el proyecto REACT y ser\u00e1n evaluadas en los pr\u00f3ximos meses. \u00a1Desde el consorcio REACT, esperamos llegar a m\u00e1s ciudadanos y hacer crecer, a\u00fan m\u00e1s, la comunidad energ\u00e9tica de San Pietro! Si est\u00e1 interesado en participar, cont\u00e1ctenos en el siguiente correo electr\u00f3nico: <a href=\"mailto:info@react2020.eu\">info@react2020.eu<\/a><\/p>\n","protected":false},"excerpt":{"rendered":"<p>El grupo italiano (Midac,&nbsp;Mitsubishi Electric Italia,&nbsp;R2M, junto con Western) visit\u00f3, del 20 al 22 de octubre, el piloto italiano: La isla de San Pietro. A pesar de la pandemia del COVID-19, el proyecto REACT no se ha detenido, y los socioshan seguido trabajando a favor del desarrollo de las comunidades energ\u00e9ticas de la isla. El &#8230; <a title=\"Segunda visita de REACT a la isla de San Pietro\" class=\"read-more\" href=\"https:\/\/react2020.eu\/es\/2020\/11\/06\/segunda-visita-de-react-a-la-isla-de-san-pietro\/\" aria-label=\"Leer m\u00e1s sobre Segunda visita de REACT a la isla de San Pietro\">Leer m\u00e1s<\/a><\/p>\n","protected":false},"author":1,"featured_media":23708,"comment_status":"closed","ping_status":"open","sticky":false,"template":"","format":"standard","meta":{"inline_featured_image":false,"footnotes":""},"categories":[298,266],"tags":[415,307,416,324,417,325,418,419,308,420,303,304,421,422,314,423,319,272,330,424,425],"class_list":["post-23707","post","type-post","status-publish","format-standard","has-post-thumbnail","hentry","category-pilots-es","category-react-es","tag-batteries-es","tag-carloforte-es","tag-ce4islands-es","tag-climate-change-es","tag-climate-crisis-es","tag-climate-deal-es","tag-community-es","tag-dwellings-es","tag-energy-communities-es","tag-energy-efficiency-es","tag-eu-es","tag-h2020-es","tag-heat-pump-es","tag-micad-es","tag-mitsubishi-electric-es","tag-municipality-of-carloforte-es","tag-r2m-es","tag-renewable-energy-es","tag-renewables-es","tag-san-pietro-es","tag-technology-es"],"yoast_head":"<!-- This site is optimized with the Yoast SEO plugin v27.4 - https:\/\/yoast.com\/product\/yoast-seo-wordpress\/ -->\n<title>Segunda visita de REACT a la isla de San Pietro - REACT 2020<\/title>\n<meta name=\"robots\" content=\"index, follow, max-snippet:-1, max-image-preview:large, max-video-preview:-1\" \/>\n<link rel=\"canonical\" href=\"https:\/\/react2020.eu\/es\/2020\/11\/06\/segunda-visita-de-react-a-la-isla-de-san-pietro\/\" \/>\n<meta property=\"og:locale\" content=\"es_ES\" \/>\n<meta property=\"og:type\" content=\"article\" \/>\n<meta property=\"og:title\" content=\"Segunda visita de REACT a la isla de San Pietro - REACT 2020\" \/>\n<meta property=\"og:description\" content=\"El grupo italiano (Midac,&nbsp;Mitsubishi Electric Italia,&nbsp;R2M, junto con Western) visit\u00f3, del 20 al 22 de octubre, el piloto italiano: La isla de San Pietro. A pesar de la pandemia del COVID-19, el proyecto REACT no se ha detenido, y los socioshan seguido trabajando a favor del desarrollo de las comunidades energ\u00e9ticas de la isla. El ... Leer m\u00e1s\" \/>\n<meta property=\"og:url\" content=\"https:\/\/react2020.eu\/es\/2020\/11\/06\/segunda-visita-de-react-a-la-isla-de-san-pietro\/\" \/>\n<meta property=\"og:site_name\" content=\"REACT 2020\" \/>\n<meta property=\"article:published_time\" content=\"2020-11-06T09:34:00+00:00\" \/>\n<meta property=\"article:modified_time\" content=\"2021-01-15T10:50:58+00:00\" \/>\n<meta property=\"og:image\" content=\"https:\/\/react2020.eu\/wp-content\/uploads\/sites\/5\/2020\/11\/thumbnail_image.png\" \/>\n\t<meta property=\"og:image:width\" content=\"1200\" \/>\n\t<meta property=\"og:image:height\" content=\"675\" \/>\n\t<meta property=\"og:image:type\" content=\"image\/png\" \/>\n<meta name=\"author\" content=\"AdminCometPublishing\" \/>\n<meta name=\"twitter:card\" content=\"summary_large_image\" \/>\n<meta name=\"twitter:label1\" content=\"Escrito por\" \/>\n\t<meta name=\"twitter:data1\" content=\"AdminCometPublishing\" \/>\n\t<meta name=\"twitter:label2\" content=\"Tiempo de lectura\" \/>\n\t<meta name=\"twitter:data2\" content=\"2 minutos\" \/>\n<script type=\"application\/ld+json\" class=\"yoast-schema-graph\">{\"@context\":\"https:\\\/\\\/schema.org\",\"@graph\":[{\"@type\":\"Article\",\"@id\":\"https:\\\/\\\/react2020.eu\\\/es\\\/2020\\\/11\\\/06\\\/segunda-visita-de-react-a-la-isla-de-san-pietro\\\/#article\",\"isPartOf\":{\"@id\":\"https:\\\/\\\/react2020.eu\\\/es\\\/2020\\\/11\\\/06\\\/segunda-visita-de-react-a-la-isla-de-san-pietro\\\/\"},\"author\":{\"name\":\"AdminCometPublishing\",\"@id\":\"https:\\\/\\\/react2020.eu\\\/#\\\/schema\\\/person\\\/e7d9c78a25d3d519f2588384a3fbea90\"},\"headline\":\"Segunda visita de REACT a la isla de San Pietro\",\"datePublished\":\"2020-11-06T09:34:00+00:00\",\"dateModified\":\"2021-01-15T10:50:58+00:00\",\"mainEntityOfPage\":{\"@id\":\"https:\\\/\\\/react2020.eu\\\/es\\\/2020\\\/11\\\/06\\\/segunda-visita-de-react-a-la-isla-de-san-pietro\\\/\"},\"wordCount\":341,\"publisher\":{\"@id\":\"https:\\\/\\\/react2020.eu\\\/#organization\"},\"image\":{\"@id\":\"https:\\\/\\\/react2020.eu\\\/es\\\/2020\\\/11\\\/06\\\/segunda-visita-de-react-a-la-isla-de-san-pietro\\\/#primaryimage\"},\"thumbnailUrl\":\"https:\\\/\\\/react2020.eu\\\/wp-content\\\/uploads\\\/sites\\\/5\\\/2020\\\/11\\\/thumbnail_image.png\",\"keywords\":[\"batteries\",\"carloforte\",\"CE4islands\",\"climate change\",\"climate crisis\",\"climate deal\",\"community\",\"dwellings\",\"energy communities\",\"Energy efficiency\",\"EU\",\"H2020\",\"heat pump\",\"micad\",\"Mitsubishi ELECTRIC\",\"Municipality of Carloforte\",\"R2M\",\"Renewable Energy\",\"renewables\",\"San Pietro\",\"technology\"],\"articleSection\":[\"Pilots\",\"REACT\"],\"inLanguage\":\"es\"},{\"@type\":\"WebPage\",\"@id\":\"https:\\\/\\\/react2020.eu\\\/es\\\/2020\\\/11\\\/06\\\/segunda-visita-de-react-a-la-isla-de-san-pietro\\\/\",\"url\":\"https:\\\/\\\/react2020.eu\\\/es\\\/2020\\\/11\\\/06\\\/segunda-visita-de-react-a-la-isla-de-san-pietro\\\/\",\"name\":\"Segunda visita de REACT a la isla de San Pietro - REACT 2020\",\"isPartOf\":{\"@id\":\"https:\\\/\\\/react2020.eu\\\/#website\"},\"primaryImageOfPage\":{\"@id\":\"https:\\\/\\\/react2020.eu\\\/es\\\/2020\\\/11\\\/06\\\/segunda-visita-de-react-a-la-isla-de-san-pietro\\\/#primaryimage\"},\"image\":{\"@id\":\"https:\\\/\\\/react2020.eu\\\/es\\\/2020\\\/11\\\/06\\\/segunda-visita-de-react-a-la-isla-de-san-pietro\\\/#primaryimage\"},\"thumbnailUrl\":\"https:\\\/\\\/react2020.eu\\\/wp-content\\\/uploads\\\/sites\\\/5\\\/2020\\\/11\\\/thumbnail_image.png\",\"datePublished\":\"2020-11-06T09:34:00+00:00\",\"dateModified\":\"2021-01-15T10:50:58+00:00\",\"breadcrumb\":{\"@id\":\"https:\\\/\\\/react2020.eu\\\/es\\\/2020\\\/11\\\/06\\\/segunda-visita-de-react-a-la-isla-de-san-pietro\\\/#breadcrumb\"},\"inLanguage\":\"es\",\"potentialAction\":[{\"@type\":\"ReadAction\",\"target\":[\"https:\\\/\\\/react2020.eu\\\/es\\\/2020\\\/11\\\/06\\\/segunda-visita-de-react-a-la-isla-de-san-pietro\\\/\"]}]},{\"@type\":\"ImageObject\",\"inLanguage\":\"es\",\"@id\":\"https:\\\/\\\/react2020.eu\\\/es\\\/2020\\\/11\\\/06\\\/segunda-visita-de-react-a-la-isla-de-san-pietro\\\/#primaryimage\",\"url\":\"https:\\\/\\\/react2020.eu\\\/wp-content\\\/uploads\\\/sites\\\/5\\\/2020\\\/11\\\/thumbnail_image.png\",\"contentUrl\":\"https:\\\/\\\/react2020.eu\\\/wp-content\\\/uploads\\\/sites\\\/5\\\/2020\\\/11\\\/thumbnail_image.png\",\"width\":1200,\"height\":675},{\"@type\":\"BreadcrumbList\",\"@id\":\"https:\\\/\\\/react2020.eu\\\/es\\\/2020\\\/11\\\/06\\\/segunda-visita-de-react-a-la-isla-de-san-pietro\\\/#breadcrumb\",\"itemListElement\":[{\"@type\":\"ListItem\",\"position\":1,\"name\":\"Portada\",\"item\":\"https:\\\/\\\/react2020.eu\\\/\"},{\"@type\":\"ListItem\",\"position\":2,\"name\":\"Segunda visita de REACT a la isla de San Pietro\"}]},{\"@type\":\"WebSite\",\"@id\":\"https:\\\/\\\/react2020.eu\\\/#website\",\"url\":\"https:\\\/\\\/react2020.eu\\\/\",\"name\":\"REACT 2020\",\"description\":\"REACT 2020 \u2013 Renewable Energy for Self-Sustainable Island Communties\",\"publisher\":{\"@id\":\"https:\\\/\\\/react2020.eu\\\/#organization\"},\"potentialAction\":[{\"@type\":\"SearchAction\",\"target\":{\"@type\":\"EntryPoint\",\"urlTemplate\":\"https:\\\/\\\/react2020.eu\\\/?s={search_term_string}\"},\"query-input\":{\"@type\":\"PropertyValueSpecification\",\"valueRequired\":true,\"valueName\":\"search_term_string\"}}],\"inLanguage\":\"es\"},{\"@type\":\"Organization\",\"@id\":\"https:\\\/\\\/react2020.eu\\\/#organization\",\"name\":\"REACT 2020\",\"url\":\"https:\\\/\\\/react2020.eu\\\/\",\"logo\":{\"@type\":\"ImageObject\",\"inLanguage\":\"es\",\"@id\":\"https:\\\/\\\/react2020.eu\\\/#\\\/schema\\\/logo\\\/image\\\/\",\"url\":\"https:\\\/\\\/react2020.eu\\\/wp-content\\\/uploads\\\/sites\\\/5\\\/2019\\\/07\\\/1.-REACT_Logo-horizontal_Color_RGB_2.png\",\"contentUrl\":\"https:\\\/\\\/react2020.eu\\\/wp-content\\\/uploads\\\/sites\\\/5\\\/2019\\\/07\\\/1.-REACT_Logo-horizontal_Color_RGB_2.png\",\"width\":1643,\"height\":419,\"caption\":\"REACT 2020\"},\"image\":{\"@id\":\"https:\\\/\\\/react2020.eu\\\/#\\\/schema\\\/logo\\\/image\\\/\"}},{\"@type\":\"Person\",\"@id\":\"https:\\\/\\\/react2020.eu\\\/#\\\/schema\\\/person\\\/e7d9c78a25d3d519f2588384a3fbea90\",\"name\":\"AdminCometPublishing\",\"image\":{\"@type\":\"ImageObject\",\"inLanguage\":\"es\",\"@id\":\"https:\\\/\\\/secure.gravatar.com\\\/avatar\\\/6ce858727fb26acaa2181992800c32363ecd1b00a21522a41880ad1b33a8ef96?s=96&d=mm&r=g\",\"url\":\"https:\\\/\\\/secure.gravatar.com\\\/avatar\\\/6ce858727fb26acaa2181992800c32363ecd1b00a21522a41880ad1b33a8ef96?s=96&d=mm&r=g\",\"contentUrl\":\"https:\\\/\\\/secure.gravatar.com\\\/avatar\\\/6ce858727fb26acaa2181992800c32363ecd1b00a21522a41880ad1b33a8ef96?s=96&d=mm&r=g\",\"caption\":\"AdminCometPublishing\"},\"sameAs\":[\"https:\\\/\\\/publishing.comet.technology\"],\"url\":\"https:\\\/\\\/react2020.eu\\\/es\\\/author\\\/admincometpublishing\\\/\"}]}<\/script>\n<!-- \/ Yoast SEO plugin. -->","yoast_head_json":{"title":"Segunda visita de REACT a la isla de San Pietro - REACT 2020","robots":{"index":"index","follow":"follow","max-snippet":"max-snippet:-1","max-image-preview":"max-image-preview:large","max-video-preview":"max-video-preview:-1"},"canonical":"https:\/\/react2020.eu\/es\/2020\/11\/06\/segunda-visita-de-react-a-la-isla-de-san-pietro\/","og_locale":"es_ES","og_type":"article","og_title":"Segunda visita de REACT a la isla de San Pietro - REACT 2020","og_description":"El grupo italiano (Midac,&nbsp;Mitsubishi Electric Italia,&nbsp;R2M, junto con Western) visit\u00f3, del 20 al 22 de octubre, el piloto italiano: La isla de San Pietro. A pesar de la pandemia del COVID-19, el proyecto REACT no se ha detenido, y los socioshan seguido trabajando a favor del desarrollo de las comunidades energ\u00e9ticas de la isla. El ... Leer m\u00e1s","og_url":"https:\/\/react2020.eu\/es\/2020\/11\/06\/segunda-visita-de-react-a-la-isla-de-san-pietro\/","og_site_name":"REACT 2020","article_published_time":"2020-11-06T09:34:00+00:00","article_modified_time":"2021-01-15T10:50:58+00:00","og_image":[{"width":1200,"height":675,"url":"https:\/\/react2020.eu\/wp-content\/uploads\/sites\/5\/2020\/11\/thumbnail_image.png","type":"image\/png"}],"author":"AdminCometPublishing","twitter_card":"summary_large_image","twitter_misc":{"Escrito por":"AdminCometPublishing","Tiempo de lectura":"2 minutos"},"schema":{"@context":"https:\/\/schema.org","@graph":[{"@type":"Article","@id":"https:\/\/react2020.eu\/es\/2020\/11\/06\/segunda-visita-de-react-a-la-isla-de-san-pietro\/#article","isPartOf":{"@id":"https:\/\/react2020.eu\/es\/2020\/11\/06\/segunda-visita-de-react-a-la-isla-de-san-pietro\/"},"author":{"name":"AdminCometPublishing","@id":"https:\/\/react2020.eu\/#\/schema\/person\/e7d9c78a25d3d519f2588384a3fbea90"},"headline":"Segunda visita de REACT a la isla de San Pietro","datePublished":"2020-11-06T09:34:00+00:00","dateModified":"2021-01-15T10:50:58+00:00","mainEntityOfPage":{"@id":"https:\/\/react2020.eu\/es\/2020\/11\/06\/segunda-visita-de-react-a-la-isla-de-san-pietro\/"},"wordCount":341,"publisher":{"@id":"https:\/\/react2020.eu\/#organization"},"image":{"@id":"https:\/\/react2020.eu\/es\/2020\/11\/06\/segunda-visita-de-react-a-la-isla-de-san-pietro\/#primaryimage"},"thumbnailUrl":"https:\/\/react2020.eu\/wp-content\/uploads\/sites\/5\/2020\/11\/thumbnail_image.png","keywords":["batteries","carloforte","CE4islands","climate change","climate crisis","climate deal","community","dwellings","energy communities","Energy efficiency","EU","H2020","heat pump","micad","Mitsubishi ELECTRIC","Municipality of Carloforte","R2M","Renewable Energy","renewables","San Pietro","technology"],"articleSection":["Pilots","REACT"],"inLanguage":"es"},{"@type":"WebPage","@id":"https:\/\/react2020.eu\/es\/2020\/11\/06\/segunda-visita-de-react-a-la-isla-de-san-pietro\/","url":"https:\/\/react2020.eu\/es\/2020\/11\/06\/segunda-visita-de-react-a-la-isla-de-san-pietro\/","name":"Segunda visita de REACT a la isla de San Pietro - REACT 2020","isPartOf":{"@id":"https:\/\/react2020.eu\/#website"},"primaryImageOfPage":{"@id":"https:\/\/react2020.eu\/es\/2020\/11\/06\/segunda-visita-de-react-a-la-isla-de-san-pietro\/#primaryimage"},"image":{"@id":"https:\/\/react2020.eu\/es\/2020\/11\/06\/segunda-visita-de-react-a-la-isla-de-san-pietro\/#primaryimage"},"thumbnailUrl":"https:\/\/react2020.eu\/wp-content\/uploads\/sites\/5\/2020\/11\/thumbnail_image.png","datePublished":"2020-11-06T09:34:00+00:00","dateModified":"2021-01-15T10:50:58+00:00","breadcrumb":{"@id":"https:\/\/react2020.eu\/es\/2020\/11\/06\/segunda-visita-de-react-a-la-isla-de-san-pietro\/#breadcrumb"},"inLanguage":"es","potentialAction":[{"@type":"ReadAction","target":["https:\/\/react2020.eu\/es\/2020\/11\/06\/segunda-visita-de-react-a-la-isla-de-san-pietro\/"]}]},{"@type":"ImageObject","inLanguage":"es","@id":"https:\/\/react2020.eu\/es\/2020\/11\/06\/segunda-visita-de-react-a-la-isla-de-san-pietro\/#primaryimage","url":"https:\/\/react2020.eu\/wp-content\/uploads\/sites\/5\/2020\/11\/thumbnail_image.png","contentUrl":"https:\/\/react2020.eu\/wp-content\/uploads\/sites\/5\/2020\/11\/thumbnail_image.png","width":1200,"height":675},{"@type":"BreadcrumbList","@id":"https:\/\/react2020.eu\/es\/2020\/11\/06\/segunda-visita-de-react-a-la-isla-de-san-pietro\/#breadcrumb","itemListElement":[{"@type":"ListItem","position":1,"name":"Portada","item":"https:\/\/react2020.eu\/"},{"@type":"ListItem","position":2,"name":"Segunda visita de REACT a la isla de San Pietro"}]},{"@type":"WebSite","@id":"https:\/\/react2020.eu\/#website","url":"https:\/\/react2020.eu\/","name":"REACT 2020","description":"REACT 2020 \u2013 Renewable Energy for Self-Sustainable Island Communties","publisher":{"@id":"https:\/\/react2020.eu\/#organization"},"potentialAction":[{"@type":"SearchAction","target":{"@type":"EntryPoint","urlTemplate":"https:\/\/react2020.eu\/?s={search_term_string}"},"query-input":{"@type":"PropertyValueSpecification","valueRequired":true,"valueName":"search_term_string"}}],"inLanguage":"es"},{"@type":"Organization","@id":"https:\/\/react2020.eu\/#organization","name":"REACT 2020","url":"https:\/\/react2020.eu\/","logo":{"@type":"ImageObject","inLanguage":"es","@id":"https:\/\/react2020.eu\/#\/schema\/logo\/image\/","url":"https:\/\/react2020.eu\/wp-content\/uploads\/sites\/5\/2019\/07\/1.-REACT_Logo-horizontal_Color_RGB_2.png","contentUrl":"https:\/\/react2020.eu\/wp-content\/uploads\/sites\/5\/2019\/07\/1.-REACT_Logo-horizontal_Color_RGB_2.png","width":1643,"height":419,"caption":"REACT 2020"},"image":{"@id":"https:\/\/react2020.eu\/#\/schema\/logo\/image\/"}},{"@type":"Person","@id":"https:\/\/react2020.eu\/#\/schema\/person\/e7d9c78a25d3d519f2588384a3fbea90","name":"AdminCometPublishing","image":{"@type":"ImageObject","inLanguage":"es","@id":"https:\/\/secure.gravatar.com\/avatar\/6ce858727fb26acaa2181992800c32363ecd1b00a21522a41880ad1b33a8ef96?s=96&d=mm&r=g","url":"https:\/\/secure.gravatar.com\/avatar\/6ce858727fb26acaa2181992800c32363ecd1b00a21522a41880ad1b33a8ef96?s=96&d=mm&r=g","contentUrl":"https:\/\/secure.gravatar.com\/avatar\/6ce858727fb26acaa2181992800c32363ecd1b00a21522a41880ad1b33a8ef96?s=96&d=mm&r=g","caption":"AdminCometPublishing"},"sameAs":["https:\/\/publishing.comet.technology"],"url":"https:\/\/react2020.eu\/es\/author\/admincometpublishing\/"}]}},"_links":{"self":[{"href":"https:\/\/react2020.eu\/es\/wp-json\/wp\/v2\/posts\/23707","targetHints":{"allow":["GET"]}}],"collection":[{"href":"https:\/\/react2020.eu\/es\/wp-json\/wp\/v2\/posts"}],"about":[{"href":"https:\/\/react2020.eu\/es\/wp-json\/wp\/v2\/types\/post"}],"author":[{"embeddable":true,"href":"https:\/\/react2020.eu\/es\/wp-json\/wp\/v2\/users\/1"}],"replies":[{"embeddable":true,"href":"https:\/\/react2020.eu\/es\/wp-json\/wp\/v2\/comments?post=23707"}],"version-history":[{"count":0,"href":"https:\/\/react2020.eu\/es\/wp-json\/wp\/v2\/posts\/23707\/revisions"}],"wp:featuredmedia":[{"embeddable":true,"href":"https:\/\/react2020.eu\/es\/wp-json\/wp\/v2\/media\/23708"}],"wp:attachment":[{"href":"https:\/\/react2020.eu\/es\/wp-json\/wp\/v2\/media?parent=23707"}],"wp:term":[{"taxonomy":"category","embeddable":true,"href":"https:\/\/react2020.eu\/es\/wp-json\/wp\/v2\/categories?post=23707"},{"taxonomy":"post_tag","embeddable":true,"href":"https:\/\/react2020.eu\/es\/wp-json\/wp\/v2\/tags?post=23707"}],"curies":[{"name":"wp","href":"https:\/\/api.w.org\/{rel}","templated":true}]}}