{"id":23654,"date":"2020-10-14T21:48:00","date_gmt":"2020-10-14T21:48:00","guid":{"rendered":"https:\/\/react2020.publishing.comet.technology\/2021\/01\/13\/react-vuelve-a-la-graciosa\/"},"modified":"2021-01-15T10:53:26","modified_gmt":"2021-01-15T10:53:26","slug":"react-vuelve-a-la-graciosa","status":"publish","type":"post","link":"https:\/\/react2020.eu\/es\/2020\/10\/14\/react-vuelve-a-la-graciosa\/","title":{"rendered":"\u00a1REACT vuelve a La Graciosa!"},"content":{"rendered":"\n<p>Tras la visita del pasado mes de enero, el proyecto REACT despert\u00f3 el inter\u00e9s de muchos de los habitantes de La Graciosa. No s\u00f3lo entendieron las ventajas econ\u00f3micas y sociales que \u00e9ste supone, sino que vislumbraron la posibilidad de hacer de La Graciosa una isla de referencia en temas de medioambiente e innovaci\u00f3n. Cerca de 20 habitantes manifestaron su inter\u00e9s en participar en el proyecto.  <\/p>\n\n\n\n<p>Tras esta buena acogida, se desarrollaron todos los proyectos de ingenier\u00eda para la instalaci\u00f3n solar fotovoltaica para los habitantes que preacordaron su participaci\u00f3n. Con objeto de analizar en detalle, y no s\u00f3lo sobre plano, la manera de realizar las instalaciones en las viviendas, restaurantes o apartamentos tur\u00edsticos,&nbsp;<a href=\"https:\/\/www.fenieenergia.es\/\">Fen\u00ede Energ\u00eda<\/a>,&nbsp;<a href=\"https:\/\/femepa.org\/web\/category\/asociaciones\/aielpa\/\">AIELPA<\/a> y <a href=\"https:\/\/www.suministrosorduna.com\/\">Ordu\u00f1a<\/a>&nbsp;volvieron a la isla hace un par de semanas. Se recogieron datos, por ejemplo, sobre por d\u00f3nde tirar los cables, d\u00f3nde instalar las bater\u00edas e inversores, o sobre el espacio real de tejado (pues muchas veces se instalan dep\u00f3sitos de agua o alg\u00fan otro elemento que no consta sobre los planos). Adem\u00e1s, se terminaron de cerrar los acuerdos de participaci\u00f3n con algunos habitantes menos habituados a utilizar el correo electr\u00f3nico.<\/p>\n\n\n\n<p>\u00a1La visita fue todo un \u00e9xito! Se obtuvieron todos los detalles necesarios de cada propiedad para realizar las instalaciones en cuanto sea posible. \u00a1Pero no s\u00f3lo eso! Varios habitantes que no hab\u00edan estado en la isla durante la visita de enero se enteraron del proyecto y tambi\u00e9n quisieron participar. Se estudi\u00f3 la posibilidad de incluirles \u2013 pues hab\u00edan de cumplir ciertos criterios predeterminados en el proyecto, y la potencia de paneles solares a instalar financiada por la U.E. es limitada \u2013 y finalmente se aprob\u00f3 \u00a1aumentando la plantilla!<\/p>\n\n\n\n<div class=\"wp-block-group alignwide\"><div class=\"wp-block-group__inner-container is-layout-flow wp-block-group-is-layout-flow\">\n<figure class=\"wp-block-gallery columns-3 is-cropped wp-block-gallery-1 is-layout-flex wp-block-gallery-is-layout-flex\"><ul class=\"blocks-gallery-grid\"><li class=\"blocks-gallery-item\"><figure><img decoding=\"async\" src=\"https:\/\/react2020.eu\/wp-content\/uploads\/sites\/5\/2020\/10\/08_La_Graciosa_Septiembre_2020-1024x576.jpg\" alt=\"\" data-id=\"21330\" data-full-url=\"https:\/\/react2020.eu\/wp-content\/uploads\/sites\/5\/2020\/10\/08_La_Graciosa_Septiembre_2020-scaled.jpg\" data-link=\"https:\/\/react2020.eu\/2020\/10\/14\/react-vuelve-a-la-graciosa-react-is-back-at-la-graciosa\/08_la_graciosa_septiembre_2020\/\" class=\"wp-image-21330\"\/><\/figure><\/li><li class=\"blocks-gallery-item\"><figure><img decoding=\"async\" src=\"https:\/\/react2020.eu\/wp-content\/uploads\/sites\/5\/2020\/10\/07_La_Graciosa_Septiembre_2020-1024x576.jpg\" alt=\"\" data-id=\"21329\" data-full-url=\"https:\/\/react2020.eu\/wp-content\/uploads\/sites\/5\/2020\/10\/07_La_Graciosa_Septiembre_2020-scaled.jpg\" data-link=\"https:\/\/react2020.eu\/2020\/10\/14\/react-vuelve-a-la-graciosa-react-is-back-at-la-graciosa\/07_la_graciosa_septiembre_2020\/\" class=\"wp-image-21329\"\/><\/figure><\/li><li class=\"blocks-gallery-item\"><figure><img decoding=\"async\" src=\"https:\/\/react2020.eu\/wp-content\/uploads\/sites\/5\/2020\/10\/06_La_Graciosa_Septiembre_2020-1024x576.jpg\" alt=\"\" data-id=\"21328\" data-full-url=\"https:\/\/react2020.eu\/wp-content\/uploads\/sites\/5\/2020\/10\/06_La_Graciosa_Septiembre_2020-scaled.jpg\" data-link=\"https:\/\/react2020.eu\/2020\/10\/14\/react-vuelve-a-la-graciosa-react-is-back-at-la-graciosa\/06_la_graciosa_septiembre_2020\/\" class=\"wp-image-21328\"\/><\/figure><\/li><li class=\"blocks-gallery-item\"><figure><img decoding=\"async\" src=\"https:\/\/react2020.eu\/wp-content\/uploads\/sites\/5\/2020\/10\/05_La_Graciosa_Septiembre_2020-1024x576.jpg\" alt=\"\" data-id=\"21327\" data-full-url=\"https:\/\/react2020.eu\/wp-content\/uploads\/sites\/5\/2020\/10\/05_La_Graciosa_Septiembre_2020-scaled.jpg\" data-link=\"https:\/\/react2020.eu\/2020\/10\/14\/react-vuelve-a-la-graciosa-react-is-back-at-la-graciosa\/05_la_graciosa_septiembre_2020\/\" class=\"wp-image-21327\"\/><\/figure><\/li><li class=\"blocks-gallery-item\"><figure><img decoding=\"async\" src=\"https:\/\/react2020.eu\/wp-content\/uploads\/sites\/5\/2020\/10\/04_La_Graciosa_Septiembre_2020-1024x576.jpg\" alt=\"\" data-id=\"21326\" data-full-url=\"https:\/\/react2020.eu\/wp-content\/uploads\/sites\/5\/2020\/10\/04_La_Graciosa_Septiembre_2020-scaled.jpg\" data-link=\"https:\/\/react2020.eu\/2020\/10\/14\/react-vuelve-a-la-graciosa-react-is-back-at-la-graciosa\/04_la_graciosa_septiembre_2020\/\" class=\"wp-image-21326\"\/><\/figure><\/li><li class=\"blocks-gallery-item\"><figure><img decoding=\"async\" src=\"https:\/\/react2020.eu\/wp-content\/uploads\/sites\/5\/2020\/10\/03_La_Graciosa_Septiembre_2020-1024x576.jpg\" alt=\"\" data-id=\"21325\" data-full-url=\"https:\/\/react2020.eu\/wp-content\/uploads\/sites\/5\/2020\/10\/03_La_Graciosa_Septiembre_2020-scaled.jpg\" data-link=\"https:\/\/react2020.eu\/2020\/10\/14\/react-vuelve-a-la-graciosa-react-is-back-at-la-graciosa\/03_la_graciosa_septiembre_2020\/\" class=\"wp-image-21325\"\/><\/figure><\/li><li class=\"blocks-gallery-item\"><figure><img decoding=\"async\" src=\"https:\/\/react2020.eu\/wp-content\/uploads\/sites\/5\/2020\/10\/02_La_Graciosa_Septiembre_2020-1024x576.jpg\" alt=\"\" data-id=\"21324\" data-full-url=\"https:\/\/react2020.eu\/wp-content\/uploads\/sites\/5\/2020\/10\/02_La_Graciosa_Septiembre_2020-scaled.jpg\" data-link=\"https:\/\/react2020.eu\/2020\/10\/14\/react-vuelve-a-la-graciosa-react-is-back-at-la-graciosa\/02_la_graciosa_septiembre_2020\/\" class=\"wp-image-21324\"\/><\/figure><\/li><\/ul><\/figure>\n<\/div><\/div>\n\n\n\n<p><strong><em>Redactado por Maria Luisa Serrano Irurzun <\/em><\/strong>from <a href=\"https:\/\/www.fenieenergia.es\/\">Fen\u00ede Energ\u00eda<\/a><\/p>\n\n\n\n<figure class=\"wp-block-embed is-type-video is-provider-youtube wp-block-embed-youtube wp-embed-aspect-16-9 wp-has-aspect-ratio\"><div class=\"wp-block-embed__wrapper\">\n<iframe title=\"\u00a1REACT volvi\u00f3 a La Graciosa!\" width=\"1200\" height=\"675\" src=\"https:\/\/www.youtube.com\/embed\/_rXFF0mqg2Q?feature=oembed\" frameborder=\"0\" allow=\"accelerometer; autoplay; clipboard-write; encrypted-media; gyroscope; picture-in-picture\" allowfullscreen><\/iframe>\n<\/div><\/figure>\n\n\n\n<div class=\"wp-block-group alignwide is-layout-flow wp-block-group-is-layout-flow\"><div class=\"wp-block-group__inner-container\"><\/div><\/div>\n\n\n\n<p>Edited by <a href=\"https:\/\/comet.technology\/en\/\">COMET<\/a><\/p>\n","protected":false},"excerpt":{"rendered":"<p>Tras la visita del pasado mes de enero, el proyecto REACT despert\u00f3 el inter\u00e9s de muchos de los habitantes de La Graciosa. No s\u00f3lo entendieron las ventajas econ\u00f3micas y sociales que \u00e9ste supone, sino que vislumbraron la posibilidad de hacer de La Graciosa una isla de referencia en temas de medioambiente e innovaci\u00f3n. Cerca de &#8230; <a title=\"\u00a1REACT vuelve a La Graciosa!\" class=\"read-more\" href=\"https:\/\/react2020.eu\/es\/2020\/10\/14\/react-vuelve-a-la-graciosa\/\" aria-label=\"Leer m\u00e1s sobre \u00a1REACT vuelve a La Graciosa!\">Leer m\u00e1s<\/a><\/p>\n","protected":false},"author":1,"featured_media":23655,"comment_status":"closed","ping_status":"open","sticky":false,"template":"","format":"standard","meta":{"inline_featured_image":false,"footnotes":""},"categories":[298,266],"tags":[293,312,295,316,265],"class_list":["post-23654","post","type-post","status-publish","format-standard","has-post-thumbnail","hentry","category-pilots-es","category-react-es","tag-energy-community-es","tag-islands-energy-independency-es","tag-la-graciosa-es","tag-pilot-es","tag-react-es"],"yoast_head":"<!-- This site is optimized with the Yoast SEO plugin v27.4 - https:\/\/yoast.com\/product\/yoast-seo-wordpress\/ -->\n<title>\u00a1REACT vuelve a La Graciosa! - REACT 2020<\/title>\n<meta name=\"robots\" content=\"index, follow, max-snippet:-1, max-image-preview:large, max-video-preview:-1\" \/>\n<link rel=\"canonical\" href=\"https:\/\/react2020.eu\/es\/2020\/10\/14\/react-vuelve-a-la-graciosa\/\" \/>\n<meta property=\"og:locale\" content=\"es_ES\" \/>\n<meta property=\"og:type\" content=\"article\" \/>\n<meta property=\"og:title\" content=\"\u00a1REACT vuelve a La Graciosa! - REACT 2020\" \/>\n<meta property=\"og:description\" content=\"Tras la visita del pasado mes de enero, el proyecto REACT despert\u00f3 el inter\u00e9s de muchos de los habitantes de La Graciosa. No s\u00f3lo entendieron las ventajas econ\u00f3micas y sociales que \u00e9ste supone, sino que vislumbraron la posibilidad de hacer de La Graciosa una isla de referencia en temas de medioambiente e innovaci\u00f3n. Cerca de ... Leer m\u00e1s\" \/>\n<meta property=\"og:url\" content=\"https:\/\/react2020.eu\/es\/2020\/10\/14\/react-vuelve-a-la-graciosa\/\" \/>\n<meta property=\"og:site_name\" content=\"REACT 2020\" \/>\n<meta property=\"article:published_time\" content=\"2020-10-14T21:48:00+00:00\" \/>\n<meta property=\"article:modified_time\" content=\"2021-01-15T10:53:26+00:00\" \/>\n<meta property=\"og:image\" content=\"https:\/\/react2020.eu\/wp-content\/uploads\/sites\/5\/2020\/11\/01_La_Graciosa_Septiembre_2020-2048x1152-1.jpg\" \/>\n\t<meta property=\"og:image:width\" content=\"2048\" \/>\n\t<meta property=\"og:image:height\" content=\"1152\" \/>\n\t<meta property=\"og:image:type\" content=\"image\/jpeg\" \/>\n<meta name=\"author\" content=\"AdminCometPublishing\" \/>\n<meta name=\"twitter:card\" content=\"summary_large_image\" \/>\n<meta name=\"twitter:label1\" content=\"Escrito por\" \/>\n\t<meta name=\"twitter:data1\" content=\"AdminCometPublishing\" \/>\n\t<meta name=\"twitter:label2\" content=\"Tiempo de lectura\" \/>\n\t<meta name=\"twitter:data2\" content=\"3 minutos\" \/>\n<script type=\"application\/ld+json\" class=\"yoast-schema-graph\">{\"@context\":\"https:\\\/\\\/schema.org\",\"@graph\":[{\"@type\":\"Article\",\"@id\":\"https:\\\/\\\/react2020.eu\\\/es\\\/2020\\\/10\\\/14\\\/react-vuelve-a-la-graciosa\\\/#article\",\"isPartOf\":{\"@id\":\"https:\\\/\\\/react2020.eu\\\/es\\\/2020\\\/10\\\/14\\\/react-vuelve-a-la-graciosa\\\/\"},\"author\":{\"name\":\"AdminCometPublishing\",\"@id\":\"https:\\\/\\\/react2020.eu\\\/#\\\/schema\\\/person\\\/e7d9c78a25d3d519f2588384a3fbea90\"},\"headline\":\"\u00a1REACT vuelve a La Graciosa!\",\"datePublished\":\"2020-10-14T21:48:00+00:00\",\"dateModified\":\"2021-01-15T10:53:26+00:00\",\"mainEntityOfPage\":{\"@id\":\"https:\\\/\\\/react2020.eu\\\/es\\\/2020\\\/10\\\/14\\\/react-vuelve-a-la-graciosa\\\/\"},\"wordCount\":329,\"publisher\":{\"@id\":\"https:\\\/\\\/react2020.eu\\\/#organization\"},\"image\":{\"@id\":\"https:\\\/\\\/react2020.eu\\\/es\\\/2020\\\/10\\\/14\\\/react-vuelve-a-la-graciosa\\\/#primaryimage\"},\"thumbnailUrl\":\"https:\\\/\\\/react2020.eu\\\/wp-content\\\/uploads\\\/sites\\\/5\\\/2020\\\/11\\\/01_La_Graciosa_Septiembre_2020-2048x1152-1.jpg\",\"keywords\":[\"Energy Community\",\"islands energy independency\",\"La Graciosa\",\"pilot\",\"REACT\"],\"articleSection\":[\"Pilots\",\"REACT\"],\"inLanguage\":\"es\"},{\"@type\":\"WebPage\",\"@id\":\"https:\\\/\\\/react2020.eu\\\/es\\\/2020\\\/10\\\/14\\\/react-vuelve-a-la-graciosa\\\/\",\"url\":\"https:\\\/\\\/react2020.eu\\\/es\\\/2020\\\/10\\\/14\\\/react-vuelve-a-la-graciosa\\\/\",\"name\":\"\u00a1REACT vuelve a La Graciosa! - REACT 2020\",\"isPartOf\":{\"@id\":\"https:\\\/\\\/react2020.eu\\\/#website\"},\"primaryImageOfPage\":{\"@id\":\"https:\\\/\\\/react2020.eu\\\/es\\\/2020\\\/10\\\/14\\\/react-vuelve-a-la-graciosa\\\/#primaryimage\"},\"image\":{\"@id\":\"https:\\\/\\\/react2020.eu\\\/es\\\/2020\\\/10\\\/14\\\/react-vuelve-a-la-graciosa\\\/#primaryimage\"},\"thumbnailUrl\":\"https:\\\/\\\/react2020.eu\\\/wp-content\\\/uploads\\\/sites\\\/5\\\/2020\\\/11\\\/01_La_Graciosa_Septiembre_2020-2048x1152-1.jpg\",\"datePublished\":\"2020-10-14T21:48:00+00:00\",\"dateModified\":\"2021-01-15T10:53:26+00:00\",\"breadcrumb\":{\"@id\":\"https:\\\/\\\/react2020.eu\\\/es\\\/2020\\\/10\\\/14\\\/react-vuelve-a-la-graciosa\\\/#breadcrumb\"},\"inLanguage\":\"es\",\"potentialAction\":[{\"@type\":\"ReadAction\",\"target\":[\"https:\\\/\\\/react2020.eu\\\/es\\\/2020\\\/10\\\/14\\\/react-vuelve-a-la-graciosa\\\/\"]}]},{\"@type\":\"ImageObject\",\"inLanguage\":\"es\",\"@id\":\"https:\\\/\\\/react2020.eu\\\/es\\\/2020\\\/10\\\/14\\\/react-vuelve-a-la-graciosa\\\/#primaryimage\",\"url\":\"https:\\\/\\\/react2020.eu\\\/wp-content\\\/uploads\\\/sites\\\/5\\\/2020\\\/11\\\/01_La_Graciosa_Septiembre_2020-2048x1152-1.jpg\",\"contentUrl\":\"https:\\\/\\\/react2020.eu\\\/wp-content\\\/uploads\\\/sites\\\/5\\\/2020\\\/11\\\/01_La_Graciosa_Septiembre_2020-2048x1152-1.jpg\",\"width\":2048,\"height\":1152},{\"@type\":\"BreadcrumbList\",\"@id\":\"https:\\\/\\\/react2020.eu\\\/es\\\/2020\\\/10\\\/14\\\/react-vuelve-a-la-graciosa\\\/#breadcrumb\",\"itemListElement\":[{\"@type\":\"ListItem\",\"position\":1,\"name\":\"Portada\",\"item\":\"https:\\\/\\\/react2020.eu\\\/\"},{\"@type\":\"ListItem\",\"position\":2,\"name\":\"\u00a1REACT vuelve a La Graciosa!\"}]},{\"@type\":\"WebSite\",\"@id\":\"https:\\\/\\\/react2020.eu\\\/#website\",\"url\":\"https:\\\/\\\/react2020.eu\\\/\",\"name\":\"REACT 2020\",\"description\":\"REACT 2020 \u2013 Renewable Energy for Self-Sustainable Island Communties\",\"publisher\":{\"@id\":\"https:\\\/\\\/react2020.eu\\\/#organization\"},\"potentialAction\":[{\"@type\":\"SearchAction\",\"target\":{\"@type\":\"EntryPoint\",\"urlTemplate\":\"https:\\\/\\\/react2020.eu\\\/?s={search_term_string}\"},\"query-input\":{\"@type\":\"PropertyValueSpecification\",\"valueRequired\":true,\"valueName\":\"search_term_string\"}}],\"inLanguage\":\"es\"},{\"@type\":\"Organization\",\"@id\":\"https:\\\/\\\/react2020.eu\\\/#organization\",\"name\":\"REACT 2020\",\"url\":\"https:\\\/\\\/react2020.eu\\\/\",\"logo\":{\"@type\":\"ImageObject\",\"inLanguage\":\"es\",\"@id\":\"https:\\\/\\\/react2020.eu\\\/#\\\/schema\\\/logo\\\/image\\\/\",\"url\":\"https:\\\/\\\/react2020.eu\\\/wp-content\\\/uploads\\\/sites\\\/5\\\/2019\\\/07\\\/1.-REACT_Logo-horizontal_Color_RGB_2.png\",\"contentUrl\":\"https:\\\/\\\/react2020.eu\\\/wp-content\\\/uploads\\\/sites\\\/5\\\/2019\\\/07\\\/1.-REACT_Logo-horizontal_Color_RGB_2.png\",\"width\":1643,\"height\":419,\"caption\":\"REACT 2020\"},\"image\":{\"@id\":\"https:\\\/\\\/react2020.eu\\\/#\\\/schema\\\/logo\\\/image\\\/\"}},{\"@type\":\"Person\",\"@id\":\"https:\\\/\\\/react2020.eu\\\/#\\\/schema\\\/person\\\/e7d9c78a25d3d519f2588384a3fbea90\",\"name\":\"AdminCometPublishing\",\"image\":{\"@type\":\"ImageObject\",\"inLanguage\":\"es\",\"@id\":\"https:\\\/\\\/secure.gravatar.com\\\/avatar\\\/6ce858727fb26acaa2181992800c32363ecd1b00a21522a41880ad1b33a8ef96?s=96&d=mm&r=g\",\"url\":\"https:\\\/\\\/secure.gravatar.com\\\/avatar\\\/6ce858727fb26acaa2181992800c32363ecd1b00a21522a41880ad1b33a8ef96?s=96&d=mm&r=g\",\"contentUrl\":\"https:\\\/\\\/secure.gravatar.com\\\/avatar\\\/6ce858727fb26acaa2181992800c32363ecd1b00a21522a41880ad1b33a8ef96?s=96&d=mm&r=g\",\"caption\":\"AdminCometPublishing\"},\"sameAs\":[\"https:\\\/\\\/publishing.comet.technology\"],\"url\":\"https:\\\/\\\/react2020.eu\\\/es\\\/author\\\/admincometpublishing\\\/\"}]}<\/script>\n<!-- \/ Yoast SEO plugin. -->","yoast_head_json":{"title":"\u00a1REACT vuelve a La Graciosa! - REACT 2020","robots":{"index":"index","follow":"follow","max-snippet":"max-snippet:-1","max-image-preview":"max-image-preview:large","max-video-preview":"max-video-preview:-1"},"canonical":"https:\/\/react2020.eu\/es\/2020\/10\/14\/react-vuelve-a-la-graciosa\/","og_locale":"es_ES","og_type":"article","og_title":"\u00a1REACT vuelve a La Graciosa! - REACT 2020","og_description":"Tras la visita del pasado mes de enero, el proyecto REACT despert\u00f3 el inter\u00e9s de muchos de los habitantes de La Graciosa. No s\u00f3lo entendieron las ventajas econ\u00f3micas y sociales que \u00e9ste supone, sino que vislumbraron la posibilidad de hacer de La Graciosa una isla de referencia en temas de medioambiente e innovaci\u00f3n. Cerca de ... Leer m\u00e1s","og_url":"https:\/\/react2020.eu\/es\/2020\/10\/14\/react-vuelve-a-la-graciosa\/","og_site_name":"REACT 2020","article_published_time":"2020-10-14T21:48:00+00:00","article_modified_time":"2021-01-15T10:53:26+00:00","og_image":[{"width":2048,"height":1152,"url":"https:\/\/react2020.eu\/wp-content\/uploads\/sites\/5\/2020\/11\/01_La_Graciosa_Septiembre_2020-2048x1152-1.jpg","type":"image\/jpeg"}],"author":"AdminCometPublishing","twitter_card":"summary_large_image","twitter_misc":{"Escrito por":"AdminCometPublishing","Tiempo de lectura":"3 minutos"},"schema":{"@context":"https:\/\/schema.org","@graph":[{"@type":"Article","@id":"https:\/\/react2020.eu\/es\/2020\/10\/14\/react-vuelve-a-la-graciosa\/#article","isPartOf":{"@id":"https:\/\/react2020.eu\/es\/2020\/10\/14\/react-vuelve-a-la-graciosa\/"},"author":{"name":"AdminCometPublishing","@id":"https:\/\/react2020.eu\/#\/schema\/person\/e7d9c78a25d3d519f2588384a3fbea90"},"headline":"\u00a1REACT vuelve a La Graciosa!","datePublished":"2020-10-14T21:48:00+00:00","dateModified":"2021-01-15T10:53:26+00:00","mainEntityOfPage":{"@id":"https:\/\/react2020.eu\/es\/2020\/10\/14\/react-vuelve-a-la-graciosa\/"},"wordCount":329,"publisher":{"@id":"https:\/\/react2020.eu\/#organization"},"image":{"@id":"https:\/\/react2020.eu\/es\/2020\/10\/14\/react-vuelve-a-la-graciosa\/#primaryimage"},"thumbnailUrl":"https:\/\/react2020.eu\/wp-content\/uploads\/sites\/5\/2020\/11\/01_La_Graciosa_Septiembre_2020-2048x1152-1.jpg","keywords":["Energy Community","islands energy independency","La Graciosa","pilot","REACT"],"articleSection":["Pilots","REACT"],"inLanguage":"es"},{"@type":"WebPage","@id":"https:\/\/react2020.eu\/es\/2020\/10\/14\/react-vuelve-a-la-graciosa\/","url":"https:\/\/react2020.eu\/es\/2020\/10\/14\/react-vuelve-a-la-graciosa\/","name":"\u00a1REACT vuelve a La Graciosa! - REACT 2020","isPartOf":{"@id":"https:\/\/react2020.eu\/#website"},"primaryImageOfPage":{"@id":"https:\/\/react2020.eu\/es\/2020\/10\/14\/react-vuelve-a-la-graciosa\/#primaryimage"},"image":{"@id":"https:\/\/react2020.eu\/es\/2020\/10\/14\/react-vuelve-a-la-graciosa\/#primaryimage"},"thumbnailUrl":"https:\/\/react2020.eu\/wp-content\/uploads\/sites\/5\/2020\/11\/01_La_Graciosa_Septiembre_2020-2048x1152-1.jpg","datePublished":"2020-10-14T21:48:00+00:00","dateModified":"2021-01-15T10:53:26+00:00","breadcrumb":{"@id":"https:\/\/react2020.eu\/es\/2020\/10\/14\/react-vuelve-a-la-graciosa\/#breadcrumb"},"inLanguage":"es","potentialAction":[{"@type":"ReadAction","target":["https:\/\/react2020.eu\/es\/2020\/10\/14\/react-vuelve-a-la-graciosa\/"]}]},{"@type":"ImageObject","inLanguage":"es","@id":"https:\/\/react2020.eu\/es\/2020\/10\/14\/react-vuelve-a-la-graciosa\/#primaryimage","url":"https:\/\/react2020.eu\/wp-content\/uploads\/sites\/5\/2020\/11\/01_La_Graciosa_Septiembre_2020-2048x1152-1.jpg","contentUrl":"https:\/\/react2020.eu\/wp-content\/uploads\/sites\/5\/2020\/11\/01_La_Graciosa_Septiembre_2020-2048x1152-1.jpg","width":2048,"height":1152},{"@type":"BreadcrumbList","@id":"https:\/\/react2020.eu\/es\/2020\/10\/14\/react-vuelve-a-la-graciosa\/#breadcrumb","itemListElement":[{"@type":"ListItem","position":1,"name":"Portada","item":"https:\/\/react2020.eu\/"},{"@type":"ListItem","position":2,"name":"\u00a1REACT vuelve a La Graciosa!"}]},{"@type":"WebSite","@id":"https:\/\/react2020.eu\/#website","url":"https:\/\/react2020.eu\/","name":"REACT 2020","description":"REACT 2020 \u2013 Renewable Energy for Self-Sustainable Island Communties","publisher":{"@id":"https:\/\/react2020.eu\/#organization"},"potentialAction":[{"@type":"SearchAction","target":{"@type":"EntryPoint","urlTemplate":"https:\/\/react2020.eu\/?s={search_term_string}"},"query-input":{"@type":"PropertyValueSpecification","valueRequired":true,"valueName":"search_term_string"}}],"inLanguage":"es"},{"@type":"Organization","@id":"https:\/\/react2020.eu\/#organization","name":"REACT 2020","url":"https:\/\/react2020.eu\/","logo":{"@type":"ImageObject","inLanguage":"es","@id":"https:\/\/react2020.eu\/#\/schema\/logo\/image\/","url":"https:\/\/react2020.eu\/wp-content\/uploads\/sites\/5\/2019\/07\/1.-REACT_Logo-horizontal_Color_RGB_2.png","contentUrl":"https:\/\/react2020.eu\/wp-content\/uploads\/sites\/5\/2019\/07\/1.-REACT_Logo-horizontal_Color_RGB_2.png","width":1643,"height":419,"caption":"REACT 2020"},"image":{"@id":"https:\/\/react2020.eu\/#\/schema\/logo\/image\/"}},{"@type":"Person","@id":"https:\/\/react2020.eu\/#\/schema\/person\/e7d9c78a25d3d519f2588384a3fbea90","name":"AdminCometPublishing","image":{"@type":"ImageObject","inLanguage":"es","@id":"https:\/\/secure.gravatar.com\/avatar\/6ce858727fb26acaa2181992800c32363ecd1b00a21522a41880ad1b33a8ef96?s=96&d=mm&r=g","url":"https:\/\/secure.gravatar.com\/avatar\/6ce858727fb26acaa2181992800c32363ecd1b00a21522a41880ad1b33a8ef96?s=96&d=mm&r=g","contentUrl":"https:\/\/secure.gravatar.com\/avatar\/6ce858727fb26acaa2181992800c32363ecd1b00a21522a41880ad1b33a8ef96?s=96&d=mm&r=g","caption":"AdminCometPublishing"},"sameAs":["https:\/\/publishing.comet.technology"],"url":"https:\/\/react2020.eu\/es\/author\/admincometpublishing\/"}]}},"_links":{"self":[{"href":"https:\/\/react2020.eu\/es\/wp-json\/wp\/v2\/posts\/23654","targetHints":{"allow":["GET"]}}],"collection":[{"href":"https:\/\/react2020.eu\/es\/wp-json\/wp\/v2\/posts"}],"about":[{"href":"https:\/\/react2020.eu\/es\/wp-json\/wp\/v2\/types\/post"}],"author":[{"embeddable":true,"href":"https:\/\/react2020.eu\/es\/wp-json\/wp\/v2\/users\/1"}],"replies":[{"embeddable":true,"href":"https:\/\/react2020.eu\/es\/wp-json\/wp\/v2\/comments?post=23654"}],"version-history":[{"count":0,"href":"https:\/\/react2020.eu\/es\/wp-json\/wp\/v2\/posts\/23654\/revisions"}],"wp:featuredmedia":[{"embeddable":true,"href":"https:\/\/react2020.eu\/es\/wp-json\/wp\/v2\/media\/23655"}],"wp:attachment":[{"href":"https:\/\/react2020.eu\/es\/wp-json\/wp\/v2\/media?parent=23654"}],"wp:term":[{"taxonomy":"category","embeddable":true,"href":"https:\/\/react2020.eu\/es\/wp-json\/wp\/v2\/categories?post=23654"},{"taxonomy":"post_tag","embeddable":true,"href":"https:\/\/react2020.eu\/es\/wp-json\/wp\/v2\/tags?post=23654"}],"curies":[{"name":"wp","href":"https:\/\/api.w.org\/{rel}","templated":true}]}}