{"id":23644,"date":"2020-09-11T21:14:00","date_gmt":"2020-09-11T21:14:00","guid":{"rendered":"https:\/\/react2020.publishing.comet.technology\/2021\/01\/13\/el-video-del-proyecto-react\/"},"modified":"2021-01-15T10:54:30","modified_gmt":"2021-01-15T10:54:30","slug":"el-video-del-proyecto-react","status":"publish","type":"post","link":"https:\/\/react2020.eu\/es\/2020\/09\/11\/el-video-del-proyecto-react\/","title":{"rendered":"El v\u00eddeo del proyecto REACT"},"content":{"rendered":"\n<p>Estamos muy emocionados por compartir este v\u00eddeo de presentaci\u00f3n del proyecto, producido por Comet en colaboraci\u00f3n con brillantes animadores gr\u00e1ficos, y un muy valioso apoyo de Veolia, coordinador del proyecto.<\/p>\n\n\n\n<p>Como sabr\u00e9is, REACT es un proyecto de 4 a\u00f1os que tiene como objetivo lograr la independencia energ\u00e9tica de las islas, uniendo las fuentes de energ\u00eda renovable y los sistemas de almacenamiento con una plataforma de red inteligente de respuesta a la demanda. Tambi\u00e9n est\u00e1 centrado en la promoci\u00f3n de la creaci\u00f3n de comunidades energ\u00e9ticas locales y se est\u00e1 desarrollando un modelo t\u00e9cnico y econ\u00f3mico que demostrar\u00e1 que estas tecnolog\u00edas pueden aportar importantes beneficios econ\u00f3micos, y contribuir a la descarbonizaci\u00f3n de los sistemas energ\u00e9ticos locales, reducir las emisiones de gases de efecto invernadero y mejorar la calidad del aire del medio ambiente. <\/p>\n\n\n\n<p>Juntos, podemos promover el cambio; siempre es un buen d\u00eda para empezar.<\/p>\n\n\n\n<p>\u00a1Gracias por verlo y compartirlo!<\/p>\n\n\n\n<figure class=\"wp-block-embed is-type-video is-provider-youtube wp-block-embed-youtube wp-embed-aspect-16-9 wp-has-aspect-ratio\"><div class=\"wp-block-embed__wrapper\">\n<iframe title=\"REACT Project: Renewables Energies for Island Communities\" width=\"1200\" height=\"675\" src=\"https:\/\/www.youtube.com\/embed\/376Cid-P1F8?feature=oembed\" frameborder=\"0\" allow=\"accelerometer; autoplay; clipboard-write; encrypted-media; gyroscope; picture-in-picture\" allowfullscreen><\/iframe>\n<\/div><\/figure>\n\n\n\n<p><\/p>\n\n\n\n<p><strong><em>Get on board, it\u2019s time to React!<\/em><\/strong><\/p>\n\n\n\n<p>Escrito por: Marina Baggetto <a href=\"https:\/\/comet.technology\/en\/\">COMET<\/a><\/p>\n","protected":false},"excerpt":{"rendered":"<p>Estamos muy emocionados por compartir este v\u00eddeo de presentaci\u00f3n del proyecto, producido por Comet en colaboraci\u00f3n con brillantes animadores gr\u00e1ficos, y un muy valioso apoyo de Veolia, coordinador del proyecto. Como sabr\u00e9is, REACT es un proyecto de 4 a\u00f1os que tiene como objetivo lograr la independencia energ\u00e9tica de las islas, uniendo las fuentes de energ\u00eda &#8230; <a title=\"El v\u00eddeo del proyecto REACT\" class=\"read-more\" href=\"https:\/\/react2020.eu\/es\/2020\/09\/11\/el-video-del-proyecto-react\/\" aria-label=\"Leer m\u00e1s sobre El v\u00eddeo del proyecto REACT\">Leer m\u00e1s<\/a><\/p>\n","protected":false},"author":1,"featured_media":22595,"comment_status":"closed","ping_status":"open","sticky":false,"template":"","format":"standard","meta":{"inline_featured_image":false,"footnotes":""},"categories":[266,8],"tags":[324,325,326,308,327,309,303,328,304,270,310,323,329,317,265,330,331,332],"class_list":["post-23644","post","type-post","status-publish","format-standard","has-post-thumbnail","hentry","category-react-es","category-sin-categorizar","tag-climate-change-es","tag-climate-deal-es","tag-demand-response-es","tag-energy-communities-es","tag-energy-independe-es","tag-energy-savings-es","tag-eu-es","tag-get-on-board-es","tag-h2020-es","tag-horizon-2020-es","tag-ict-platform-es","tag-islands-es","tag-presentation-es","tag-project-es","tag-react-es","tag-renewables-es","tag-smart-grid-platform-es","tag-video-es"],"yoast_head":"<!-- This site is optimized with the Yoast SEO plugin v27.4 - https:\/\/yoast.com\/product\/yoast-seo-wordpress\/ -->\n<title>El v\u00eddeo del proyecto REACT - REACT 2020<\/title>\n<meta name=\"robots\" content=\"index, follow, max-snippet:-1, max-image-preview:large, max-video-preview:-1\" \/>\n<link rel=\"canonical\" href=\"https:\/\/react2020.eu\/es\/2020\/09\/11\/el-video-del-proyecto-react\/\" \/>\n<meta property=\"og:locale\" content=\"es_ES\" \/>\n<meta property=\"og:type\" content=\"article\" \/>\n<meta property=\"og:title\" content=\"El v\u00eddeo del proyecto REACT - REACT 2020\" \/>\n<meta property=\"og:description\" content=\"Estamos muy emocionados por compartir este v\u00eddeo de presentaci\u00f3n del proyecto, producido por Comet en colaboraci\u00f3n con brillantes animadores gr\u00e1ficos, y un muy valioso apoyo de Veolia, coordinador del proyecto. Como sabr\u00e9is, REACT es un proyecto de 4 a\u00f1os que tiene como objetivo lograr la independencia energ\u00e9tica de las islas, uniendo las fuentes de energ\u00eda ... Leer m\u00e1s\" \/>\n<meta property=\"og:url\" content=\"https:\/\/react2020.eu\/es\/2020\/09\/11\/el-video-del-proyecto-react\/\" \/>\n<meta property=\"og:site_name\" content=\"REACT 2020\" \/>\n<meta property=\"article:published_time\" content=\"2020-09-11T21:14:00+00:00\" \/>\n<meta property=\"article:modified_time\" content=\"2021-01-15T10:54:30+00:00\" \/>\n<meta property=\"og:image\" content=\"https:\/\/react2020.eu\/wp-content\/uploads\/sites\/5\/2020\/09\/Screenshot-2020-09-09-at-17.09.01.png\" \/>\n\t<meta property=\"og:image:width\" content=\"2164\" \/>\n\t<meta property=\"og:image:height\" content=\"1462\" \/>\n\t<meta property=\"og:image:type\" content=\"image\/png\" \/>\n<meta name=\"author\" content=\"AdminCometPublishing\" \/>\n<meta name=\"twitter:card\" content=\"summary_large_image\" \/>\n<meta name=\"twitter:label1\" content=\"Escrito por\" \/>\n\t<meta name=\"twitter:data1\" content=\"AdminCometPublishing\" \/>\n\t<meta name=\"twitter:label2\" content=\"Tiempo de lectura\" \/>\n\t<meta name=\"twitter:data2\" content=\"1 minuto\" \/>\n<script type=\"application\/ld+json\" class=\"yoast-schema-graph\">{\"@context\":\"https:\\\/\\\/schema.org\",\"@graph\":[{\"@type\":\"Article\",\"@id\":\"https:\\\/\\\/react2020.eu\\\/es\\\/2020\\\/09\\\/11\\\/el-video-del-proyecto-react\\\/#article\",\"isPartOf\":{\"@id\":\"https:\\\/\\\/react2020.eu\\\/es\\\/2020\\\/09\\\/11\\\/el-video-del-proyecto-react\\\/\"},\"author\":{\"name\":\"AdminCometPublishing\",\"@id\":\"https:\\\/\\\/react2020.eu\\\/#\\\/schema\\\/person\\\/e7d9c78a25d3d519f2588384a3fbea90\"},\"headline\":\"El v\u00eddeo del proyecto REACT\",\"datePublished\":\"2020-09-11T21:14:00+00:00\",\"dateModified\":\"2021-01-15T10:54:30+00:00\",\"mainEntityOfPage\":{\"@id\":\"https:\\\/\\\/react2020.eu\\\/es\\\/2020\\\/09\\\/11\\\/el-video-del-proyecto-react\\\/\"},\"wordCount\":193,\"publisher\":{\"@id\":\"https:\\\/\\\/react2020.eu\\\/#organization\"},\"image\":{\"@id\":\"https:\\\/\\\/react2020.eu\\\/es\\\/2020\\\/09\\\/11\\\/el-video-del-proyecto-react\\\/#primaryimage\"},\"thumbnailUrl\":\"https:\\\/\\\/react2020.eu\\\/wp-content\\\/uploads\\\/sites\\\/5\\\/2020\\\/09\\\/Screenshot-2020-09-09-at-17.09.01.png\",\"keywords\":[\"climate change\",\"climate deal\",\"demand response\",\"energy communities\",\"energy independe\",\"Energy savings\",\"EU\",\"get on board\",\"H2020\",\"horizon 2020\",\"ICT platform\",\"Islands\",\"presentation\",\"project\",\"REACT\",\"renewables\",\"smart grid platform\",\"video\"],\"articleSection\":[\"REACT\",\"Sin categorizar\"],\"inLanguage\":\"es\"},{\"@type\":\"WebPage\",\"@id\":\"https:\\\/\\\/react2020.eu\\\/es\\\/2020\\\/09\\\/11\\\/el-video-del-proyecto-react\\\/\",\"url\":\"https:\\\/\\\/react2020.eu\\\/es\\\/2020\\\/09\\\/11\\\/el-video-del-proyecto-react\\\/\",\"name\":\"El v\u00eddeo del proyecto REACT - REACT 2020\",\"isPartOf\":{\"@id\":\"https:\\\/\\\/react2020.eu\\\/#website\"},\"primaryImageOfPage\":{\"@id\":\"https:\\\/\\\/react2020.eu\\\/es\\\/2020\\\/09\\\/11\\\/el-video-del-proyecto-react\\\/#primaryimage\"},\"image\":{\"@id\":\"https:\\\/\\\/react2020.eu\\\/es\\\/2020\\\/09\\\/11\\\/el-video-del-proyecto-react\\\/#primaryimage\"},\"thumbnailUrl\":\"https:\\\/\\\/react2020.eu\\\/wp-content\\\/uploads\\\/sites\\\/5\\\/2020\\\/09\\\/Screenshot-2020-09-09-at-17.09.01.png\",\"datePublished\":\"2020-09-11T21:14:00+00:00\",\"dateModified\":\"2021-01-15T10:54:30+00:00\",\"breadcrumb\":{\"@id\":\"https:\\\/\\\/react2020.eu\\\/es\\\/2020\\\/09\\\/11\\\/el-video-del-proyecto-react\\\/#breadcrumb\"},\"inLanguage\":\"es\",\"potentialAction\":[{\"@type\":\"ReadAction\",\"target\":[\"https:\\\/\\\/react2020.eu\\\/es\\\/2020\\\/09\\\/11\\\/el-video-del-proyecto-react\\\/\"]}]},{\"@type\":\"ImageObject\",\"inLanguage\":\"es\",\"@id\":\"https:\\\/\\\/react2020.eu\\\/es\\\/2020\\\/09\\\/11\\\/el-video-del-proyecto-react\\\/#primaryimage\",\"url\":\"https:\\\/\\\/react2020.eu\\\/wp-content\\\/uploads\\\/sites\\\/5\\\/2020\\\/09\\\/Screenshot-2020-09-09-at-17.09.01.png\",\"contentUrl\":\"https:\\\/\\\/react2020.eu\\\/wp-content\\\/uploads\\\/sites\\\/5\\\/2020\\\/09\\\/Screenshot-2020-09-09-at-17.09.01.png\",\"width\":2164,\"height\":1462},{\"@type\":\"BreadcrumbList\",\"@id\":\"https:\\\/\\\/react2020.eu\\\/es\\\/2020\\\/09\\\/11\\\/el-video-del-proyecto-react\\\/#breadcrumb\",\"itemListElement\":[{\"@type\":\"ListItem\",\"position\":1,\"name\":\"Portada\",\"item\":\"https:\\\/\\\/react2020.eu\\\/\"},{\"@type\":\"ListItem\",\"position\":2,\"name\":\"El v\u00eddeo del proyecto REACT\"}]},{\"@type\":\"WebSite\",\"@id\":\"https:\\\/\\\/react2020.eu\\\/#website\",\"url\":\"https:\\\/\\\/react2020.eu\\\/\",\"name\":\"REACT 2020\",\"description\":\"REACT 2020 \u2013 Renewable Energy for Self-Sustainable Island Communties\",\"publisher\":{\"@id\":\"https:\\\/\\\/react2020.eu\\\/#organization\"},\"potentialAction\":[{\"@type\":\"SearchAction\",\"target\":{\"@type\":\"EntryPoint\",\"urlTemplate\":\"https:\\\/\\\/react2020.eu\\\/?s={search_term_string}\"},\"query-input\":{\"@type\":\"PropertyValueSpecification\",\"valueRequired\":true,\"valueName\":\"search_term_string\"}}],\"inLanguage\":\"es\"},{\"@type\":\"Organization\",\"@id\":\"https:\\\/\\\/react2020.eu\\\/#organization\",\"name\":\"REACT 2020\",\"url\":\"https:\\\/\\\/react2020.eu\\\/\",\"logo\":{\"@type\":\"ImageObject\",\"inLanguage\":\"es\",\"@id\":\"https:\\\/\\\/react2020.eu\\\/#\\\/schema\\\/logo\\\/image\\\/\",\"url\":\"https:\\\/\\\/react2020.eu\\\/wp-content\\\/uploads\\\/sites\\\/5\\\/2019\\\/07\\\/1.-REACT_Logo-horizontal_Color_RGB_2.png\",\"contentUrl\":\"https:\\\/\\\/react2020.eu\\\/wp-content\\\/uploads\\\/sites\\\/5\\\/2019\\\/07\\\/1.-REACT_Logo-horizontal_Color_RGB_2.png\",\"width\":1643,\"height\":419,\"caption\":\"REACT 2020\"},\"image\":{\"@id\":\"https:\\\/\\\/react2020.eu\\\/#\\\/schema\\\/logo\\\/image\\\/\"}},{\"@type\":\"Person\",\"@id\":\"https:\\\/\\\/react2020.eu\\\/#\\\/schema\\\/person\\\/e7d9c78a25d3d519f2588384a3fbea90\",\"name\":\"AdminCometPublishing\",\"image\":{\"@type\":\"ImageObject\",\"inLanguage\":\"es\",\"@id\":\"https:\\\/\\\/secure.gravatar.com\\\/avatar\\\/6ce858727fb26acaa2181992800c32363ecd1b00a21522a41880ad1b33a8ef96?s=96&d=mm&r=g\",\"url\":\"https:\\\/\\\/secure.gravatar.com\\\/avatar\\\/6ce858727fb26acaa2181992800c32363ecd1b00a21522a41880ad1b33a8ef96?s=96&d=mm&r=g\",\"contentUrl\":\"https:\\\/\\\/secure.gravatar.com\\\/avatar\\\/6ce858727fb26acaa2181992800c32363ecd1b00a21522a41880ad1b33a8ef96?s=96&d=mm&r=g\",\"caption\":\"AdminCometPublishing\"},\"sameAs\":[\"https:\\\/\\\/publishing.comet.technology\"],\"url\":\"https:\\\/\\\/react2020.eu\\\/es\\\/author\\\/admincometpublishing\\\/\"}]}<\/script>\n<!-- \/ Yoast SEO plugin. -->","yoast_head_json":{"title":"El v\u00eddeo del proyecto REACT - REACT 2020","robots":{"index":"index","follow":"follow","max-snippet":"max-snippet:-1","max-image-preview":"max-image-preview:large","max-video-preview":"max-video-preview:-1"},"canonical":"https:\/\/react2020.eu\/es\/2020\/09\/11\/el-video-del-proyecto-react\/","og_locale":"es_ES","og_type":"article","og_title":"El v\u00eddeo del proyecto REACT - REACT 2020","og_description":"Estamos muy emocionados por compartir este v\u00eddeo de presentaci\u00f3n del proyecto, producido por Comet en colaboraci\u00f3n con brillantes animadores gr\u00e1ficos, y un muy valioso apoyo de Veolia, coordinador del proyecto. Como sabr\u00e9is, REACT es un proyecto de 4 a\u00f1os que tiene como objetivo lograr la independencia energ\u00e9tica de las islas, uniendo las fuentes de energ\u00eda ... Leer m\u00e1s","og_url":"https:\/\/react2020.eu\/es\/2020\/09\/11\/el-video-del-proyecto-react\/","og_site_name":"REACT 2020","article_published_time":"2020-09-11T21:14:00+00:00","article_modified_time":"2021-01-15T10:54:30+00:00","og_image":[{"width":2164,"height":1462,"url":"https:\/\/react2020.eu\/wp-content\/uploads\/sites\/5\/2020\/09\/Screenshot-2020-09-09-at-17.09.01.png","type":"image\/png"}],"author":"AdminCometPublishing","twitter_card":"summary_large_image","twitter_misc":{"Escrito por":"AdminCometPublishing","Tiempo de lectura":"1 minuto"},"schema":{"@context":"https:\/\/schema.org","@graph":[{"@type":"Article","@id":"https:\/\/react2020.eu\/es\/2020\/09\/11\/el-video-del-proyecto-react\/#article","isPartOf":{"@id":"https:\/\/react2020.eu\/es\/2020\/09\/11\/el-video-del-proyecto-react\/"},"author":{"name":"AdminCometPublishing","@id":"https:\/\/react2020.eu\/#\/schema\/person\/e7d9c78a25d3d519f2588384a3fbea90"},"headline":"El v\u00eddeo del proyecto REACT","datePublished":"2020-09-11T21:14:00+00:00","dateModified":"2021-01-15T10:54:30+00:00","mainEntityOfPage":{"@id":"https:\/\/react2020.eu\/es\/2020\/09\/11\/el-video-del-proyecto-react\/"},"wordCount":193,"publisher":{"@id":"https:\/\/react2020.eu\/#organization"},"image":{"@id":"https:\/\/react2020.eu\/es\/2020\/09\/11\/el-video-del-proyecto-react\/#primaryimage"},"thumbnailUrl":"https:\/\/react2020.eu\/wp-content\/uploads\/sites\/5\/2020\/09\/Screenshot-2020-09-09-at-17.09.01.png","keywords":["climate change","climate deal","demand response","energy communities","energy independe","Energy savings","EU","get on board","H2020","horizon 2020","ICT platform","Islands","presentation","project","REACT","renewables","smart grid platform","video"],"articleSection":["REACT","Sin categorizar"],"inLanguage":"es"},{"@type":"WebPage","@id":"https:\/\/react2020.eu\/es\/2020\/09\/11\/el-video-del-proyecto-react\/","url":"https:\/\/react2020.eu\/es\/2020\/09\/11\/el-video-del-proyecto-react\/","name":"El v\u00eddeo del proyecto REACT - REACT 2020","isPartOf":{"@id":"https:\/\/react2020.eu\/#website"},"primaryImageOfPage":{"@id":"https:\/\/react2020.eu\/es\/2020\/09\/11\/el-video-del-proyecto-react\/#primaryimage"},"image":{"@id":"https:\/\/react2020.eu\/es\/2020\/09\/11\/el-video-del-proyecto-react\/#primaryimage"},"thumbnailUrl":"https:\/\/react2020.eu\/wp-content\/uploads\/sites\/5\/2020\/09\/Screenshot-2020-09-09-at-17.09.01.png","datePublished":"2020-09-11T21:14:00+00:00","dateModified":"2021-01-15T10:54:30+00:00","breadcrumb":{"@id":"https:\/\/react2020.eu\/es\/2020\/09\/11\/el-video-del-proyecto-react\/#breadcrumb"},"inLanguage":"es","potentialAction":[{"@type":"ReadAction","target":["https:\/\/react2020.eu\/es\/2020\/09\/11\/el-video-del-proyecto-react\/"]}]},{"@type":"ImageObject","inLanguage":"es","@id":"https:\/\/react2020.eu\/es\/2020\/09\/11\/el-video-del-proyecto-react\/#primaryimage","url":"https:\/\/react2020.eu\/wp-content\/uploads\/sites\/5\/2020\/09\/Screenshot-2020-09-09-at-17.09.01.png","contentUrl":"https:\/\/react2020.eu\/wp-content\/uploads\/sites\/5\/2020\/09\/Screenshot-2020-09-09-at-17.09.01.png","width":2164,"height":1462},{"@type":"BreadcrumbList","@id":"https:\/\/react2020.eu\/es\/2020\/09\/11\/el-video-del-proyecto-react\/#breadcrumb","itemListElement":[{"@type":"ListItem","position":1,"name":"Portada","item":"https:\/\/react2020.eu\/"},{"@type":"ListItem","position":2,"name":"El v\u00eddeo del proyecto REACT"}]},{"@type":"WebSite","@id":"https:\/\/react2020.eu\/#website","url":"https:\/\/react2020.eu\/","name":"REACT 2020","description":"REACT 2020 \u2013 Renewable Energy for Self-Sustainable Island Communties","publisher":{"@id":"https:\/\/react2020.eu\/#organization"},"potentialAction":[{"@type":"SearchAction","target":{"@type":"EntryPoint","urlTemplate":"https:\/\/react2020.eu\/?s={search_term_string}"},"query-input":{"@type":"PropertyValueSpecification","valueRequired":true,"valueName":"search_term_string"}}],"inLanguage":"es"},{"@type":"Organization","@id":"https:\/\/react2020.eu\/#organization","name":"REACT 2020","url":"https:\/\/react2020.eu\/","logo":{"@type":"ImageObject","inLanguage":"es","@id":"https:\/\/react2020.eu\/#\/schema\/logo\/image\/","url":"https:\/\/react2020.eu\/wp-content\/uploads\/sites\/5\/2019\/07\/1.-REACT_Logo-horizontal_Color_RGB_2.png","contentUrl":"https:\/\/react2020.eu\/wp-content\/uploads\/sites\/5\/2019\/07\/1.-REACT_Logo-horizontal_Color_RGB_2.png","width":1643,"height":419,"caption":"REACT 2020"},"image":{"@id":"https:\/\/react2020.eu\/#\/schema\/logo\/image\/"}},{"@type":"Person","@id":"https:\/\/react2020.eu\/#\/schema\/person\/e7d9c78a25d3d519f2588384a3fbea90","name":"AdminCometPublishing","image":{"@type":"ImageObject","inLanguage":"es","@id":"https:\/\/secure.gravatar.com\/avatar\/6ce858727fb26acaa2181992800c32363ecd1b00a21522a41880ad1b33a8ef96?s=96&d=mm&r=g","url":"https:\/\/secure.gravatar.com\/avatar\/6ce858727fb26acaa2181992800c32363ecd1b00a21522a41880ad1b33a8ef96?s=96&d=mm&r=g","contentUrl":"https:\/\/secure.gravatar.com\/avatar\/6ce858727fb26acaa2181992800c32363ecd1b00a21522a41880ad1b33a8ef96?s=96&d=mm&r=g","caption":"AdminCometPublishing"},"sameAs":["https:\/\/publishing.comet.technology"],"url":"https:\/\/react2020.eu\/es\/author\/admincometpublishing\/"}]}},"_links":{"self":[{"href":"https:\/\/react2020.eu\/es\/wp-json\/wp\/v2\/posts\/23644","targetHints":{"allow":["GET"]}}],"collection":[{"href":"https:\/\/react2020.eu\/es\/wp-json\/wp\/v2\/posts"}],"about":[{"href":"https:\/\/react2020.eu\/es\/wp-json\/wp\/v2\/types\/post"}],"author":[{"embeddable":true,"href":"https:\/\/react2020.eu\/es\/wp-json\/wp\/v2\/users\/1"}],"replies":[{"embeddable":true,"href":"https:\/\/react2020.eu\/es\/wp-json\/wp\/v2\/comments?post=23644"}],"version-history":[{"count":0,"href":"https:\/\/react2020.eu\/es\/wp-json\/wp\/v2\/posts\/23644\/revisions"}],"wp:featuredmedia":[{"embeddable":true,"href":"https:\/\/react2020.eu\/es\/wp-json\/wp\/v2\/media\/22595"}],"wp:attachment":[{"href":"https:\/\/react2020.eu\/es\/wp-json\/wp\/v2\/media?parent=23644"}],"wp:term":[{"taxonomy":"category","embeddable":true,"href":"https:\/\/react2020.eu\/es\/wp-json\/wp\/v2\/categories?post=23644"},{"taxonomy":"post_tag","embeddable":true,"href":"https:\/\/react2020.eu\/es\/wp-json\/wp\/v2\/tags?post=23644"}],"curies":[{"name":"wp","href":"https:\/\/api.w.org\/{rel}","templated":true}]}}